{"id":304031,"date":"2025-08-08T01:42:23","date_gmt":"2025-08-08T01:42:23","guid":{"rendered":"https:\/\/www.europesays.com\/fr\/304031\/"},"modified":"2025-08-08T01:42:23","modified_gmt":"2025-08-08T01:42:23","slug":"le-discret-hommage-de-charles-iii-a-sa-mere-elisabeth-ii","status":"publish","type":"post","link":"https:\/\/www.europesays.com\/fr\/304031\/","title":{"rendered":"Le discret hommage de Charles III \u00e0 sa m\u00e8re \u00c9lisabeth II"},"content":{"rendered":"<p><a target=\"_blank\" href=\"https:\/\/www.pointdevue.fr\/grand-angle\/biographies\/charles-iii\" rel=\"nofollow noopener\">Charles III<\/a> a toujours eu une tendance \u00e0 la nostalgie. Dans son discours aux troupes, ce 6 ao\u00fbt 2025, le roi sentimental souligne combien cette visite sur la base de Lossiemouth, dans le nord de l&rsquo;\u00c9cosse, agit sur lui comme <strong>une machine \u00e0 remonter le temps et les vieux souvenirs<\/strong>. \u00ab\u00a0Une base a\u00e9rienne au bout de la piste de laquelle se trouve <strong>mon ancienne \u00e9cole, <\/strong><a target=\"_blank\" href=\"https:\/\/www.pointdevue.fr\/royal\/royaume-uni\/qui-etait-kurt-hahn-le-fondateur-de-gordonstoun-et-maitre-a-penser-du-prince-philip\" rel=\"nofollow noopener\"><strong>Gordonstoun<\/strong><\/a> ! Dans les ann\u00e9es 1960, c&rsquo;\u00e9tait le Buccaneer de la Royal Navy qui d\u00e9collait et atterrissait au-dessus de nos t\u00eates, et en tant que membres du Corps des cadets nous \u00e9tions r\u00e9guli\u00e8rement entra\u00een\u00e9s par le personnel de la base.\u00a0\u00bb<\/p>\n<p>Un chiffre vaut mille mots<\/p>\n<p>Tandis qu\u2019il s\u2019exprime \u00e0 la tribune, un autre \u00e9l\u00e9ment hautement sentimental attire l\u2019attention sur l\u2019\u00e9paule du roi. Contrairement au changement op\u00e9r\u00e9 sur tous les uniformes des diff\u00e9rents corps de l&rsquo;arm\u00e9e, r\u00e9actualis\u00e9s ces derni\u00e8res ann\u00e9es, les insignes de ses grands uniformes de c\u00e9r\u00e9monie \u2013 ici celui de la Royal Air Force \u2013 n\u2019affichent <strong>pas son chiffre, \u00ab\u00a0CRIII\u00a0\u00bb, en lettres dor\u00e9es, mais encore celui de sa ch\u00e8re m\u00e8re <\/strong><a target=\"_blank\" href=\"https:\/\/www.pointdevue.fr\/grand-angle\/biographies\/elisabeth-ii\" rel=\"nofollow noopener\"><strong>\u00c9lisabeth II<\/strong><\/a><strong> : \u00ab\u00a0ERII\u00a0\u00bb<\/strong>. Un d\u00e9tail qui pour le souverain n\u2019en est pas un&#8230; Un discret et \u00e9mouvant hommage.<\/p>\n<p><img decoding=\"async\" src=\"https:\/\/www.europesays.com\/fr\/wp-content\/uploads\/2025\/08\/SIPA_shutterstock41306100_000029kQirMJtnoC.jpg\" alt=\"Sur l'uniforme de Charles III, le chiffre de sa m\u00e8re.\"\/><strong>Charles III a demand\u00e9 \u00e0 garder sur ses uniformes le chiffre de sa m\u00e8re.<\/strong> \u00a9 Jane Barlow\/WPA Pool\/Shutterstock\/SIPA<\/p>\n<p>Au cours de sa visite, Sa Majest\u00e9 proc\u00e8de \u00e0 la traditionnelle inspection des troupes et visite un avion P-8A Poseidon, un engin de patrouille maritime polyvalent, \u00e9quip\u00e9 de syst\u00e8mes d&rsquo;armes pour la lutte anti-sous-marine permettant aussi des missions de surveillance, de recherche ou de sauvetage. Puis le roi assiste \u00e0 la <strong>parade du 42e escadron de bombardiers-torpilleurs<\/strong>, avant de lui remettre son nouvel \u00e9tendard.<\/p>\n<p><img decoding=\"async\" src=\"https:\/\/www.europesays.com\/fr\/wp-content\/uploads\/2025\/08\/ABACA_959793_033fbjI3mGfEt.jpg\" alt=\"Charles III \u00e0 la c\u00e9r\u00e9monie de remise de l'\u00e9tendard du 42e escadron de bombardiers torpilleurs.\"\/><strong>C\u00e9r\u00e9monie de remise de l&rsquo;\u00e9tendard du 42e escadron de bombardiers torpilleurs.<\/strong> \u00a9 Jane Barlow\/PA Wire\/ABACA\u00a0\u00bbUn engagement commun en faveur de la paix\u00a0\u00bb<\/p>\n<p>La base de Lossiemouth est l&rsquo;une des deux bases d&rsquo;alerte rapide qui prot\u00e8gent l&rsquo;espace a\u00e9rien britannique, un enjeu capital. \u00ab\u00a0En offrant \u00e0 nos alli\u00e9s une formation de pointe, vous contribuez \u00e0 <strong>un engagement commun en faveur de la paix, de la s\u00e9curit\u00e9 et de la coop\u00e9ration \u00e0 travers le monde<\/strong>\u00a0\u00bb insiste le monarque.\u00a0<\/p>\n<p>Puis il prend le temps de discuter avec les militaires et leurs familles, louant \u00ab\u00a0leur ind\u00e9fectible soutien aux soldats, fondement sur lequel repose le succ\u00e8s de cet escadron. Ce sont leurs encouragements et leur compr\u00e9hension qui vous permettent \u00e0 tous de vous consacrer pleinement \u00e0 vos devoirs. <strong>Au nom de la nation, je ne peux qu&rsquo;offrir \u00e0 toutes les familles mes plus sinc\u00e8res remerciements<\/strong> pour les sacrifices que vous faites et la force que vous leur donnez.\u00a0\u00bb<\/p>\n<p><img decoding=\"async\" src=\"https:\/\/www.europesays.com\/fr\/wp-content\/uploads\/2025\/08\/ABACA_BRPAPhotos20250806_203bzhTLEZtwQ.jpg\" alt=\"Charles III rencontre les famille des soldats qui vivent sur la base a\u00e9rienne.\"\/><strong>Charles III rencontre les famille des soldats qui vivent sur la base a\u00e9rienne.<\/strong> \u00a9 Jane Barlow\/PA Wire\/Abaca<\/p>\n<p>La seule personne \u00e0 ne pas avoir \u00e9t\u00e9 conquise par la visite du roi ce jour-l\u00e0 est <strong>un b\u00e9b\u00e9 de quelques mois<\/strong>, l\u2019un des enfants qui pourra un jour b\u00e9n\u00e9ficier du programme \u00ab\u00a0Airplay Youth\u00a0\u00bb venant en aide aux familles qui vivent sur ou \u00e0 proximit\u00e9 de la base. Le souvenir d&rsquo;une rencontre royale qui devrait, malgr\u00e9 les larmes, finir pour ce petit bonhomme dans l&rsquo;album de famille.<\/p>\n<p>Lire aussi &gt;&gt; <a target=\"_blank\" href=\"https:\/\/www.pointdevue.fr\/royal\/royaume-uni\/charles-iii-et-le-prince-harry-lespoir-dune-treve\" rel=\"nofollow noopener\">Charles III et le prince Harry, l\u2019espoir d\u2019une tr\u00eave<\/a><\/p>\n","protected":false},"excerpt":{"rendered":"Charles III a toujours eu une tendance \u00e0 la nostalgie. Dans son discours aux troupes, ce 6 ao\u00fbt&hellip;\n","protected":false},"author":2,"featured_media":304032,"comment_status":"","ping_status":"","sticky":false,"template":"","format":"standard","meta":{"footnotes":""},"categories":[1588],"tags":[11,1777,674,12,473,1853,1851,1850,1852],"class_list":{"0":"post-304031","1":"post","2":"type-post","3":"status-publish","4":"format-standard","5":"has-post-thumbnail","7":"category-royaume-uni","8":"tag-actualites","9":"tag-eu","10":"tag-europe","11":"tag-news","12":"tag-royaume-uni","13":"tag-royaume-uni-de-grande-bretagne-et-dirlande-du-nord","14":"tag-uk","15":"tag-united-kingdom","16":"tag-united-kingdom-of-great-britain-and-northern-ireland"},"share_on_mastodon":{"url":"https:\/\/pubeurope.com\/@fr\/114990608870075323","error":""},"_links":{"self":[{"href":"https:\/\/www.europesays.com\/fr\/wp-json\/wp\/v2\/posts\/304031","targetHints":{"allow":["GET"]}}],"collection":[{"href":"https:\/\/www.europesays.com\/fr\/wp-json\/wp\/v2\/posts"}],"about":[{"href":"https:\/\/www.europesays.com\/fr\/wp-json\/wp\/v2\/types\/post"}],"author":[{"embeddable":true,"href":"https:\/\/www.europesays.com\/fr\/wp-json\/wp\/v2\/users\/2"}],"replies":[{"embeddable":true,"href":"https:\/\/www.europesays.com\/fr\/wp-json\/wp\/v2\/comments?post=304031"}],"version-history":[{"count":0,"href":"https:\/\/www.europesays.com\/fr\/wp-json\/wp\/v2\/posts\/304031\/revisions"}],"wp:featuredmedia":[{"embeddable":true,"href":"https:\/\/www.europesays.com\/fr\/wp-json\/wp\/v2\/media\/304032"}],"wp:attachment":[{"href":"https:\/\/www.europesays.com\/fr\/wp-json\/wp\/v2\/media?parent=304031"}],"wp:term":[{"taxonomy":"category","embeddable":true,"href":"https:\/\/www.europesays.com\/fr\/wp-json\/wp\/v2\/categories?post=304031"},{"taxonomy":"post_tag","embeddable":true,"href":"https:\/\/www.europesays.com\/fr\/wp-json\/wp\/v2\/tags?post=304031"}],"curies":[{"name":"wp","href":"https:\/\/api.w.org\/{rel}","templated":true}]}}