{"id":304049,"date":"2025-08-08T01:54:33","date_gmt":"2025-08-08T01:54:33","guid":{"rendered":"https:\/\/www.europesays.com\/fr\/304049\/"},"modified":"2025-08-08T01:54:33","modified_gmt":"2025-08-08T01:54:33","slug":"le-motogp-devoile-un-nouveau-logo","status":"publish","type":"post","link":"https:\/\/www.europesays.com\/fr\/304049\/","title":{"rendered":"Le MotoGP d\u00e9voile un nouveau logo"},"content":{"rendered":"<p>Le MotoGP a d\u00e9voil\u00e9 un tout nouveau logo qui est au c\u0153ur du renouvellement de sa marque pour 2025 et \u00e0 l&rsquo;avenir.<\/p>\n<p>Le c\u00e9l\u00e8bre logo du drapeau \u00e0 damier, introduit pour la premi\u00e8re fois en 2002 et modifi\u00e9 en 2007, a \u00e9t\u00e9 abandonn\u00e9 au profit d&rsquo;un design plus minimaliste par le promoteur de la s\u00e9rie, Dorna.<\/p>\n<p>D\u00e9voil\u00e9 au Mus\u00e9e national d&rsquo;Art de Catalogne, \u00e0 Barcelone, \u00e0 l&rsquo;issue de la finale de dimanche apr\u00e8s-midi, au cours de laquelle Jorge Martin a \u00e9t\u00e9 couronn\u00e9 champion de la cat\u00e9gorie reine, ce nouveau logo a \u00e9t\u00e9 con\u00e7u par Pentagram, le plus grand studio de design ind\u00e9pendant au monde.<\/p>\n<p><a href=\"https:\/\/fr.motor1.com\/news\/733483\/hamilton-souhaite-equipe-motogp-f1\/\" data-inline-widget=\"internal-links\" data-type-id=\"0\" data-params=\"%7B%22article_edition_id%22%3A%22733483%22%2C%22section%22%3A%221%22%2C%22alias%22%3A%22hamilton-souhaite-equipe-motogp-f1%22%7D\" rel=\"nofollow noopener\" target=\"_blank\">MotoGP<\/a> a d\u00e9clar\u00e9 que le \u00ab M \u00bb du nouveau logo s&rsquo;inspire de deux motos circulant l&rsquo;une pr\u00e8s de l&rsquo;autre sur une piste avec un fort angle d&rsquo;inclinaison. Les \u00ab O \u00bb sugg\u00e8rent la g\u00e9om\u00e9trie des roues, tandis que le \u00ab t \u00bb repr\u00e9sente le pilote sur la moto. La partie \u00ab GP \u00bb du logo est cens\u00e9e \u00e9voquer le trac\u00e9 d&rsquo;un circuit de course.<\/p>\n<p>Le nouveau logo fait partie d&rsquo;une refonte plus large qui comprend les illustrations, le mouvement, la typographie, l&rsquo;identit\u00e9 visuelle et l&rsquo;identit\u00e9 verbale.<\/p>\n<p>Les logos de la Moto2 et de la Moto3 ont \u00e9galement \u00e9t\u00e9 revus et suivent le m\u00eame langage graphique que celui de la MotoGP.<\/p>\n<blockquote>\n<p>\u00ab Nous sommes tr\u00e8s heureux de r\u00e9v\u00e9ler notre nouvelle identit\u00e9 et d&rsquo;inviter les fans du monde entier \u00e0 rencontrer le nouveau MotoGP \u00bb, a d\u00e9clar\u00e9 Carmelo Ezpeleta, PDG de Dorna, le promoteur du MotoGP.<\/p>\n<\/blockquote>\n<p>        <img decoding=\"async\" src=\"https:\/\/www.europesays.com\/fr\/wp-content\/uploads\/2025\/04\/16x9-tr.png\" alt=\"MotoGP Sprint, Moto2 and Moto3 logos\" width=\"16\" height=\"9\" loading=\"lazy\"\/><\/p>\n<p>Logos : MotoGP Sprint, Moto2 et Moto3<\/p>\n<p>\u00ab Travailler avec Pentagram a \u00e9t\u00e9 une aventure incroyable qui a abouti \u00e0 un r\u00e9sultat qui, nous l&rsquo;esp\u00e9rons, plaira \u00e0 nos fans \u00bb.<\/p>\n<p>\u00ab Une marque est plus qu&rsquo;un logo, et le MotoGP est plus qu&rsquo;un sport. Le processus nous a beaucoup appris sur ces deux aspects et nous sommes tr\u00e8s fiers de montrer les r\u00e9sultats au monde entier \u00bb.<\/p>\n<blockquote>\n<p>La question cl\u00e9 a toujours \u00e9t\u00e9 \u00ab Qu&rsquo;est-ce que le MotoGP ? \u00bb, \u00e0 la fois aujourd&rsquo;hui et dans l&rsquo;avenir, et nous esp\u00e9rons que cette nouvelle identit\u00e9 en communique tous les aspects, de la vitesse \u00e0 la passion, et tout ce qui se trouve entre les deux. C&rsquo;est \u00e7a le MotoGP \u00bb.<\/p>\n<\/blockquote>\n<p>Le rafra\u00eechissement de la marque MotoGP intervient au moment o\u00f9 <a href=\"https:\/\/fr.motor1.com\/news\/714753\/liberty-media-devient-proprietaire-motogp\/\" data-inline-widget=\"internal-links\" data-type-id=\"0\" data-params=\"%7B%22article_edition_id%22%3A%22714753%22%2C%22section%22%3A%221%22%2C%22alias%22%3A%22liberty-media-devient-proprietaire-motogp%22%7D\" rel=\"nofollow noopener\" target=\"_blank\">Liberty Media<\/a> se rapproche de l&rsquo;acquisition de Dorna, le g\u00e9ant am\u00e9ricain devant recevoir toutes les approbations r\u00e9glementaires d&rsquo;ici la fin de l&rsquo;ann\u00e9e.<\/p>\n<p>La Formule 1, \u00e9galement d\u00e9tenue par Liberty, s&rsquo;est \u00e9galement dot\u00e9e d&rsquo;un nouveau logo et d&rsquo;une nouvelle identit\u00e9 de marque en 2017.<\/p>\n<p>        <img decoding=\"async\" src=\"https:\/\/www.europesays.com\/fr\/wp-content\/uploads\/2025\/04\/16x9-tr.png\" alt=\"MotoGP logo\" width=\"16\" height=\"9\" loading=\"lazy\"\/><\/p>\n","protected":false},"excerpt":{"rendered":"Le MotoGP a d\u00e9voil\u00e9 un tout nouveau logo qui est au c\u0153ur du renouvellement de sa marque pour&hellip;\n","protected":false},"author":2,"featured_media":304050,"comment_status":"","ping_status":"","sticky":false,"template":"","format":"standard","meta":{"footnotes":""},"categories":[1413],"tags":[1011,27,1457,1456,35605,60],"class_list":{"0":"post-304049","1":"post","2":"type-post","3":"status-publish","4":"format-standard","5":"has-post-thumbnail","7":"category-moto","8":"tag-fr","9":"tag-france","10":"tag-moto","11":"tag-motocycle","12":"tag-motorsport","13":"tag-sports"},"share_on_mastodon":{"url":"https:\/\/pubeurope.com\/@fr\/114990656164415640","error":""},"_links":{"self":[{"href":"https:\/\/www.europesays.com\/fr\/wp-json\/wp\/v2\/posts\/304049","targetHints":{"allow":["GET"]}}],"collection":[{"href":"https:\/\/www.europesays.com\/fr\/wp-json\/wp\/v2\/posts"}],"about":[{"href":"https:\/\/www.europesays.com\/fr\/wp-json\/wp\/v2\/types\/post"}],"author":[{"embeddable":true,"href":"https:\/\/www.europesays.com\/fr\/wp-json\/wp\/v2\/users\/2"}],"replies":[{"embeddable":true,"href":"https:\/\/www.europesays.com\/fr\/wp-json\/wp\/v2\/comments?post=304049"}],"version-history":[{"count":0,"href":"https:\/\/www.europesays.com\/fr\/wp-json\/wp\/v2\/posts\/304049\/revisions"}],"wp:featuredmedia":[{"embeddable":true,"href":"https:\/\/www.europesays.com\/fr\/wp-json\/wp\/v2\/media\/304050"}],"wp:attachment":[{"href":"https:\/\/www.europesays.com\/fr\/wp-json\/wp\/v2\/media?parent=304049"}],"wp:term":[{"taxonomy":"category","embeddable":true,"href":"https:\/\/www.europesays.com\/fr\/wp-json\/wp\/v2\/categories?post=304049"},{"taxonomy":"post_tag","embeddable":true,"href":"https:\/\/www.europesays.com\/fr\/wp-json\/wp\/v2\/tags?post=304049"}],"curies":[{"name":"wp","href":"https:\/\/api.w.org\/{rel}","templated":true}]}}