{"id":304057,"date":"2025-08-08T01:58:09","date_gmt":"2025-08-08T01:58:09","guid":{"rendered":"https:\/\/www.europesays.com\/fr\/304057\/"},"modified":"2025-08-08T01:58:09","modified_gmt":"2025-08-08T01:58:09","slug":"exclu-laeticia-hallyday-nouveau-pari-immobilier-apres-la-vente-de-marnes-la-coquette-elle-a-change-davis","status":"publish","type":"post","link":"https:\/\/www.europesays.com\/fr\/304057\/","title":{"rendered":"EXCLU. Laeticia Hallyday : nouveau pari immobilier apr\u00e8s la vente de Marnes-la-Coquette, elle a chang\u00e9 d\u2019avis"},"content":{"rendered":"<p>Changement de cap pour Laeticia Hallyday ! Selon nos<br \/>\ninformations exclusives, la <a href=\"https:\/\/www.closermag.fr\/people\/laeticia-hallyday-en-pelerinage-sur-la-tombe-de-johnny-elle-devoile-une-photo-et-rien-na-ete-fait-a-moitie-3569400\" target=\"_blank\" rel=\"noopener\"><br \/>\nveuve de Johnny<\/a> a d\u00e9cid\u00e9 de repousser son projet de<br \/>\nd\u00e9m\u00e9nagement \u00e0 Miami. Initialement pr\u00e9vu pour 2025, l\u2019emm\u00e9nagement<br \/>\nest d\u00e9sormais <strong>report\u00e9 \u00e0 2027<\/strong>.<\/p>\n<p>En attendant, Laeticia veut poser ses valises \u00e0 Los Angeles, o\u00f9<br \/>\nelle recherche activement une maison avec sa fille Joy. Cette<br \/>\nderni\u00e8re entamera en septembre sa derni\u00e8re ann\u00e9e de lyc\u00e9e dans la<br \/>\nCit\u00e9 des Anges, une priorit\u00e9 pour sa maman qui souhaite lui offrir<br \/>\nun environnement stable pour pr\u00e9parer le bac dans les meilleures<br \/>\nconditions.<\/p>\n<p>Laeticia Hallyday en vacances \u00e0 Saint-Barth en solo : Fr\u00e9d\u00e9ric<br \/>\nne l\u2019abandonne pas pour autant<\/p>\n<p>Il faut dire que les derniers mois n\u2019ont pas \u00e9t\u00e9 de tout repos<br \/>\npour Laeticia Hallyday. Apr\u00e8s avoir tout perdu dans les terribles<br \/>\n<a href=\"https:\/\/www.closermag.fr\/people\/laeticia-hallyday-au-milieu-des-ruines-apres-la-destruction-de-sa-maison-ce-message-despoir-3515391\" target=\"_blank\" rel=\"noopener\"><br \/>\nincendies<\/a> qui ont ravag\u00e9 la r\u00e9gion de Los Angeles, elle a d\u00fb<br \/>\nquitter pr\u00e9cipitamment sa demeure de Pacific Palisades. H\u00e9berg\u00e9e<br \/>\ndepuis par une fid\u00e8le amie, elle a rendu les cl\u00e9s de ce logement<br \/>\ntemporaire en juin dernier. Depuis, Laeticia s\u2019est envol\u00e9e pour<br \/>\n<a href=\"https:\/\/www.closermag.fr\/people\/exclu-laeticia-hallyday-en-vacances-a-saint-barth-en-solo-frederic-ne-labandonne-pas-pour-autant-3569578\" target=\"_blank\" rel=\"noopener\"><br \/>\nSaint-Barth\u00e9l\u00e9my<\/a>, son refuge de toujours, o\u00f9 elle profite d\u2019un<br \/>\n\u00e9t\u00e9 ressour\u00e7ant entre balades sur la plage et moments de complicit\u00e9<br \/>\navec ses filles, <a href=\"https:\/\/www.closermag.fr\/people\/laeticia-hallyday-ses-filles-en-fete-apres-joy-cest-au-tour-de-jade-de-passer-un-cap-importantlaeticia-hallyday-ses-filles-en-fete-apres-joy-cest-au-tour-de-jade-de-passer-un-3568887\" target=\"_blank\" rel=\"noopener\"><br \/>\nJoy et Jade<\/a>.<\/p>\n<p>D\u00e8s le 15 ao\u00fbt, Laeticia ne sera plus seule. Elle pourra compter<br \/>\nsur le soutien ind\u00e9fectible de <a href=\"https:\/\/www.closermag.fr\/people\/laeticia-hallyday-en-couple-avec-frederic-jade-et-joy-nauraient-pas-pu-rever-mieux-3535843\" target=\"_blank\" rel=\"noopener\"><br \/>\nFr\u00e9d\u00e9ric<\/a>, son compagnon discret mais tr\u00e8s pr\u00e9sent. Le couple<br \/>\ns\u2019est rencontr\u00e9 en 2021, pr\u00e9sent\u00e9 par des amis communs. Entre eux,<br \/>\nle courant est pass\u00e9 instantan\u00e9ment. Fr\u00e9d\u00e9ric, restaurateur<br \/>\nparisien au charme tranquille, a su redonner le sourire \u00e0 Laeticia<br \/>\napr\u00e8s les ann\u00e9es difficiles qui ont suivi la disparition de Johnny.<br \/>\nLeur relation, construite loin des projecteurs, semble plus solide<br \/>\nque jamais.<\/p>\n<p>Une nouvelle page apr\u00e8s la vente de<br \/>\nMarnes-la-Coquette<\/p>\n<p>C\u00f4t\u00e9 immobilier, une page se tourne d\u00e9finitivement. Le c\u00e9l\u00e8bre<br \/>\n<a href=\"https:\/\/www.closermag.fr\/people\/johnny-hallyday-a-quoi-ressemble-sa-maison-de-marnes-la-coquette-vendue-par-laeticia-3556643\" target=\"_blank\" rel=\"noopener\"><br \/>\ndomaine de Marnes-la-Coquette<\/a>, o\u00f9 Johnny Hallyday a v\u00e9cu ses<br \/>\nderniers instants, a finalement trouv\u00e9 preneur. La vente, longtemps<br \/>\nrepouss\u00e9e pour des raisons sentimentales et juridiques, a \u00e9t\u00e9<br \/>\nconclue cet \u00e9t\u00e9. Une \u00e9tape symbolique pour Laeticia, qui ferme un<br \/>\nchapitre douloureux de sa vie pour mieux \u00e9crire la suite, entre<br \/>\nL.A., Saint-Barth et bient\u00f4t\u2026 Miami.<\/p>\n<p><strong>COMMENT ACHETER CLOSER ? Votre magazine est en vente \u00e0<br \/>\npartir du vendredi 08 ao\u00fbt 2025 chez votre marchand de journaux,<br \/>\nsur <a href=\"https:\/\/play.google.com\/store\/apps\/details?id=com.immanens.kioskmag&amp;hl=fr\" data-mrf-link=\"https:\/\/play.google.com\/store\/apps\/details?id=com.immanens.kioskmag&amp;hl=fr\" target=\"_blank\" rel=\"noopener\"><br \/>\nAndroid<\/a>,\u00a0<a href=\"https:\/\/apps.apple.com\/fr\/app\/closer-magazine\/id395501531\" data-mrf-link=\"https:\/\/apps.apple.com\/fr\/app\/closer-magazine\/id395501531\" target=\"_blank\" rel=\"noopener\">iPad<\/a>\u00a0et<br \/>\nsur\u00a0<a href=\"https:\/\/www.kiosquemag.com\/titres\/closer\/offres?utm_source=Closer&amp;utm_medium=article\" data-mrf-link=\"https:\/\/www.kiosquemag.com\/titres\/closer\/offres?utm_source=Closer&amp;utm_medium=article\" target=\"_blank\" rel=\"noopener\">KiosqueMag.<\/a><\/strong><\/p>\n","protected":false},"excerpt":{"rendered":"Changement de cap pour Laeticia Hallyday ! Selon nos informations exclusives, la veuve de Johnny a d\u00e9cid\u00e9 de&hellip;\n","protected":false},"author":2,"featured_media":304058,"comment_status":"","ping_status":"","sticky":false,"template":"","format":"standard","meta":{"footnotes":""},"categories":[1359],"tags":[548,58,59,1011,27,7648,973],"class_list":{"0":"post-304057","1":"post","2":"type-post","3":"status-publish","4":"format-standard","5":"has-post-thumbnail","7":"category-people","8":"tag-article-simple","9":"tag-divertissement","10":"tag-entertainment","11":"tag-fr","12":"tag-france","13":"tag-laeticia-hallyday","14":"tag-people"},"share_on_mastodon":{"url":"https:\/\/pubeurope.com\/@fr\/114990671633938102","error":""},"_links":{"self":[{"href":"https:\/\/www.europesays.com\/fr\/wp-json\/wp\/v2\/posts\/304057","targetHints":{"allow":["GET"]}}],"collection":[{"href":"https:\/\/www.europesays.com\/fr\/wp-json\/wp\/v2\/posts"}],"about":[{"href":"https:\/\/www.europesays.com\/fr\/wp-json\/wp\/v2\/types\/post"}],"author":[{"embeddable":true,"href":"https:\/\/www.europesays.com\/fr\/wp-json\/wp\/v2\/users\/2"}],"replies":[{"embeddable":true,"href":"https:\/\/www.europesays.com\/fr\/wp-json\/wp\/v2\/comments?post=304057"}],"version-history":[{"count":0,"href":"https:\/\/www.europesays.com\/fr\/wp-json\/wp\/v2\/posts\/304057\/revisions"}],"wp:featuredmedia":[{"embeddable":true,"href":"https:\/\/www.europesays.com\/fr\/wp-json\/wp\/v2\/media\/304058"}],"wp:attachment":[{"href":"https:\/\/www.europesays.com\/fr\/wp-json\/wp\/v2\/media?parent=304057"}],"wp:term":[{"taxonomy":"category","embeddable":true,"href":"https:\/\/www.europesays.com\/fr\/wp-json\/wp\/v2\/categories?post=304057"},{"taxonomy":"post_tag","embeddable":true,"href":"https:\/\/www.europesays.com\/fr\/wp-json\/wp\/v2\/tags?post=304057"}],"curies":[{"name":"wp","href":"https:\/\/api.w.org\/{rel}","templated":true}]}}