{"id":304059,"date":"2025-08-08T02:00:19","date_gmt":"2025-08-08T02:00:19","guid":{"rendered":"https:\/\/www.europesays.com\/fr\/304059\/"},"modified":"2025-08-08T02:00:19","modified_gmt":"2025-08-08T02:00:19","slug":"une-premiere-edition-du-hobbit-vendue-pres-de-50-000-euros-aux-encheres","status":"publish","type":"post","link":"https:\/\/www.europesays.com\/fr\/304059\/","title":{"rendered":"Une premi\u00e8re \u00e9dition du Hobbit vendue pr\u00e8s de 50 000 euros aux ench\u00e8res"},"content":{"rendered":"<p><img decoding=\"async\" class=\"\" style=\"width:100%\" src=\"https:\/\/www.europesays.com\/fr\/wp-content\/uploads\/2025\/08\/Design_sans_titre__45_1754569098374.jpg\" alt=\"hobbit\"\/><\/p>\n<p>Cr\u00e9dit : capture d&rsquo;\u00e9cran YouTube @Moviescenes<\/p>\n<p style=\"text-align: justify;\"><strong>Une rare premi\u00e8re \u00e9dition du\u00a0Hobbit\u00a0de J.R.R. Tolkien, d\u00e9couverte par hasard dans une maison de Bristol, a \u00e9t\u00e9 vendue aux ench\u00e8res ce mercredi pour la somme de\u00a043 000 livres\u00a0(environ\u00a049 300 euros). <\/strong><\/p>\n<p style=\"text-align: justify;\">Initialement estim\u00e9 \u00e0 <strong>10 000 livres<\/strong>, l\u2019ouvrage a \u00e9t\u00e9 adjug\u00e9 plus de quatre fois plus cher \u00e0 un\u00a0<strong>collectionneur priv\u00e9 du Royaume-Uni<\/strong>. Un engouement international s\u2019est rapidement manifest\u00e9 pour ce livre mythique, publi\u00e9 \u00e0 l\u2019origine en\u00a0<strong>1937<\/strong>\u00a0\u00e0 seulement\u00a0<strong>1500 exemplaires<\/strong>.<\/p>\n<p style=\"text-align: justify;\">Cette pr\u00e9cieuse \u00e9dition donc, appartenait \u00e0 la biblioth\u00e8que d\u2019Hubert Priestley, un botaniste qui aurait probablement c\u00f4toy\u00e9 Tolkien. La d\u00e9couverte a \u00e9t\u00e9 faite lors d\u2019un simple d\u00e9barras de maison.<\/p>\n<p style=\"text-align: justify;\">Avec sa couverture vert p\u00e2le et ses\u00a0<strong>illustrations originales en noir et blanc r\u00e9alis\u00e9es par Tolkien lui-m\u00eame<\/strong>, ce volume se distingue nettement des r\u00e9\u00e9ditions plus tardives, qui incluront des illustrations en couleur.<\/p>\n<p style=\"text-align: justify;\">En 2015 d\u00e9j\u00e0, une autre \u00e9dition originale, d\u00e9dicac\u00e9e en langue elfique, avait \u00e9t\u00e9 adjug\u00e9e \u00e0\u00a0<strong>137 000 livres<\/strong>\u00a0(environ\u00a0<strong>187 000 euros<\/strong>) chez Sotheby&rsquo;s \u00e0 Londres.<\/p>\n","protected":false},"excerpt":{"rendered":"Cr\u00e9dit : capture d&rsquo;\u00e9cran YouTube @Moviescenes Une rare premi\u00e8re \u00e9dition du\u00a0Hobbit\u00a0de J.R.R. Tolkien, d\u00e9couverte par hasard dans une&hellip;\n","protected":false},"author":2,"featured_media":304060,"comment_status":"","ping_status":"","sticky":false,"template":"","format":"standard","meta":{"footnotes":""},"categories":[1357],"tags":[4708,1379,58,13677,59,1011,27,44404,2003,1380,4534,44302,4100],"class_list":{"0":"post-304059","1":"post","2":"type-post","3":"status-publish","4":"format-standard","5":"has-post-thumbnail","7":"category-livres","8":"tag-angleterre","9":"tag-books","10":"tag-divertissement","11":"tag-encheres","12":"tag-entertainment","13":"tag-fr","14":"tag-france","15":"tag-hobbit","16":"tag-livre","17":"tag-livres","18":"tag-londres","19":"tag-tolkien","20":"tag-vente"},"share_on_mastodon":{"url":"https:\/\/pubeurope.com\/@fr\/114990679589514391","error":""},"_links":{"self":[{"href":"https:\/\/www.europesays.com\/fr\/wp-json\/wp\/v2\/posts\/304059","targetHints":{"allow":["GET"]}}],"collection":[{"href":"https:\/\/www.europesays.com\/fr\/wp-json\/wp\/v2\/posts"}],"about":[{"href":"https:\/\/www.europesays.com\/fr\/wp-json\/wp\/v2\/types\/post"}],"author":[{"embeddable":true,"href":"https:\/\/www.europesays.com\/fr\/wp-json\/wp\/v2\/users\/2"}],"replies":[{"embeddable":true,"href":"https:\/\/www.europesays.com\/fr\/wp-json\/wp\/v2\/comments?post=304059"}],"version-history":[{"count":0,"href":"https:\/\/www.europesays.com\/fr\/wp-json\/wp\/v2\/posts\/304059\/revisions"}],"wp:featuredmedia":[{"embeddable":true,"href":"https:\/\/www.europesays.com\/fr\/wp-json\/wp\/v2\/media\/304060"}],"wp:attachment":[{"href":"https:\/\/www.europesays.com\/fr\/wp-json\/wp\/v2\/media?parent=304059"}],"wp:term":[{"taxonomy":"category","embeddable":true,"href":"https:\/\/www.europesays.com\/fr\/wp-json\/wp\/v2\/categories?post=304059"},{"taxonomy":"post_tag","embeddable":true,"href":"https:\/\/www.europesays.com\/fr\/wp-json\/wp\/v2\/tags?post=304059"}],"curies":[{"name":"wp","href":"https:\/\/api.w.org\/{rel}","templated":true}]}}