{"id":304061,"date":"2025-08-08T02:01:10","date_gmt":"2025-08-08T02:01:10","guid":{"rendered":"https:\/\/www.europesays.com\/fr\/304061\/"},"modified":"2025-08-08T02:01:10","modified_gmt":"2025-08-08T02:01:10","slug":"secret-story-2025-ethan-hazard-naura-pas-demerite-lors-de-la-grande-finale","status":"publish","type":"post","link":"https:\/\/www.europesays.com\/fr\/304061\/","title":{"rendered":"Secret Story 2025: Ethan Hazard n&rsquo;aura pas d\u00e9m\u00e9rit\u00e9 lors de la grande finale"},"content":{"rendered":"<p class=\"ap-StoryElement ap-StoryElement--mb ap-StoryText\">Apr\u00e8s huit semaines de jeu, le verdict de la 13e saison de Secret Story lors de la grande finale. Pour l&rsquo;occasion, tous les anciens candidats avaient r\u00e9pondu pr\u00e9sent et \u00e9taient aux c\u00f4t\u00e9s de Christophe Beaugrand pour l&rsquo;annonce du grand gagnant. Peu avant minuit, l&rsquo;animateur a mis fin au suspens en r\u00e9v\u00e9lant qui de Romy, Ethan, Anita ou Noah a remport\u00e9 l&rsquo;aventure. Et c&rsquo;est finalement la jeune Romy qui repart avec les 100 000 euros mis en jeu.<\/p>\n","protected":false},"excerpt":{"rendered":"Apr\u00e8s huit semaines de jeu, le verdict de la 13e saison de Secret Story lors de la grande&hellip;\n","protected":false},"author":2,"featured_media":304062,"comment_status":"","ping_status":"","sticky":false,"template":"","format":"standard","meta":{"footnotes":""},"categories":[1356],"tags":[10161,44405,9897,58,59,1011,27,6908,252,1364],"class_list":{"0":"post-304061","1":"post","2":"type-post","3":"status-publish","4":"format-standard","5":"has-post-thumbnail","7":"category-television","8":"tag-agriculture-biologique","9":"tag-aliment-biologique","10":"tag-bio","11":"tag-divertissement","12":"tag-entertainment","13":"tag-fr","14":"tag-france","15":"tag-grande-distribution","16":"tag-television","17":"tag-tv"},"share_on_mastodon":{"url":"https:\/\/pubeurope.com\/@fr\/114990683527086927","error":""},"_links":{"self":[{"href":"https:\/\/www.europesays.com\/fr\/wp-json\/wp\/v2\/posts\/304061","targetHints":{"allow":["GET"]}}],"collection":[{"href":"https:\/\/www.europesays.com\/fr\/wp-json\/wp\/v2\/posts"}],"about":[{"href":"https:\/\/www.europesays.com\/fr\/wp-json\/wp\/v2\/types\/post"}],"author":[{"embeddable":true,"href":"https:\/\/www.europesays.com\/fr\/wp-json\/wp\/v2\/users\/2"}],"replies":[{"embeddable":true,"href":"https:\/\/www.europesays.com\/fr\/wp-json\/wp\/v2\/comments?post=304061"}],"version-history":[{"count":0,"href":"https:\/\/www.europesays.com\/fr\/wp-json\/wp\/v2\/posts\/304061\/revisions"}],"wp:featuredmedia":[{"embeddable":true,"href":"https:\/\/www.europesays.com\/fr\/wp-json\/wp\/v2\/media\/304062"}],"wp:attachment":[{"href":"https:\/\/www.europesays.com\/fr\/wp-json\/wp\/v2\/media?parent=304061"}],"wp:term":[{"taxonomy":"category","embeddable":true,"href":"https:\/\/www.europesays.com\/fr\/wp-json\/wp\/v2\/categories?post=304061"},{"taxonomy":"post_tag","embeddable":true,"href":"https:\/\/www.europesays.com\/fr\/wp-json\/wp\/v2\/tags?post=304061"}],"curies":[{"name":"wp","href":"https:\/\/api.w.org\/{rel}","templated":true}]}}