{"id":304078,"date":"2025-08-08T02:10:10","date_gmt":"2025-08-08T02:10:10","guid":{"rendered":"https:\/\/www.europesays.com\/fr\/304078\/"},"modified":"2025-08-08T02:10:10","modified_gmt":"2025-08-08T02:10:10","slug":"a-quelle-heure-partir-pour-eviter-les-bouchons-ce-vendredi-8-et-samedi-9-aout-2025","status":"publish","type":"post","link":"https:\/\/www.europesays.com\/fr\/304078\/","title":{"rendered":"\u00e0 quelle heure partir pour \u00e9viter les bouchons ce vendredi 8 et samedi 9 ao\u00fbt 2025 ?"},"content":{"rendered":"<p itemprop=\"description\">Pour \u00e9viter les bouchons sur la route des vacances ce week-end, voici les heures \u00e0 privil\u00e9gier selon Bison F\u00fbt\u00e9.<\/p>\n<p>EN BREF<\/p>\n<ul class=\"bloc_resume_post_list\">\n<li>\n<p>\t\t\t\t\t\t\t\tLe week-end du 8-9 ao\u00fbt 2023, Bison Fut\u00e9 pr\u00e9voit un trafic routier intense en France, notamment sur les autoroutes A1, A6, A7, A10 et A71.\n\t\t\t\t\t\t<\/li>\n<li>\n<p>\t\t\t\t\t\t\t\tPour \u00e9viter les embouteillages, il est conseill\u00e9 de quitter l&rsquo;\u00cele-de-France avant 9h ou apr\u00e8s 20h le vendredi, et avant 5h ou apr\u00e8s 15h le samedi.\n\t\t\t\t\t\t<\/li>\n<li>\n<p>\t\t\t\t\t\t\t\tPlanifiez vos trajets en fonction des heures creuses pour un voyage plus fluide et \u00e9vitez les axes principaux aux heures de pointe.\n\t\t\t\t\t\t<\/li>\n<\/ul>\n<p dir=\"auto\">Apr\u00e8s un week-end de chass\u00e9-crois\u00e9 noir entre juilletistes et ao\u00fbtiens, le trafic sur la route des vacances devrait \u00eatre moins important ce week-end selon <a href=\"https:\/\/www.bison-fute.gouv.fr\/index.html\" target=\"_blank\" rel=\"noopener nofollow\">l\u00a0\u00bborganisme<\/a> Bison F\u00fbt\u00e9. Mais vous serez encore nombreux \u00e0 circuler, que ce soit dans le sens des d\u00e9parts, comme dans celui des arriv\u00e9es. Alors, pour \u00e9viter les bouchons, <strong>voici les heures \u00e0 privil\u00e9gier pour esp\u00e9rer un trajet plus fluide<\/strong>.<\/p>\n<p>      <strong>Pour la journ\u00e9e du vendredi 8  ao\u00fbt<\/strong> <\/p>\n<p>Dans le sens des d\u00e9parts, circuler vers le Nord du pays, sur l&rsquo;autoroute A1, pourra s&rsquo;av\u00e9rer difficile. Idem pour ceux se rendant sur les r\u00e9gions c\u00f4ti\u00e8res de Normandie et de Bretagne (A11 et RN165). Plus au Sud, l&rsquo;A10 en direction de l&rsquo;Espagne, l&rsquo;A6 et l&rsquo;A7 vers la M\u00e9diterran\u00e9e et l&rsquo;A71 pour se rendre dans le Massif Central seront aussi fortement emprunt\u00e9es. En \u00cele-de-France, les automobilistes sont attends nombreux aux diff\u00e9rentes<a href=\"https:\/\/www.autoplus.fr\/actualite\/peages-en-flux-libre-le-nouveau-cauchemar-des-vacanciers-etrangers-1390578.html\" target=\"_blank\" rel=\"noopener nofollow\"> barri\u00e8res de p\u00e9ages<\/a> pour quitter la r\u00e9gion. De premiers ralentissements sont \u00e9galement attendus en milieu de matin\u00e9e sur les autoroutes de transit Nord-Sud, notamment l&rsquo;A86 et l&rsquo;A6b, qui convergent vers l&rsquo;A10 et l&rsquo;A6.<\/p>\n<p>En ce qui concerne les retours, les principales difficult\u00e9s que vous risquez de rencontrer seront en remontant de la C\u00f4te d&rsquo;Azur et plus g\u00e9n\u00e9ralement, de la M\u00e9diterran\u00e9e (autoroutes A7, A8 et A9). Le tunnel du Mont-Blanc, reliant l&rsquo;Italie \u00e0 la France, sera \u00e9galement susceptible de vous faire perdre du temps dans ce sens (RN205).<\/p>\n<p>    <strong>\u00c0 quelle heure prendre la route selon votre secteur ? L es pr\u00e9visions de Bison F\u00fbt\u00e9<\/strong> <\/p>\n<p><strong>Dans le sens des d\u00e9parts<\/strong><\/p>\n<ul>\n<li>quittez ou traversez<strong> l\u2019\u00cele-de-France<\/strong> avant 9h ou apr\u00e8s 20h,<\/li>\n<li>\u00e9vitez <strong>l\u2019autoroute A1<\/strong> entre Paris et Lille, de 17h \u00e0 19h,<\/li>\n<li>\u00e9vitez<strong> l\u2019autoroute A11<\/strong> entre Chartres et Angers, de 17h \u00e0 20h,<\/li>\n<li>\u00e9vitez <strong>la route nationale RN165<\/strong>, entre Nantes et Quimper, de 17h \u00e0 19h,<\/li>\n<li>\u00e9vitez <strong>l\u2019autoroute A10<\/strong>, entre Paris et Blois, de 14h \u00e0 17h,<\/li>\n<li>\u00e9vitez <strong>l\u2019autoroute A7<\/strong>, entre Lyon et Orange, de 16h \u00e0 19h,<\/li>\n<li>\u00e9vitez <strong>l\u2019autoroute A71,<\/strong> entre Orl\u00e9ans et Bourges, de 10h \u00e0 19h.<\/li>\n<\/ul>\n<p><strong>Dans le sens des retours<\/strong><\/p>\n<ul>\n<li>rejoignez ou traversez <strong>l\u2019\u00cele-de-France<\/strong> avant 14h ou apr\u00e8s 19h,<\/li>\n<li>\u00e9vitez <strong>l\u2019autoroute A9<\/strong>, entre l\u2019Espagne et Montpellier, de 15h \u00e0 20h, et entre Montpellier et Orange, de 16h \u00e0 18h,<\/li>\n<li>\u00e9vitez <strong>l\u2019autoroute A8<\/strong>, entre l\u2019Italie et Le Luc, de 18h \u00e0 20h,<\/li>\n<li>\u00e9vitez <strong>l\u2019autoroute A7<\/strong>, entre Marseille et Orange, de 13h \u00e0 16h, et entre Orange et Lyon, de 14h \u00e0 19h,<\/li>\n<li>\u00e9vitez <strong>le tunnel du Mont-Blanc<\/strong> (N205), entre l\u2019Italie et la France, de 16h \u00e0 19h.<\/li>\n<\/ul>\n<p>    <strong>Pour la journ\u00e9e  du samedi 9 ao\u00fbt<\/strong> <\/p>\n<p>Comme souvent, la journ\u00e9e du samedi sera celle o\u00f9 les conditions de circulation seront les plus difficiles selon Bison F\u00fbt\u00e9. En ce qui concerne les d\u00e9parts, le trafic sera dense vers le Nord-Est de l&rsquo;Hexagone (A31) et encore plus en direction du Grand-Ouest (A12, A11 et RN165). Plus au Sud, les bouchons risquent de pointer le bout de leur nez sur les axes menant au Massif Central, \u00e0 l&rsquo;Espagne, \u00e0 la M\u00e9diterran\u00e9e et<a href=\"https:\/\/www.autoplus.fr\/pratique\/attention-si-vous-prenez-lautoroute-pour-litalie-1388139.html\" target=\"_blank\" rel=\"noopener nofollow\"> \u00e0 l&rsquo;Italie<\/a> (autoroutes A20, A71, A75, A10, A63, A7, A9, A61, le tunnel du Mont-Blanc et la RN205).<\/p>\n<p>Dans le sens des retours, le trafic sera dense sur les axes convergeant vers l&rsquo;\u00cele-de-France <a href=\"https:\/\/www.autoplus.fr\/actualite\/vous-partez-en-espagne-cet-ete-attention-certaines-plaques-francaises-seront-systematiquement-controlees-1392033.html\" target=\"_blank\" rel=\"noopener nofollow\">depuis l&rsquo;Espagne<\/a>, en passant par Bordeaux (A10). Comme pour les d\u00e9parts, la circulation depuis le Massif Central (A20, A71 et 175), ainsi que depuis la M\u00e9diterran\u00e9e (A7 via Lyon) et le tunnel du Mont-Blanc (RN205) sera tr\u00e8s fortement perturb\u00e9e. Depuis l&rsquo;Ouest de la France \u00e9galement (Bretagne, Pays-de-la-Loire, Normandie), les retours vers Paris seront compliqu\u00e9s sur l&rsquo;autoroute A11 et les RN165 et RN12.<\/p>\n<p>En \u00cele-de-France pr\u00e9cis\u00e9ment, la circulation sera encore dense sur les autoroutes de transit Nord-Sud. D\u00e8s les premi\u00e8res heures de la matin\u00e9e sur les autoroutes A86 et A6b, qui convergent vers les autoroutes A10 et A6, vous pourrez voir appara\u00eetre de premiers bouchons\u00a0 Et rapidement, le trafic sur ces axes s\u2019intensifiera nettement et la situation empirera. Les difficult\u00e9s de circulation atteindront leur pic en fin de matin\u00e9e. En milieu d\u2019apr\u00e8s-midi, on pourra consid\u00e9rer les difficult\u00e9s de circulation li\u00e9es aux d\u00e9parts termin\u00e9es. Dans le sens des retours, la circulation sur l&rsquo;autoroute A10 rencontrera des difficult\u00e9s entre le milieu de l&rsquo;apr\u00e8s-midi et le d\u00e9but de soir\u00e9e.<\/p>\n<p> <strong>\u00c0 quelle heure prendre la route selon votre secteur ? Les pr\u00e9visions de Bison F\u00fbt\u00e9<\/strong> <\/p>\n<p><strong>Dans le sens des d\u00e9parts<\/strong><\/p>\n<ul>\n<li>quittez ou traversez <strong>l\u2019\u00cele-de-France<\/strong> avant 5h ou apr\u00e8s 15h,<\/li>\n<li><strong>\u00e9vitez l\u2019autoroute A13<\/strong>, entre Paris et Rouen, de 11h \u00e0 13h, et entre Rouen et Caen, de 10h \u00e0 14h,<\/li>\n<li><strong>\u00e9vitez la route nationale RN165<\/strong>, entre Nantes et Quimper, de 12h \u00e0 19h,<\/li>\n<li><strong>\u00e9vitez l\u2019autoroute A10<\/strong>, entre Paris et Poitiers, de 9h \u00e0 11h, et entre Poitiers et Bordeaux, de 11h \u00e0 19h,<\/li>\n<li><strong>\u00e9vitez l\u2019autoroute A63<\/strong>, entre Bordeaux et Bayonne, de 10h \u00e0 19h,<\/li>\n<li><strong>\u00e9vitez l\u2019autoroute A7<\/strong>, entre Lyon et Orange, de 6h \u00e0 17h, et entre Orange et Marseille, de 15h \u00e0 17h,<\/li>\n<li><strong>\u00e9vitez l\u2019autoroute A75<\/strong>, entre Clermont-Ferrand et B\u00e9ziers, de 9h \u00e0 17h,<\/li>\n<li><strong>\u00e9vitez le tunnel du Mont-Blanc (N205)<\/strong>, entre la France et l\u2019Italie, de 10h \u00e0 16h.<\/li>\n<\/ul>\n<p><strong>Dans le sens des retours<\/strong><\/p>\n<ul>\n<li>rejoignez ou traversez <strong>l\u2019\u00cele-de-France<\/strong> avant 13h ou apr\u00e8s 19h,<\/li>\n<li><strong>\u00e9vitez l\u2019autoroute A10<\/strong>, entre Bordeaux et Poitiers, de 13h \u00e0 16h,<\/li>\n<li><strong>\u00e9vitez l\u2019autoroute A20<\/strong>, entre Brive-la-Gaillarde et Limoges, de 11h \u00e0 13h,<\/li>\n<li><strong>\u00e9vitez l\u2019autoroute A11<\/strong>, entre Nantes et Angers, de 8h \u00e0 19h, entre Angers et Le Mans, de 8h \u00e0 17h, et entre Le Mans et Paris, de 14h \u00e0 16h,<\/li>\n<li><strong>\u00e9vitez la route nationale RN165<\/strong>, entre Quimper et Nantes, de 9h \u00e0 16h,<\/li>\n<li><strong>\u00e9vitez l\u2019autoroute A7<\/strong>, entre Marseille et Orange, de 11h \u00e0 16h, et entre Orange et Lyon, de 12h \u00e0 19h,<\/li>\n<li><strong>\u00e9vitez l\u2019autoroute A71<\/strong>, entre Clermont-Ferrand et Orl\u00e9ans, de 8h \u00e0 19h,<\/li>\n<li><strong>\u00e9vitez le tunnel du Mont-Blanc<\/strong> (N205), entre l\u2019Italie et la France, de 15h \u00e0 19h.<\/li>\n<\/ul>\n","protected":false},"excerpt":{"rendered":"Pour \u00e9viter les bouchons sur la route des vacances ce week-end, voici les heures \u00e0 privil\u00e9gier selon Bison&hellip;\n","protected":false},"author":2,"featured_media":304079,"comment_status":"","ping_status":"","sticky":false,"template":"","format":"standard","meta":{"footnotes":""},"categories":[4],"tags":[11,1011,27,1638,12,25],"class_list":{"0":"post-304078","1":"post","2":"type-post","3":"status-publish","4":"format-standard","5":"has-post-thumbnail","7":"category-france","8":"tag-actualites","9":"tag-fr","10":"tag-france","11":"tag-has_diapo","12":"tag-news","13":"tag-republique-francaise"},"share_on_mastodon":{"url":"https:\/\/pubeurope.com\/@fr\/114990718933117991","error":""},"_links":{"self":[{"href":"https:\/\/www.europesays.com\/fr\/wp-json\/wp\/v2\/posts\/304078","targetHints":{"allow":["GET"]}}],"collection":[{"href":"https:\/\/www.europesays.com\/fr\/wp-json\/wp\/v2\/posts"}],"about":[{"href":"https:\/\/www.europesays.com\/fr\/wp-json\/wp\/v2\/types\/post"}],"author":[{"embeddable":true,"href":"https:\/\/www.europesays.com\/fr\/wp-json\/wp\/v2\/users\/2"}],"replies":[{"embeddable":true,"href":"https:\/\/www.europesays.com\/fr\/wp-json\/wp\/v2\/comments?post=304078"}],"version-history":[{"count":0,"href":"https:\/\/www.europesays.com\/fr\/wp-json\/wp\/v2\/posts\/304078\/revisions"}],"wp:featuredmedia":[{"embeddable":true,"href":"https:\/\/www.europesays.com\/fr\/wp-json\/wp\/v2\/media\/304079"}],"wp:attachment":[{"href":"https:\/\/www.europesays.com\/fr\/wp-json\/wp\/v2\/media?parent=304078"}],"wp:term":[{"taxonomy":"category","embeddable":true,"href":"https:\/\/www.europesays.com\/fr\/wp-json\/wp\/v2\/categories?post=304078"},{"taxonomy":"post_tag","embeddable":true,"href":"https:\/\/www.europesays.com\/fr\/wp-json\/wp\/v2\/tags?post=304078"}],"curies":[{"name":"wp","href":"https:\/\/api.w.org\/{rel}","templated":true}]}}