{"id":304088,"date":"2025-08-08T02:17:17","date_gmt":"2025-08-08T02:17:17","guid":{"rendered":"https:\/\/www.europesays.com\/fr\/304088\/"},"modified":"2025-08-08T02:17:17","modified_gmt":"2025-08-08T02:17:17","slug":"de-paris-a-toulon-en-route-et-en-scene-episode-1-10-du-podcast-canicule-sentimentale-saison-4","status":"publish","type":"post","link":"https:\/\/www.europesays.com\/fr\/304088\/","title":{"rendered":"De Paris \u00e0 Toulon, en route et en sc\u00e8ne\u00a0! : \u00e9pisode 1\/10 du podcast Canicule sentimentale &#8211; Saison 4 &#8211;"},"content":{"rendered":"<p class=\"PopSlotParagraph qg-tx2 qg-xtra-lh svelte-1r0pyek\">Alors que Marine met le cap sur le sud pour des vacances en famille, non sans quelques p\u00e9rip\u00e9ties routi\u00e8res avec Alix, Jess\u00e9, contraint de rester \u00e0 Paris pour des r\u00e9p\u00e9titions th\u00e9\u00e2trales, rumine son sort. Alors forc\u00e9ment, leur joute verbale continue sans filtre, toujours aussi riches en taquineries, Jess\u00e9 allant jusqu&rsquo;\u00e0 esp\u00e9rer la panne de voiture de Marine ou proposer \u00e0 Alix de fuir les vacances en couple avec lui\u00a0!<\/p>\n","protected":false},"excerpt":{"rendered":"Alors que Marine met le cap sur le sud pour des vacances en famille, non sans quelques p\u00e9rip\u00e9ties&hellip;\n","protected":false},"author":2,"featured_media":304089,"comment_status":"","ping_status":"","sticky":false,"template":"","format":"standard","meta":{"footnotes":""},"categories":[9619],"tags":[1111,11,1777,674,1011,27,12,882,25,2310],"class_list":{"0":"post-304088","1":"post","2":"type-post","3":"status-publish","4":"format-standard","5":"has-post-thumbnail","7":"category-toulon","8":"tag-actu","9":"tag-actualites","10":"tag-eu","11":"tag-europe","12":"tag-fr","13":"tag-france","14":"tag-news","15":"tag-provence-alpes-cote-dazur","16":"tag-republique-francaise","17":"tag-toulon"},"share_on_mastodon":{"url":"https:\/\/pubeurope.com\/@fr\/114990746366057557","error":""},"_links":{"self":[{"href":"https:\/\/www.europesays.com\/fr\/wp-json\/wp\/v2\/posts\/304088","targetHints":{"allow":["GET"]}}],"collection":[{"href":"https:\/\/www.europesays.com\/fr\/wp-json\/wp\/v2\/posts"}],"about":[{"href":"https:\/\/www.europesays.com\/fr\/wp-json\/wp\/v2\/types\/post"}],"author":[{"embeddable":true,"href":"https:\/\/www.europesays.com\/fr\/wp-json\/wp\/v2\/users\/2"}],"replies":[{"embeddable":true,"href":"https:\/\/www.europesays.com\/fr\/wp-json\/wp\/v2\/comments?post=304088"}],"version-history":[{"count":0,"href":"https:\/\/www.europesays.com\/fr\/wp-json\/wp\/v2\/posts\/304088\/revisions"}],"wp:featuredmedia":[{"embeddable":true,"href":"https:\/\/www.europesays.com\/fr\/wp-json\/wp\/v2\/media\/304089"}],"wp:attachment":[{"href":"https:\/\/www.europesays.com\/fr\/wp-json\/wp\/v2\/media?parent=304088"}],"wp:term":[{"taxonomy":"category","embeddable":true,"href":"https:\/\/www.europesays.com\/fr\/wp-json\/wp\/v2\/categories?post=304088"},{"taxonomy":"post_tag","embeddable":true,"href":"https:\/\/www.europesays.com\/fr\/wp-json\/wp\/v2\/tags?post=304088"}],"curies":[{"name":"wp","href":"https:\/\/api.w.org\/{rel}","templated":true}]}}