{"id":304092,"date":"2025-08-08T02:23:50","date_gmt":"2025-08-08T02:23:50","guid":{"rendered":"https:\/\/www.europesays.com\/fr\/304092\/"},"modified":"2025-08-08T02:23:50","modified_gmt":"2025-08-08T02:23:50","slug":"eric-piolle-persiste-et-signe-dans-sa-croisade-contre-les-ghettos-de-riches-liberation","status":"publish","type":"post","link":"https:\/\/www.europesays.com\/fr\/304092\/","title":{"rendered":"Eric Piolle persiste et signe dans sa croisade contre les \u00abghettos de riches\u00bb \u2013 Lib\u00e9ration"},"content":{"rendered":"<p class=\"sc-ksZaOG ehjQrN text-element\">Les sociologues Monique et Michel Pin\u00e7on-Charlot avaient trouv\u00e9 la formule en intitulant l\u2019une de leurs \u00e9tudes sur la concentration de la grande bourgeoisie les Ghettos du gotha. Moins subtil, <a href=\"https:\/\/www.liberation.fr\/france\/2014\/04\/08\/eric-piolle-le-vert-de-l-amitie_994101\/\" target=\"_blank\" rel=\"noreferrer noopener\" title=\"https:\/\/www.liberation.fr\/france\/2014\/04\/08\/eric-piolle-le-vert-de-l-amitie_994101\/\">Eric Piolle, le maire \u00e9cologiste de Grenoble<\/a>, s\u2019est lui fendu d\u2019une expression encore plus directe pour justifier sa volont\u00e9 de d\u00e9velopper la construction de logements sociaux dans sa ville. L\u2019\u00e9lu veut \u00abcasser les ghettos de riches\u00bb, comme il l\u2019a rappel\u00e9 ce mercredi 6 ao\u00fbt : \u00abNous allons fixer un taux de logements sociaux qui d\u00e9pend du nombre de logements sociaux d\u00e9j\u00e0 pr\u00e9sents dans le quartier\u00bb, a-t-il assur\u00e9 au micro de <a href=\"https:\/\/www.rtl.fr\/grille\/06-08-2025\" target=\"_blank\" rel=\"noreferrer noopener\" title=\"https:\/\/www.rtl.fr\/grille\/06-08-2025\">RTL<\/a>.<\/p>\n<p class=\"sc-ksZaOG ehjQrN text-element\">Si la mesure est d\u00e9fendue par <a href=\"https:\/\/www.liberation.fr\/politique\/a-grenoble-laurence-ruffin-soeur-de-pour-succeder-a-eric-piolle-20241115_POY3PFVKW5F3BJKRIT3UCGJZKQ\/\" target=\"_blank\" rel=\"noreferrer noopener\" title=\"https:\/\/www.liberation.fr\/politique\/a-grenoble-laurence-ruffin-soeur-de-pour-succeder-a-eric-piolle-20241115_POY3PFVKW5F3BJKRIT3UCGJZKQ\/\">l\u2019\u00e9dile \u00e9lu en 2014<\/a> comme un moyen d\u2019encourager la mixit\u00e9 sociale <a href=\"https:\/\/www.liberation.fr\/politique\/aidons-lecole-et-ses-eleves-cassons-les-ghettos-de-riches-20240115_S46UMSBIDRG2LDYY4KI26XP3MI\/\" target=\"_blank\" rel=\"noreferrer noopener\" title=\"https:\/\/www.liberation.fr\/politique\/aidons-lecole-et-ses-eleves-cassons-les-ghettos-de-riches-20240115_S46UMSBIDRG2LDYY4KI26XP3MI\/\">notamment \u00e0 l\u2019\u00e9cole,<\/a> cette bonne intention a \u00e9t\u00e9 quelque peu effac\u00e9e par une phrase prononc\u00e9e dans <a href=\"https:\/\/www.ledauphine.com\/politique\/2025\/07\/31\/isere-grenoble-eric-piolle-nous-cherchons-a-casser-les-ghettos-les-ghettos-de-riches-surtout\" target=\"_blank\" rel=\"noreferrer noopener\" title=\"https:\/\/www.ledauphine.com\/politique\/2025\/07\/31\/isere-grenoble-eric-piolle-nous-cherchons-a-casser-les-ghettos-les-ghettos-de-riches-surtout\">le Dauphin\u00e9 Lib\u00e9r\u00e9,<\/a> le 31 juillet. Au cours d\u2019un entretien portant sur les quartiers populaires de la capitale des Alpes, le maire avait affirm\u00e9 que \u00abce que nous, nous cherchons \u00e0 faire c\u2019est casser les ghettos mais les ghettos il faut se rappeler que c\u2019est surtout des ghettos de riches\u00bb. La phrase avait suscit\u00e9 une pol\u00e9mique, et l\u2019\u00e9cologiste avait notamment \u00e9t\u00e9 tacl\u00e9 par <a href=\"https:\/\/www.liberation.fr\/france\/2019\/12\/15\/grenoble-le-retour-d-alain-carignon-fait-de-nouvelles-vagues_1769402\/\" target=\"_blank\" rel=\"noreferrer noopener\" title=\"https:\/\/www.liberation.fr\/france\/2019\/12\/15\/grenoble-le-retour-d-alain-carignon-fait-de-nouvelles-vagues_1769402\/\">l\u2019ancien maire de droite de Grenoble (de 1983 \u00e0 1995) Alain Carignon,<\/a> qui avait d\u00e9nonc\u00e9 une communication \u00abind\u00e9cente\u00bb.<\/p>\n<p class=\"sc-ksZaOG ehjQrN text-element\">Pourtant, l\u2019ambition de <a href=\"https:\/\/www.liberation.fr\/politique\/entre-eric-piolle-et-marine-tondelier-la-bagarre-qui-anime-la-fin-du-congres-des-ecologistes-20250424_LTHK573D3FBKPP7WSMJVYBZVQU\/\" target=\"_blank\" rel=\"noreferrer noopener\" title=\"https:\/\/www.liberation.fr\/politique\/entre-eric-piolle-et-marine-tondelier-la-bagarre-qui-anime-la-fin-du-congres-des-ecologistes-20250424_LTHK573D3FBKPP7WSMJVYBZVQU\/\">celui qui est aussi porte-parole des Ecologistes<\/a> n\u2019est pas une d\u00e9couverte. La ville d\u2019environ 155 000 habitants a en effet franchi, en 2024, le seuil de 25 % de logements sociaux qu\u2019impose la loi SRU (solidarit\u00e9 et renouvellement urbain), contre 21,7% \u00e0 son arriv\u00e9e, en 2014. Et Eric Piolle ne veut pas s\u2019arr\u00eater l\u00e0. \u00abApr\u00e8s avoir atteint les 25 % de logements sociaux en 2025, nous visons les 30 %\u00bb, avait-il affirm\u00e9 sur X en r\u00e9ponse au d\u00e9bat suscit\u00e9 par ses propos dans le quotidien r\u00e9gional.<\/p>\n<p class=\"sc-ksZaOG ehjQrN text-element\">Pour ce faire, l\u2019\u00e9dile compte donc s\u2019attaquer aux quartiers o\u00f9 les logements sociaux sont les plus rares, les fameux <a href=\"https:\/\/www.liberation.fr\/idees-et-debats\/tribunes\/les-ghettos-scolaires-de-riches-et-de-pauvres-ont-des-effets-explosifs-sur-la-cohesion-sociale-20240117_CHJ23RKFPRHMPGQPEAAAIDZLV4\/\" target=\"_blank\" rel=\"noreferrer noopener\" title=\"https:\/\/www.liberation.fr\/idees-et-debats\/tribunes\/les-ghettos-scolaires-de-riches-et-de-pauvres-ont-des-effets-explosifs-sur-la-cohesion-sociale-20240117_CHJ23RKFPRHMPGQPEAAAIDZLV4\/\">\u00abghettos de riches\u00bb,<\/a> dont l\u2019\u00e9lu a \u00e9vit\u00e9 de pr\u00e9ciser la localisation au micro de RTL. \u00abIl y a quelques poches dans l\u2019hypercentre, il y a quelques poches \u00e0 l\u2019\u00e9chelle grenobloise dans certains quartiers, mais il y en assez peu\u00bb, s\u2019est content\u00e9 de r\u00e9pondre Eric Piolle. Ce dernier pr\u00e9f\u00e9rant d\u00e9tailler son plan cens\u00e9 stimuler la mixit\u00e9 sociale : \u00abNous allons fixer un taux de logements sociaux qui d\u00e9pend du nombre de logements sociaux d\u00e9j\u00e0 pr\u00e9sents dans le quartier. S\u2019il y a moins de 5 % de logements, effectivement il faut faire 45 % de logements sociaux dans les nouvelles op\u00e9rations. S\u2019il y a d\u00e9j\u00e0 25 % de logements sociaux, il faut en faire 30 %. Et l\u00e0 o\u00f9 il y en a d\u00e9j\u00e0 beaucoup nous n\u2019en faisons plus\u00bb.<\/p>\n<p class=\"sc-ksZaOG ehjQrN text-element\">Si le maire assure \u00eatre en capacit\u00e9 d\u2019imposer la mesure aux promoteurs en s\u2019appuyant sur <a href=\"https:\/\/www.liberation.fr\/societe\/ville\/a-paris-un-nouveau-plan-local-durbanisme-pour-passer-dune-ville-avec-des-jardins-a-une-ville-jardin-20241119_GDAFSORSGVAIBAHVF6BDFNVERU\/\" target=\"_blank\" rel=\"noreferrer noopener\" title=\"https:\/\/www.liberation.fr\/societe\/ville\/a-paris-un-nouveau-plan-local-durbanisme-pour-passer-dune-ville-avec-des-jardins-a-une-ville-jardin-20241119_GDAFSORSGVAIBAHVF6BDFNVERU\/\">le plan local d\u2019urbanisme (PLU),<\/a> le plus difficile pourrait \u00eatre de faire accepter la mesure aux Grenoblois. Dans un reportage diffus\u00e9 par la RTL quelques minutes avant son interview, l\u2019annonce semblait diviser les habitants. \u00abC\u2019est une belle opportunit\u00e9 de m\u00e9langer les populations\u00bb, se f\u00e9licitait un interrog\u00e9 tandis qu\u2019un autre y voyait de \u00abl\u2019affichage\u00bb et consid\u00e9rait qu\u2019on \u00abest trop dans l\u2019id\u00e9ologie\u00bb. Un troisi\u00e8me administr\u00e9 s\u2019interrogeait, lui, sur la faisabilit\u00e9 de la mesure : \u00abIl n\u2019y a pas de foncier \u00e0 Grenoble, comment voulez-vous construire des immeubles ? C\u2019est illusoire\u00bb. Aucun n\u2019y voyait, en tout cas, une mesure \u00e9lectoraliste, Eric Piolle ayant annonc\u00e9 qu\u2019il ne serait pas candidat \u00e0 un troisi\u00e8me mandat.<\/p>\n","protected":false},"excerpt":{"rendered":"Les sociologues Monique et Michel Pin\u00e7on-Charlot avaient trouv\u00e9 la formule en intitulant l\u2019une de leurs \u00e9tudes sur la&hellip;\n","protected":false},"author":2,"featured_media":304093,"comment_status":"","ping_status":"","sticky":false,"template":"","format":"standard","meta":{"footnotes":""},"categories":[9566],"tags":[1111,11,2430,9607,1777,674,1011,27,2731,6459,12,25],"class_list":{"0":"post-304092","1":"post","2":"type-post","3":"status-publish","4":"format-standard","5":"has-post-thumbnail","7":"category-grenoble","8":"tag-actu","9":"tag-actualites","10":"tag-auvergne-rhone-alpes","11":"tag-eric-piolle","12":"tag-eu","13":"tag-europe","14":"tag-fr","15":"tag-france","16":"tag-grenoble","17":"tag-logements-sociaux","18":"tag-news","19":"tag-republique-francaise"},"share_on_mastodon":{"url":"https:\/\/pubeurope.com\/@fr\/114990773850234178","error":""},"_links":{"self":[{"href":"https:\/\/www.europesays.com\/fr\/wp-json\/wp\/v2\/posts\/304092","targetHints":{"allow":["GET"]}}],"collection":[{"href":"https:\/\/www.europesays.com\/fr\/wp-json\/wp\/v2\/posts"}],"about":[{"href":"https:\/\/www.europesays.com\/fr\/wp-json\/wp\/v2\/types\/post"}],"author":[{"embeddable":true,"href":"https:\/\/www.europesays.com\/fr\/wp-json\/wp\/v2\/users\/2"}],"replies":[{"embeddable":true,"href":"https:\/\/www.europesays.com\/fr\/wp-json\/wp\/v2\/comments?post=304092"}],"version-history":[{"count":0,"href":"https:\/\/www.europesays.com\/fr\/wp-json\/wp\/v2\/posts\/304092\/revisions"}],"wp:featuredmedia":[{"embeddable":true,"href":"https:\/\/www.europesays.com\/fr\/wp-json\/wp\/v2\/media\/304093"}],"wp:attachment":[{"href":"https:\/\/www.europesays.com\/fr\/wp-json\/wp\/v2\/media?parent=304092"}],"wp:term":[{"taxonomy":"category","embeddable":true,"href":"https:\/\/www.europesays.com\/fr\/wp-json\/wp\/v2\/categories?post=304092"},{"taxonomy":"post_tag","embeddable":true,"href":"https:\/\/www.europesays.com\/fr\/wp-json\/wp\/v2\/tags?post=304092"}],"curies":[{"name":"wp","href":"https:\/\/api.w.org\/{rel}","templated":true}]}}