{"id":30410,"date":"2025-04-17T01:01:13","date_gmt":"2025-04-17T01:01:13","guid":{"rendered":"https:\/\/www.europesays.com\/fr\/30410\/"},"modified":"2025-04-17T01:01:13","modified_gmt":"2025-04-17T01:01:13","slug":"rassemblements-a-paris-et-marseille-en-soutien-aux-journalistes-tues-a-gaza-3","status":"publish","type":"post","link":"https:\/\/www.europesays.com\/fr\/30410\/","title":{"rendered":"Rassemblements \u00e0 Paris et Marseille en soutien aux journalistes tu\u00e9s \u00e0 Gaza"},"content":{"rendered":"<p>A Paris, quelque 200 journalistes, dont le fondateur de Mediapart Edwy Plenel, se sont symboliquement allong\u00e9s sur les marches de l&rsquo;Op\u00e9ra Bastille, \u00e0 mesure que les noms des victimes \u00e9taient \u00e9gren\u00e9s. Pr\u00e8s de 200 journalistes ont \u00e9t\u00e9 tu\u00e9s \u00e0 Gaza depuis le d\u00e9but de la guerre en octobre 2023.<\/p>\n<p>Ils portaient des dossards de presse macul\u00e9s de rouge et des photos des victimes. \u00ab\u00a0Gaza des visages, pas que des nombres\u00a0\u00bb, pouvait-on lire \u00e0 c\u00f4t\u00e9 des photos. <\/p>\n<p>Dans la foule, des pancartes d&rsquo;organisations syndicales c\u00f4toyaient de nombreux drapeaux palestiniens et keffiehs. \u00ab\u00a0On ne se taira pas, g\u00e9nocide \u00e0 Gaza\u00a0\u00bb et \u00ab\u00a0Free Palestine\u00a0\u00bb, ont \u00e9galement scand\u00e9 quelques participants. <\/p>\n<p>Le dirigeant d&rsquo;un syndicat de journalistes palestiniens en Europe, Youssef Habash, a d\u00e9nonc\u00e9 un \u00ab\u00a0g\u00e9nocide\u00a0\u00bb et appel\u00e9 a la fin du blocus a Gaza. <\/p>\n<p>Il n&rsquo;y \u00ab\u00a0jamais eu autant de victimes dans notre profession. Le droit des citoyens du monde a \u00eatre inform\u00e9 est compromis\u00a0\u00bb, a estim\u00e9 Pablo Aiquel, secr\u00e9taire g\u00e9n\u00e9ral du SNJ-CGT, s&rsquo;exprimant au nom de la F\u00e9d\u00e9ration internationale des journalistes (FIJ).<\/p>\n<p>\u00ab\u00a0Ce rassemblement arrive tard, peut \u00eatre trop tard. (&#8230;) Je n&rsquo;avais jamais vu un conflit o\u00f9 lorsqu&rsquo;un journaliste p\u00e9rit, on dit qu&rsquo;il \u00e9tait un terroriste\u00a0\u00bb, a de son c\u00f4t\u00e9 d\u00e9plor\u00e9 Thibaut Bruttin, directeur g\u00e9n\u00e9ral de Reporters sans fronti\u00e8res (RSF).<\/p>\n<p>A Marseille, environ 160 personnes se sont r\u00e9unies sur le Vieux-Port. Les noms des journalistes tu\u00e9s \u00e0 Gaza ont \u00e9t\u00e9 cit\u00e9s, avant une minute de silence en leur hommage.<\/p>\n<p>Dans une tribune publi\u00e9e lundi par Le Monde, plusieurs organisations, dont les syndicats de journaliste SNJ, CGT et CFDT, RSF, la FIJ et une quarantaine de soci\u00e9t\u00e9s de journalistes ou r\u00e9dactions de divers m\u00e9dias, dont l&rsquo;AFP, avaient d\u00e9nonc\u00e9 \u00ab\u00a0une h\u00e9catombe d&rsquo;une magnitude jamais vue\u00a0\u00bb.<\/p>\n<p>\u00ab\u00a0L&rsquo;arm\u00e9e isra\u00e9lienne cherche \u00e0 imposer un black-out m\u00e9diatique sur Gaza, \u00e0 r\u00e9duire au silence, autant que possible, les t\u00e9moins des crimes de guerre commis par ses troupes\u00a0\u00bb, avaient-elles accus\u00e9. <\/p>\n<p>La guerre \u00e0 Gaza a \u00e9t\u00e9 d\u00e9clench\u00e9e par l&rsquo;attaque sans pr\u00e9c\u00e9dent perp\u00e9tr\u00e9e le 7 octobre 2023 par le Hamas contre le sud d&rsquo;Isra\u00ebl.<\/p>\n<p>Cette attaque a entra\u00een\u00e9 la mort de 1.218 personnes c\u00f4t\u00e9 isra\u00e9lien, en majorit\u00e9 des civils, selon un d\u00e9compte de l&rsquo;AFP bas\u00e9 sur des chiffres officiels. Sur 251 personnes alors enlev\u00e9es, 58 sont toujours retenues \u00e0 Gaza dont 34 mortes, selon l&rsquo;arm\u00e9e.<\/p>\n<p>Selon le minist\u00e8re de la Sant\u00e9 du Hamas, le nombre de morts \u00e0 Gaza depuis le d\u00e9but de la riposte isra\u00e9lienne s&rsquo;\u00e9l\u00e8ve \u00e0 51.025, des donn\u00e9es jug\u00e9es fiables par l&rsquo;ONU.<\/p>\n","protected":false},"excerpt":{"rendered":"A Paris, quelque 200 journalistes, dont le fondateur de Mediapart Edwy Plenel, se sont symboliquement allong\u00e9s sur les&hellip;\n","protected":false},"author":2,"featured_media":30281,"comment_status":"","ping_status":"","sticky":false,"template":"","format":"standard","meta":{"footnotes":""},"categories":[2814],"tags":[17,1111,11,1007,1777,674,1011,27,329,8299,884,12,626,882,10469,25,7618,10470],"class_list":{"0":"post-30410","1":"post","2":"type-post","3":"status-publish","4":"format-standard","5":"has-post-thumbnail","7":"category-marseille","8":"tag-17","9":"tag-actu","10":"tag-actualites","11":"tag-aux","12":"tag-eu","13":"tag-europe","14":"tag-fr","15":"tag-france","16":"tag-france-monde","17":"tag-journalistes","18":"tag-marseille","19":"tag-news","20":"tag-paris","21":"tag-provence-alpes-cote-dazur","22":"tag-rassemblements","23":"tag-republique-francaise","24":"tag-soutien","25":"tag-tues"},"share_on_mastodon":{"url":"https:\/\/pubeurope.com\/@fr\/114350606472141056","error":""},"_links":{"self":[{"href":"https:\/\/www.europesays.com\/fr\/wp-json\/wp\/v2\/posts\/30410","targetHints":{"allow":["GET"]}}],"collection":[{"href":"https:\/\/www.europesays.com\/fr\/wp-json\/wp\/v2\/posts"}],"about":[{"href":"https:\/\/www.europesays.com\/fr\/wp-json\/wp\/v2\/types\/post"}],"author":[{"embeddable":true,"href":"https:\/\/www.europesays.com\/fr\/wp-json\/wp\/v2\/users\/2"}],"replies":[{"embeddable":true,"href":"https:\/\/www.europesays.com\/fr\/wp-json\/wp\/v2\/comments?post=30410"}],"version-history":[{"count":0,"href":"https:\/\/www.europesays.com\/fr\/wp-json\/wp\/v2\/posts\/30410\/revisions"}],"wp:featuredmedia":[{"embeddable":true,"href":"https:\/\/www.europesays.com\/fr\/wp-json\/wp\/v2\/media\/30281"}],"wp:attachment":[{"href":"https:\/\/www.europesays.com\/fr\/wp-json\/wp\/v2\/media?parent=30410"}],"wp:term":[{"taxonomy":"category","embeddable":true,"href":"https:\/\/www.europesays.com\/fr\/wp-json\/wp\/v2\/categories?post=30410"},{"taxonomy":"post_tag","embeddable":true,"href":"https:\/\/www.europesays.com\/fr\/wp-json\/wp\/v2\/tags?post=30410"}],"curies":[{"name":"wp","href":"https:\/\/api.w.org\/{rel}","templated":true}]}}