{"id":304100,"date":"2025-08-08T02:30:24","date_gmt":"2025-08-08T02:30:24","guid":{"rendered":"https:\/\/www.europesays.com\/fr\/304100\/"},"modified":"2025-08-08T02:30:24","modified_gmt":"2025-08-08T02:30:24","slug":"jeune-femme-brulee-vive-a-juan-les-pins-le-barman-et-le-gerant-du-you-mis-en-examen-apres-leur-garde-a-vue-et-interdits-dexercer","status":"publish","type":"post","link":"https:\/\/www.europesays.com\/fr\/304100\/","title":{"rendered":"Jeune femme br\u00fbl\u00e9e vive \u00e0 Juan-les-Pins: le barman et le g\u00e9rant du \u00ab\u00a0You\u00a0\u00bb mis en examen apr\u00e8s leur garde \u00e0 vue et interdits d\u2019exercer"},"content":{"rendered":"<p>Dans le cadre de l\u2019enqu\u00eate sur <strong>une victime gri\u00e8vement br\u00fbl\u00e9e<\/strong> dans <a href=\"https:\/\/www.nicematin.com\/faits-divers\/une-jeune-fille-gravement-brulee-par-des-flammes-dans-la-boite-de-nuit-you-a-juan-les-pins-995974\" rel=\"nofollow noopener\" target=\"_blank\">un \u00e9tablissement de nuit \u00e0 Juan-les-Pins \u2013 le You \u2013<\/a>, le parquet de Grasse confirme l\u2019ouverture d\u2019<strong>une information judiciaire<\/strong> depuis le 4 ao\u00fbt 2025. \u00c0 l\u2019issue d\u2019une nouvelle garde \u00e0 vue ce lundi, les personnes impliqu\u00e9es ont \u00e9t\u00e9 mises en examen et pr\u00e9sent\u00e9es au juge.<\/p>\n<p>Le barman a \u00e9t\u00e9 mis en cause pour <strong>non-assistance<\/strong> \u00e0 personne en danger et<strong> blessures involontaires<\/strong> avec<strong> ITT sup\u00e9rieure \u00e0 trois mois<\/strong>. Le g\u00e9rant, quant \u00e0 lui, est poursuivi pour blessures involontaires avec ITT <strong>sup\u00e9rieure \u00e0 trois mois<\/strong>, tout comme la soci\u00e9t\u00e9 exploitante, \u00e9galement mise en examen.<\/p>\n<p>Sous contr\u00f4le judiciaire<\/p>\n<p>Tous deux ont interdiction de <strong>contacter la victime<\/strong> ou de <strong>communiquer entre eux,<\/strong> et doivent r\u00e9pondre aux convocations du magistrat.<\/p>\n<p>Des restrictions professionnelles ont aussi \u00e9t\u00e9 prononc\u00e9es: le barman et le g\u00e9rant ne peuvent plus exercer leur fonction actuelle et la soci\u00e9t\u00e9 a l\u2019interdiction d\u2019exploiter l\u2019activit\u00e9 en cause et doit verser \u00ab\u00a0un cautionnement de 20.000 euros\u00a0\u00bb, pr\u00e9cise le procureur de la R\u00e9publique de Grasse, Damien Savarzeix.<\/p>\n<p>Pour rappel, une jeune femme \u00e2g\u00e9e de 22 ans avait \u00e9t\u00e9 <strong>gravement br\u00fbl\u00e9e<\/strong> par des shooters d\u2019alcool enflamm\u00e9s, dimanche 27 juillet. Une<strong> fermeture administrative<\/strong> avait \u00e9t\u00e9 prononc\u00e9e trois jours plus tard.<\/p>\n","protected":false},"excerpt":{"rendered":"Dans le cadre de l\u2019enqu\u00eate sur une victime gri\u00e8vement br\u00fbl\u00e9e dans un \u00e9tablissement de nuit \u00e0 Juan-les-Pins \u2013&hellip;\n","protected":false},"author":2,"featured_media":304101,"comment_status":"","ping_status":"","sticky":false,"template":"","format":"standard","meta":{"footnotes":""},"categories":[2819],"tags":[1111,11,1777,674,118,1011,27,303,12,2401,882,25],"class_list":{"0":"post-304100","1":"post","2":"type-post","3":"status-publish","4":"format-standard","5":"has-post-thumbnail","7":"category-nice","8":"tag-actu","9":"tag-actualites","10":"tag-eu","11":"tag-europe","12":"tag-faits-divers","13":"tag-fr","14":"tag-france","15":"tag-justice","16":"tag-news","17":"tag-nice","18":"tag-provence-alpes-cote-dazur","19":"tag-republique-francaise"},"share_on_mastodon":{"url":"https:\/\/pubeurope.com\/@fr\/114990797491086432","error":""},"_links":{"self":[{"href":"https:\/\/www.europesays.com\/fr\/wp-json\/wp\/v2\/posts\/304100","targetHints":{"allow":["GET"]}}],"collection":[{"href":"https:\/\/www.europesays.com\/fr\/wp-json\/wp\/v2\/posts"}],"about":[{"href":"https:\/\/www.europesays.com\/fr\/wp-json\/wp\/v2\/types\/post"}],"author":[{"embeddable":true,"href":"https:\/\/www.europesays.com\/fr\/wp-json\/wp\/v2\/users\/2"}],"replies":[{"embeddable":true,"href":"https:\/\/www.europesays.com\/fr\/wp-json\/wp\/v2\/comments?post=304100"}],"version-history":[{"count":0,"href":"https:\/\/www.europesays.com\/fr\/wp-json\/wp\/v2\/posts\/304100\/revisions"}],"wp:featuredmedia":[{"embeddable":true,"href":"https:\/\/www.europesays.com\/fr\/wp-json\/wp\/v2\/media\/304101"}],"wp:attachment":[{"href":"https:\/\/www.europesays.com\/fr\/wp-json\/wp\/v2\/media?parent=304100"}],"wp:term":[{"taxonomy":"category","embeddable":true,"href":"https:\/\/www.europesays.com\/fr\/wp-json\/wp\/v2\/categories?post=304100"},{"taxonomy":"post_tag","embeddable":true,"href":"https:\/\/www.europesays.com\/fr\/wp-json\/wp\/v2\/tags?post=304100"}],"curies":[{"name":"wp","href":"https:\/\/api.w.org\/{rel}","templated":true}]}}