{"id":304102,"date":"2025-08-08T02:34:16","date_gmt":"2025-08-08T02:34:16","guid":{"rendered":"https:\/\/www.europesays.com\/fr\/304102\/"},"modified":"2025-08-08T02:34:16","modified_gmt":"2025-08-08T02:34:16","slug":"le-mouloudia-club-alger-veut-un-ancien-des-girondins-de-bordeaux","status":"publish","type":"post","link":"https:\/\/www.europesays.com\/fr\/304102\/","title":{"rendered":"Le Mouloudia Club Alger veut un ancien des Girondins de Bordeaux"},"content":{"rendered":"<p><img decoding=\"async\" src=\"https:\/\/www.europesays.com\/fr\/wp-content\/uploads\/2025\/08\/671_1b766fc3a7c9d411643a3905a800e43f.png\" alt=\"Le Mouloudia Club Alger veut un ancien des Girondins de Bordeaux\" class=\"img-responsive mt-3\"\/><\/p>\n<p class=\"text-center mb-3\" style=\"font-size: 14px\">\u00a9 Iconsport<\/p>\n<p style=\"text-align: justify;\">Le Mouloudia Club Alger souhaite b\u00e2tir une \u00e9quipe solide autour d&rsquo;Andy Delort. Pour cela, le club nord-africain souhaite engager l&rsquo;attaquant Enzo Crivelli, pass\u00e9 par la formation des Girondins de Bordeaux.<\/p>\n<p style=\"text-align: justify;\">Crivelli (30 ans) est libre depuis sa fin de contrat avec le club suisse du Servette FC cet \u00e9t\u00e9 2025.<\/p>\n<p style=\"text-align: justify;\">Enzo Crivelli a \u00e9t\u00e9 bordelais de 2014 \u00e0 2017. Il a jou\u00e9 56 matchs avec les Girondins en \u00e9quipe premi\u00e8re pour 7 buts et 6 passes d\u00e9cisives. Il a aussi jou\u00e9 31 rencontres avec l\u2019\u00e9quipe r\u00e9serve des Marine et Blanc.<\/p>\n<p>\u00a0<\/p>\n<p>\u00a0<\/p>\n<p>\u00a0<\/p>\n<p>\u00c0 lire aussi &gt;&gt; <strong><a href=\"https:\/\/www.webgirondins.com\/actualite-autour-des-girondins-ex-girondins-coup-dur-pour-issam-ben-khemis-eloigne-des-terrains-pendant-12-semaines-129979\" target=\"_blank\" rel=\"noopener\">Coup dur pour Issam Ben Khemis \u00e9loign\u00e9 des terrains pendant 12 semaines<\/a><\/strong><\/p>\n<p>Notre podcast court \u00e0 \u00e9couter :<\/p>\n<p style=\"text-align: justify;\">\u00a0<\/p>\n","protected":false},"excerpt":{"rendered":"\u00a9 Iconsport Le Mouloudia Club Alger souhaite b\u00e2tir une \u00e9quipe solide autour d&rsquo;Andy Delort. Pour cela, le club&hellip;\n","protected":false},"author":2,"featured_media":304103,"comment_status":"","ping_status":"","sticky":false,"template":"","format":"standard","meta":{"footnotes":""},"categories":[2817],"tags":[1111,11,8269,4255,13771,1997,5244,44415,16024,1777,674,44416,1011,27,1987,6417,44414,12,2219,31437,25,9870],"class_list":{"0":"post-304102","1":"post","2":"type-post","3":"status-publish","4":"format-standard","5":"has-post-thumbnail","7":"category-bordeaux","8":"tag-actu","9":"tag-actualites","10":"tag-alger","11":"tag-ancien","12":"tag-attaquant","13":"tag-bordeaux","14":"tag-club","15":"tag-crivelli","16":"tag-enzo","17":"tag-eu","18":"tag-europe","19":"tag-footmercato","20":"tag-fr","21":"tag-france","22":"tag-girondins","23":"tag-information","24":"tag-mouloudia","25":"tag-news","26":"tag-nouvelle-aquitaine","27":"tag-recruter","28":"tag-republique-francaise","29":"tag-veut"},"share_on_mastodon":{"url":"https:\/\/pubeurope.com\/@fr\/114990813299482659","error":""},"_links":{"self":[{"href":"https:\/\/www.europesays.com\/fr\/wp-json\/wp\/v2\/posts\/304102","targetHints":{"allow":["GET"]}}],"collection":[{"href":"https:\/\/www.europesays.com\/fr\/wp-json\/wp\/v2\/posts"}],"about":[{"href":"https:\/\/www.europesays.com\/fr\/wp-json\/wp\/v2\/types\/post"}],"author":[{"embeddable":true,"href":"https:\/\/www.europesays.com\/fr\/wp-json\/wp\/v2\/users\/2"}],"replies":[{"embeddable":true,"href":"https:\/\/www.europesays.com\/fr\/wp-json\/wp\/v2\/comments?post=304102"}],"version-history":[{"count":0,"href":"https:\/\/www.europesays.com\/fr\/wp-json\/wp\/v2\/posts\/304102\/revisions"}],"wp:featuredmedia":[{"embeddable":true,"href":"https:\/\/www.europesays.com\/fr\/wp-json\/wp\/v2\/media\/304103"}],"wp:attachment":[{"href":"https:\/\/www.europesays.com\/fr\/wp-json\/wp\/v2\/media?parent=304102"}],"wp:term":[{"taxonomy":"category","embeddable":true,"href":"https:\/\/www.europesays.com\/fr\/wp-json\/wp\/v2\/categories?post=304102"},{"taxonomy":"post_tag","embeddable":true,"href":"https:\/\/www.europesays.com\/fr\/wp-json\/wp\/v2\/tags?post=304102"}],"curies":[{"name":"wp","href":"https:\/\/api.w.org\/{rel}","templated":true}]}}