{"id":30411,"date":"2025-04-17T01:02:09","date_gmt":"2025-04-17T01:02:09","guid":{"rendered":"https:\/\/www.europesays.com\/fr\/30411\/"},"modified":"2025-04-17T01:02:09","modified_gmt":"2025-04-17T01:02:09","slug":"previsions-du-jeudi-17-avril-2025-7","status":"publish","type":"post","link":"https:\/\/www.europesays.com\/fr\/30411\/","title":{"rendered":"pr\u00e9visions du jeudi 17 avril 2025"},"content":{"rendered":"<p>La grisaille ne se disperse toujours pas, il va y avoir encore des nuages aujourd&rsquo;hui. Il va pleuvoir \u00e0 Lyon. Les maximales iront jusqu&rsquo;\u00e0 8\u00b0C alors que les minimales seront de 6\u00b0C. Un petit vent de nord-ouest sera ressenti par les habitants. Les temp\u00e9ratures s&rsquo;\u00e9chelonneront entre 6 et 8\u00b0C le matin. L&rsquo;apr\u00e8s-midi, le soleil sera dissimul\u00e9 derri\u00e8re des nuages. La soir\u00e9e va rester maussade \u00e0 cause de nuages qui se maintiennent dans le ciel. Des pluies \u00e9parses tomberont. Le passage de jeudi \u00e0 vendredi s&rsquo;effectuera sous un ciel pluvieux.<\/p>\n<p>L&rsquo;air ambiant va se r\u00e9chauffer demain \u00e0 Lyon avec une augmentation de quelques degr\u00e9s. Le thermom\u00e8tre affichera 11\u00b0C en moyenne. Un vent de sud-est rafra\u00eechira l\u00e9g\u00e8rement l&rsquo;atmosph\u00e8re. Le ciel sera toujours couvert le matin avec des nuages. Intemp\u00e9ries : on annonce des pluies \u00e9parses. Les valeurs seront de 10\u00b0C. Le soleil appara\u00eet l\u00e9g\u00e8rement demain apr\u00e8s-midi. Ces \u00e9claircies devraient r\u00e9jouir les habitants. Les temp\u00e9ratures vont grimper de plusieurs degr\u00e9s. Les valeurs afficheront entre 10\u00b0C et 12\u00b0C dans la soir\u00e9e.<\/p>\n<p>Peu de changements pour la suite. Des temp\u00e9ratures dans les 14\u00b0C accompagneront un ciel ensoleill\u00e9.<\/p>\n<p><\/p>\n","protected":false},"excerpt":{"rendered":"La grisaille ne se disperse toujours pas, il va y avoir encore des nuages aujourd&rsquo;hui. Il va pleuvoir&hellip;\n","protected":false},"author":2,"featured_media":30412,"comment_status":"","ping_status":"","sticky":false,"template":"","format":"standard","meta":{"footnotes":""},"categories":[1889],"tags":[1111,11,2430,1777,674,1011,27,2428,12,2119,25,2429,2431],"class_list":{"0":"post-30411","1":"post","2":"type-post","3":"status-publish","4":"format-standard","5":"has-post-thumbnail","7":"category-lyon","8":"tag-actu","9":"tag-actualites","10":"tag-auvergne-rhone-alpes","11":"tag-eu","12":"tag-europe","13":"tag-fr","14":"tag-france","15":"tag-lyon","16":"tag-news","17":"tag-previsions-meteo","18":"tag-republique-francaise","19":"tag-rhone","20":"tag-rhone-alpes"},"share_on_mastodon":{"url":"https:\/\/pubeurope.com\/@fr\/114350610558895547","error":""},"_links":{"self":[{"href":"https:\/\/www.europesays.com\/fr\/wp-json\/wp\/v2\/posts\/30411","targetHints":{"allow":["GET"]}}],"collection":[{"href":"https:\/\/www.europesays.com\/fr\/wp-json\/wp\/v2\/posts"}],"about":[{"href":"https:\/\/www.europesays.com\/fr\/wp-json\/wp\/v2\/types\/post"}],"author":[{"embeddable":true,"href":"https:\/\/www.europesays.com\/fr\/wp-json\/wp\/v2\/users\/2"}],"replies":[{"embeddable":true,"href":"https:\/\/www.europesays.com\/fr\/wp-json\/wp\/v2\/comments?post=30411"}],"version-history":[{"count":0,"href":"https:\/\/www.europesays.com\/fr\/wp-json\/wp\/v2\/posts\/30411\/revisions"}],"wp:featuredmedia":[{"embeddable":true,"href":"https:\/\/www.europesays.com\/fr\/wp-json\/wp\/v2\/media\/30412"}],"wp:attachment":[{"href":"https:\/\/www.europesays.com\/fr\/wp-json\/wp\/v2\/media?parent=30411"}],"wp:term":[{"taxonomy":"category","embeddable":true,"href":"https:\/\/www.europesays.com\/fr\/wp-json\/wp\/v2\/categories?post=30411"},{"taxonomy":"post_tag","embeddable":true,"href":"https:\/\/www.europesays.com\/fr\/wp-json\/wp\/v2\/tags?post=30411"}],"curies":[{"name":"wp","href":"https:\/\/api.w.org\/{rel}","templated":true}]}}