{"id":304116,"date":"2025-08-08T02:45:13","date_gmt":"2025-08-08T02:45:13","guid":{"rendered":"https:\/\/www.europesays.com\/fr\/304116\/"},"modified":"2025-08-08T02:45:13","modified_gmt":"2025-08-08T02:45:13","slug":"donald-trump-veut-exclure-les-immigres-clandestins-du-recensement-national-en-esperant-un-college-electoral-plus-favorable","status":"publish","type":"post","link":"https:\/\/www.europesays.com\/fr\/304116\/","title":{"rendered":"Donald Trump veut exclure les immigr\u00e9s clandestins du recensement national, en esp\u00e9rant un coll\u00e8ge \u00e9lectoral plus favorable"},"content":{"rendered":"<p class=\"c-chapo \">\n  Le pr\u00e9sident am\u00e9ricain a effectu\u00e9 cette demande car le recensement sert notamment \u00e0 d\u00e9terminer le nombre de membres du coll\u00e8ge \u00e9lectoral, Etat par Etat, pour l&rsquo;\u00e9lection pr\u00e9sidentielle et \u00e0 d\u00e9terminer le nombre d&rsquo;\u00e9lus au Congr\u00e8s.\n<\/p>\n<p>            lire plus tard<\/p>\n<p id=\"dialog__title\" class=\"dialog__title\">Pour sauvegarder cet article, connectez-vous ou cr\u00e9ez un compte franceinfo<\/p>\n<p class=\"dialog__description\">Sans paiement. Sans abonnement.<\/p>\n<p>        Fermer la fen\u00eatre d\u2019activation des notifications France Info<\/p>\n<p>            cr\u00e9er votre compte<\/p>\n<p>            se connecter<\/p>\n<p>        Fermer la fen\u00eatre de pr\u00e9sentation<\/p>\n<p>    <img loading=\"lazy\" decoding=\"async\" class=\"signature__image lazyload\" width=\"100\" height=\"100\" data- alt=\"\" src=\"https:\/\/www.europesays.com\/fr\/wp-content\/uploads\/2025\/05\/64a68815cd1a7_placeholder-36b69ec8.png\"\/><\/p>\n<p>    Publi\u00e9 le 07\/08\/2025 23:23<\/p>\n<p>        Temps de lecture : 2min<\/p>\n<p>    <img decoding=\"async\"  alt=\"Le pr\u00e9sident am\u00e9ricain Donald Trump dans le Bureau ovale, \u00e0 Washington, le 7 ao\u00fbt 2025. (WIN MCNAMEE \/ GETTY IMAGES NORTH AMERICA \/ AFP)\" width=\"432\" height=\"243\" src=\"https:\/\/www.europesays.com\/fr\/wp-content\/uploads\/2025\/08\/063-2228984929-6895189230b96741334260.jpg\" fetchpriority=\"high\"\/><\/p>\n<p>      Le pr\u00e9sident am\u00e9ricain Donald Trump dans le Bureau ovale, \u00e0 Washington, le 7 ao\u00fbt 2025. (WIN MCNAMEE \/ GETTY IMAGES NORTH AMERICA \/ AFP)<\/p>\n<p>Le sujet est tr\u00e8s politique. Le pr\u00e9sident am\u00e9ricain Donald Trump a demand\u00e9, jeudi 7 ao\u00fbt, que le prochain recensement ne prenne pas en compte les \u00ab\u00a0personnes pr\u00e9sentes ill\u00e9galement\u00a0\u00bb aux Etats-Unis, au moment o\u00f9 la Maison Blanche fait pression sur de nombreux responsables locaux pour red\u00e9couper l<a href=\"https:\/\/www.franceinfo.fr\/monde\/usa\/presidentielle\/resultats\/carte-resultats-de-la-presidentielle-americaine-visualisez-l-evolution-du-vote-pour-donald-trump-par-rapport-a-2020-comte-par-comte_6885599.html\" rel=\"nofollow noopener\" target=\"_blank\">a carte \u00e9lectorale en faveur des r\u00e9publicains<\/a>.<\/p>\n<p>La Constitution am\u00e9ricaine pr\u00e9voit qu&rsquo;un recensement soit effectu\u00e9 tous les dix ans en comptant \u00ab\u00a0l&rsquo;ensemble des personnes dans chaque Etat\u00a0\u00bb, dont les immigr\u00e9s en situation irr\u00e9guli\u00e8re. Le prochain doit avoir lieu en 2030, mais les pr\u00e9paratifs ont d\u00e9j\u00e0 commenc\u00e9 pour cette t\u00e2che colossale dans un pays de plus de 340 millions d&rsquo;habitants.<\/p>\n<p>Donald Trump a effectu\u00e9 cette demande car le recensement sert notamment \u00e0 d\u00e9terminer le nombre de membres du coll\u00e8ge \u00e9lectoral, Etat par Etat, pour l&rsquo;\u00e9lection pr\u00e9sidentielle, mais aussi \u00e0 d\u00e9terminer le nombre d&rsquo;\u00e9lus au Congr\u00e8s de chaque Etat.<\/p>\n<p>Le Pew Research Center estimait ainsi en 2020 qu&rsquo;en retirant les immigr\u00e9s sans papiers du recensement am\u00e9ricain, la Californie, le Texas et la Floride auraient chacun perdu un si\u00e8ge au Congr\u00e8s. Certaines figures conservatrices ont appel\u00e9 jeudi \u00e0 ne pas attendre 2030 et \u00e0 effectuer un nouveau recensement d\u00e8s que possible, comme l&rsquo;influenceur Charlie Kirk qui a dit vouloir corriger le recensement de 2020, \u00ab\u00a0foir\u00e9\u00a0\u00bb selon lui en d\u00e9faveur des r\u00e9publicains dans un contexte de Covid-19.<\/p>\n<p>Donald Trump avait d\u00e9j\u00e0 tent\u00e9 lors de son premier mandat de changer les r\u00e8gles \u00e9tablies, notamment en incluant une question sur la citoyennet\u00e9 dans les documents de recensement. Mais cette mesure avait \u00e9t\u00e9 rejet\u00e9e par la Cour supr\u00eame, sans que celle-ci ne se prononce pour autant sur le fond sur la question de la pr\u00e9sence des immigr\u00e9s clandestins dans le recensement.<\/p>\n<p class=\"related-tags__title\" role=\"heading\" aria-level=\"2\">les mots-cl\u00e9s associ\u00e9s \u00e0 cet article\n    <\/p>\n","protected":false},"excerpt":{"rendered":"Le pr\u00e9sident am\u00e9ricain a effectu\u00e9 cette demande car le recensement sert notamment \u00e0 d\u00e9terminer le nombre de membres&hellip;\n","protected":false},"author":2,"featured_media":304117,"comment_status":"","ping_status":"","sticky":false,"template":"","format":"standard","meta":{"footnotes":""},"categories":[1888],"tags":[1111,1928,11,1927,1777,674,1011,27,12,1926,626,1925,25],"class_list":{"0":"post-304116","1":"post","2":"type-post","3":"status-publish","4":"format-standard","5":"has-post-thumbnail","7":"category-paris","8":"tag-actu","9":"tag-actu-paris","10":"tag-actualites","11":"tag-actualites-paris","12":"tag-eu","13":"tag-europe","14":"tag-fr","15":"tag-france","16":"tag-news","17":"tag-news-paris","18":"tag-paris","19":"tag-paris-news","20":"tag-republique-francaise"},"share_on_mastodon":{"url":"https:\/\/pubeurope.com\/@fr\/114990856589706625","error":""},"_links":{"self":[{"href":"https:\/\/www.europesays.com\/fr\/wp-json\/wp\/v2\/posts\/304116","targetHints":{"allow":["GET"]}}],"collection":[{"href":"https:\/\/www.europesays.com\/fr\/wp-json\/wp\/v2\/posts"}],"about":[{"href":"https:\/\/www.europesays.com\/fr\/wp-json\/wp\/v2\/types\/post"}],"author":[{"embeddable":true,"href":"https:\/\/www.europesays.com\/fr\/wp-json\/wp\/v2\/users\/2"}],"replies":[{"embeddable":true,"href":"https:\/\/www.europesays.com\/fr\/wp-json\/wp\/v2\/comments?post=304116"}],"version-history":[{"count":0,"href":"https:\/\/www.europesays.com\/fr\/wp-json\/wp\/v2\/posts\/304116\/revisions"}],"wp:featuredmedia":[{"embeddable":true,"href":"https:\/\/www.europesays.com\/fr\/wp-json\/wp\/v2\/media\/304117"}],"wp:attachment":[{"href":"https:\/\/www.europesays.com\/fr\/wp-json\/wp\/v2\/media?parent=304116"}],"wp:term":[{"taxonomy":"category","embeddable":true,"href":"https:\/\/www.europesays.com\/fr\/wp-json\/wp\/v2\/categories?post=304116"},{"taxonomy":"post_tag","embeddable":true,"href":"https:\/\/www.europesays.com\/fr\/wp-json\/wp\/v2\/tags?post=304116"}],"curies":[{"name":"wp","href":"https:\/\/api.w.org\/{rel}","templated":true}]}}