{"id":304118,"date":"2025-08-08T02:46:21","date_gmt":"2025-08-08T02:46:21","guid":{"rendered":"https:\/\/www.europesays.com\/fr\/304118\/"},"modified":"2025-08-08T02:46:21","modified_gmt":"2025-08-08T02:46:21","slug":"le-conseil-constitutionnel-valide-la-reforme-du-scrutin-municipal-a-paris-lyon-et-marseille","status":"publish","type":"post","link":"https:\/\/www.europesays.com\/fr\/304118\/","title":{"rendered":"Le Conseil constitutionnel valide la r\u00e9forme du scrutin municipal \u00e0 Paris, Lyon et Marseille"},"content":{"rendered":"<p class=\"c-chapo \">\n  Soutenu par l&rsquo;ex\u00e9cutif, le texte avait \u00e9t\u00e9 rejet\u00e9 deux fois par le S\u00e9nat, o\u00f9 ses d\u00e9tracteurs de gauche comme de droite d\u00e9non\u00e7aient une manipulation \u00e9lectorale.\n<\/p>\n<p>            lire plus tard<\/p>\n<p id=\"dialog__title\" class=\"dialog__title\">Pour sauvegarder cet article, connectez-vous ou cr\u00e9ez un compte franceinfo<\/p>\n<p class=\"dialog__description\">Sans paiement. Sans abonnement.<\/p>\n<p>        Fermer la fen\u00eatre d\u2019activation des notifications France Info<\/p>\n<p>            cr\u00e9er votre compte<\/p>\n<p>            se connecter<\/p>\n<p>        Fermer la fen\u00eatre de pr\u00e9sentation<\/p>\n<p>    <img loading=\"lazy\" decoding=\"async\" class=\"signature__image lazyload\" width=\"100\" height=\"100\" data- alt=\"\" src=\"https:\/\/www.europesays.com\/fr\/wp-content\/uploads\/2025\/06\/64a55fd777de4_placeholder-36b69ec8.png\"\/><\/p>\n<p>    Publi\u00e9 le 07\/08\/2025 19:07<\/p>\n<p>      Mis \u00e0 jour le 07\/08\/2025 22:21<\/p>\n<p>        Temps de lecture : 2min<\/p>\n<p>    <img decoding=\"async\"  alt=\"Des camions de police stationnent devant le Conseil constitutionnel \u00e0 Paris, le 7\u00a0ao\u00fbt 2025. (CARINE SCHMITT \/ HANS LUCAS \/ AFP)\" width=\"432\" height=\"243\" src=\"https:\/\/www.europesays.com\/fr\/wp-content\/uploads\/2025\/08\/080-hl-cschmitt-2846524-6894d819c0daf126219515.jpg\" fetchpriority=\"high\"\/><\/p>\n<p>      Des camions de police stationnent devant le Conseil constitutionnel \u00e0 Paris, le 7\u00a0ao\u00fbt 2025. (CARINE SCHMITT \/ HANS LUCAS \/ AFP)<\/p>\n<p>La d\u00e9cision \u00e9tait extr\u00eamement attendue, \u00e0 quelques mois <a href=\"https:\/\/www.franceinfo.fr\/elections\/municipales\/\" rel=\"nofollow noopener\" target=\"_blank\">des \u00e9lections municipales<\/a>. <a href=\"https:\/\/www.conseil-constitutionnel.fr\/decision\/2025\/2025892DC.htm\" target=\"_blank\" rel=\"noopener nofollow\">Le Conseil constitutionnel a valid\u00e9<\/a>, jeudi 7\u00a0ao\u00fbt, la <a href=\"https:\/\/www.franceinfo.fr\/elections\/municipales\/le-parlement-adopte-definitivement-la-reforme-du-scrutin-municipal-a-a-paris-lyon-marseille_7368604.html\" rel=\"nofollow noopener\" target=\"_blank\">r\u00e9forme du scrutin municipal \u00e0 Paris, Lyon et Marseille<\/a>. Cette r\u00e9forme doit instaurer deux scrutins dans les trois plus grandes villes de France\u00a0: l&rsquo;un pour \u00e9lire les conseillers d&rsquo;arrondissement ou de secteur, l&rsquo;autre pour ceux du conseil municipal, sur une circonscription unique.<\/p>\n<p>Les \u00ab\u00a0Sages\u00a0\u00bb ont relev\u00e9 que pour ces trois communes, les plus peupl\u00e9es de France, le l\u00e9gislateur \u00e9tait fond\u00e9 \u00e0 vouloir \u00ab\u00a0am\u00e9liorer la repr\u00e9sentation des diverses sensibilit\u00e9s politiques au sein [de leurs] assembl\u00e9es d\u00e9lib\u00e9rantes\u00a0\u00bb, \u00ab\u00a0conform\u00e9ment \u00e0 l&rsquo;objectif de valeur constitutionnelle de pluralisme des courants de pens\u00e9es et d&rsquo;opinions\u00a0\u00bb.<\/p>\n<p>La r\u00e9forme, port\u00e9e par le d\u00e9put\u00e9 de Paris Renaissance Sylvain Maillard qui s&rsquo;est r\u00e9joui jeudi de \u00ab\u00a0la fin d&rsquo;une anomalie d\u00e9mocratique\u00a0\u00bb, \u00e9tait soutenue par le gouvernement. Elle avait \u00e9t\u00e9 vot\u00e9e d\u00e9but juillet par l&rsquo;Assembl\u00e9e malgr\u00e9 l&rsquo;hostilit\u00e9 du S\u00e9nat.<\/p>\n<p>Elle doit s&rsquo;appliquer d\u00e8s le scrutin municipal de mars 2026, conduisant \u00e0 un syst\u00e8me de double \u00e9lection, et donc deux urnes, l&rsquo;une pour \u00e9lire les membres du Conseil de la mairie centrale (Conseil de Paris, Conseils municipaux de Lyon et de Marseille) &#8211; lesquels \u00e9lisent ensuite le maire -, l&rsquo;autre pour \u00e9lire ceux de l&rsquo;arrondissement (\u00e0 Paris) ou du secteur (\u00e0 Lyon et Marseille).<\/p>\n<p>A Lyon, la r\u00e9forme entra\u00eene l&rsquo;organisation d&rsquo;un triple scrutin, puisque les administr\u00e9s des communes de la M\u00e9tropole de Lyon votent d\u00e9j\u00e0 directement pour leurs repr\u00e9sentants m\u00e9tropolitains, en m\u00eame temps que pour leurs conseillers municipaux. Notamment saisi sur ce point, le Conseil constitutionnel a estim\u00e9 que \u00ab\u00a0les nouvelles r\u00e8gles instaur\u00e9es ne sont pas d&rsquo;une particuli\u00e8re complexit\u00e9\u00a0\u00bb.<\/p>\n<p class=\"related-tags__title\" role=\"heading\" aria-level=\"2\">les mots-cl\u00e9s associ\u00e9s \u00e0 cet article\n    <\/p>\n","protected":false},"excerpt":{"rendered":"Soutenu par l&rsquo;ex\u00e9cutif, le texte avait \u00e9t\u00e9 rejet\u00e9 deux fois par le S\u00e9nat, o\u00f9 ses d\u00e9tracteurs de gauche&hellip;\n","protected":false},"author":2,"featured_media":304119,"comment_status":"","ping_status":"","sticky":false,"template":"","format":"standard","meta":{"footnotes":""},"categories":[1888],"tags":[1111,1928,11,1927,1777,674,1011,27,12,1926,626,1925,25],"class_list":{"0":"post-304118","1":"post","2":"type-post","3":"status-publish","4":"format-standard","5":"has-post-thumbnail","7":"category-paris","8":"tag-actu","9":"tag-actu-paris","10":"tag-actualites","11":"tag-actualites-paris","12":"tag-eu","13":"tag-europe","14":"tag-fr","15":"tag-france","16":"tag-news","17":"tag-news-paris","18":"tag-paris","19":"tag-paris-news","20":"tag-republique-francaise"},"share_on_mastodon":{"url":"https:\/\/pubeurope.com\/@fr\/114990860527147624","error":""},"_links":{"self":[{"href":"https:\/\/www.europesays.com\/fr\/wp-json\/wp\/v2\/posts\/304118","targetHints":{"allow":["GET"]}}],"collection":[{"href":"https:\/\/www.europesays.com\/fr\/wp-json\/wp\/v2\/posts"}],"about":[{"href":"https:\/\/www.europesays.com\/fr\/wp-json\/wp\/v2\/types\/post"}],"author":[{"embeddable":true,"href":"https:\/\/www.europesays.com\/fr\/wp-json\/wp\/v2\/users\/2"}],"replies":[{"embeddable":true,"href":"https:\/\/www.europesays.com\/fr\/wp-json\/wp\/v2\/comments?post=304118"}],"version-history":[{"count":0,"href":"https:\/\/www.europesays.com\/fr\/wp-json\/wp\/v2\/posts\/304118\/revisions"}],"wp:featuredmedia":[{"embeddable":true,"href":"https:\/\/www.europesays.com\/fr\/wp-json\/wp\/v2\/media\/304119"}],"wp:attachment":[{"href":"https:\/\/www.europesays.com\/fr\/wp-json\/wp\/v2\/media?parent=304118"}],"wp:term":[{"taxonomy":"category","embeddable":true,"href":"https:\/\/www.europesays.com\/fr\/wp-json\/wp\/v2\/categories?post=304118"},{"taxonomy":"post_tag","embeddable":true,"href":"https:\/\/www.europesays.com\/fr\/wp-json\/wp\/v2\/tags?post=304118"}],"curies":[{"name":"wp","href":"https:\/\/api.w.org\/{rel}","templated":true}]}}