{"id":304124,"date":"2025-08-08T02:49:17","date_gmt":"2025-08-08T02:49:17","guid":{"rendered":"https:\/\/www.europesays.com\/fr\/304124\/"},"modified":"2025-08-08T02:49:17","modified_gmt":"2025-08-08T02:49:17","slug":"ukraine-il-ny-a-quau-prix-de-conditions-favorables-a-la-russie-que-poutine-pourrait-mettre-fin-au-conflit","status":"publish","type":"post","link":"https:\/\/www.europesays.com\/fr\/304124\/","title":{"rendered":"Ukraine: \u00abIl n&rsquo;y a qu&rsquo;au prix de conditions favorables \u00e0 la Russie que Poutine pourrait mettre fin au conflit\u00bb"},"content":{"rendered":"<p class=\"t-content__chapo\">\n                                                Le Kremlin a confirm\u00e9 l&rsquo;organisation d&rsquo;un sommet bilat\u00e9ral dans les prochains jours avec Donald Trump, qui attend une rencontre avec Vladimir Poutine depuis son retour \u00e0 la Maison Blanche. Ce rendez-vous a \u00e9t\u00e9 \u00e9voqu\u00e9 mercredi 6 ao\u00fbt lors de l&rsquo;entrevue \u00e0 Moscou entre l&rsquo;\u00e9missaire de Donald Trump, Steve Witkoff et le pr\u00e9sident russe. On en parle avec Florent Parmentier, secr\u00e9taire g\u00e9n\u00e9ral de Centre de recherches politiques de Sciences Po (Cevipof), chercheur associ\u00e9 \u00e0 l&rsquo;Institut Jacques-Delors.                    <\/p>\n<p><img decoding=\"async\" fetchpriority=\"low\" src=\"https:\/\/www.europesays.com\/fr\/wp-content\/uploads\/2025\/08\/000-68FZ68Y.jpg\"   width=\"1024\" height=\"576\" alt=\"Le pr\u00e9sident russe Vladimir Poutine \u00e0 Moscou, le 31 juillet 2025.\" loading=\"eager\" class=\"a-img \"\/><\/p>\n<p>                Le pr\u00e9sident russe Vladimir Poutine \u00e0 Moscou, le 31 juillet 2025.                \u00a9 AFP\/Evgenia Novozhenina            <\/p>\n","protected":false},"excerpt":{"rendered":"Le Kremlin a confirm\u00e9 l&rsquo;organisation d&rsquo;un sommet bilat\u00e9ral dans les prochains jours avec Donald Trump, qui attend une&hellip;\n","protected":false},"author":2,"featured_media":304125,"comment_status":"","ping_status":"","sticky":false,"template":"","format":"standard","meta":{"footnotes":""},"categories":[1591],"tags":[11,75,73,1887,5653,74,12,1885,1886,132,220,135,134],"class_list":{"0":"post-304124","1":"post","2":"type-post","3":"status-publish","4":"format-standard","5":"has-post-thumbnail","7":"category-russie","8":"tag-actualites","9":"tag-donald-trump","10":"tag-etats-unis","11":"tag-federation-de-russie","12":"tag-invite-international","13":"tag-monde","14":"tag-news","15":"tag-russia","16":"tag-russian-federation","17":"tag-russie","18":"tag-ukraine","19":"tag-vladimir-poutine","20":"tag-volodymyr-zelensky"},"share_on_mastodon":{"url":"https:\/\/pubeurope.com\/@fr\/114990872260354899","error":""},"_links":{"self":[{"href":"https:\/\/www.europesays.com\/fr\/wp-json\/wp\/v2\/posts\/304124","targetHints":{"allow":["GET"]}}],"collection":[{"href":"https:\/\/www.europesays.com\/fr\/wp-json\/wp\/v2\/posts"}],"about":[{"href":"https:\/\/www.europesays.com\/fr\/wp-json\/wp\/v2\/types\/post"}],"author":[{"embeddable":true,"href":"https:\/\/www.europesays.com\/fr\/wp-json\/wp\/v2\/users\/2"}],"replies":[{"embeddable":true,"href":"https:\/\/www.europesays.com\/fr\/wp-json\/wp\/v2\/comments?post=304124"}],"version-history":[{"count":0,"href":"https:\/\/www.europesays.com\/fr\/wp-json\/wp\/v2\/posts\/304124\/revisions"}],"wp:featuredmedia":[{"embeddable":true,"href":"https:\/\/www.europesays.com\/fr\/wp-json\/wp\/v2\/media\/304125"}],"wp:attachment":[{"href":"https:\/\/www.europesays.com\/fr\/wp-json\/wp\/v2\/media?parent=304124"}],"wp:term":[{"taxonomy":"category","embeddable":true,"href":"https:\/\/www.europesays.com\/fr\/wp-json\/wp\/v2\/categories?post=304124"},{"taxonomy":"post_tag","embeddable":true,"href":"https:\/\/www.europesays.com\/fr\/wp-json\/wp\/v2\/tags?post=304124"}],"curies":[{"name":"wp","href":"https:\/\/api.w.org\/{rel}","templated":true}]}}