{"id":304128,"date":"2025-08-08T02:51:11","date_gmt":"2025-08-08T02:51:11","guid":{"rendered":"https:\/\/www.europesays.com\/fr\/304128\/"},"modified":"2025-08-08T02:51:11","modified_gmt":"2025-08-08T02:51:11","slug":"venezuela-les-usa-doublent-la-prime-pour-larrestation-de-nicolas-maduro","status":"publish","type":"post","link":"https:\/\/www.europesays.com\/fr\/304128\/","title":{"rendered":"Venezuela: Les USA doublent la prime pour l\u2019arrestation de Nicolas Maduro"},"content":{"rendered":"<p>Publi\u00e98. ao\u00fbt 2025, 02:36<\/p>\n<p>Venezuela: Les USA doublent la prime pour l\u2019arrestation de Nicolas Maduro<\/p>\n<p>Washington promet d\u00e9sormais une prime de 50 millions de dollars pour l\u2019arrestation du pr\u00e9sident v\u00e9n\u00e9zu\u00e9lien.<\/p>\n<p><a href=\"https:\/\/www.20min.ch\/fr\/auteurs\/103333179\/agence-france-presse\" class=\"sc-b1f21c84-2 egfiIF\" rel=\"nofollow noopener\" target=\"_blank\"><img decoding=\"async\" alt=\"Agence France-Presse\" src=\"https:\/\/www.europesays.com\/fr\/wp-content\/uploads\/2025\/08\/1754621470_137_09cf394e-d19c-4235-9b46-7e00127afb7f.png\" class=\"sc-b1f21c84-1 iTOvpR\"\/><\/a><img loading=\"lazy\" decoding=\"async\" src=\"https:\/\/www.europesays.com\/fr\/wp-content\/uploads\/2025\/08\/1dcc1b3a-f0ef-43fb-85de-1bb5752e05ce.jpg\" alt=\"Le pr\u00e9sident v\u00e9n\u00e9zu\u00e9lien Nicolas Maduro \u00e0 Caracas, le 28 juillet 2025.\" title=\"Le pr\u00e9sident v\u00e9n\u00e9zu\u00e9lien Nicolas Maduro \u00e0 Caracas, le 28 juillet 2025.\"  width=\"1200\" height=\"800\"\/><\/p>\n<p>Le pr\u00e9sident v\u00e9n\u00e9zu\u00e9lien Nicolas Maduro \u00e0 Caracas, le 28 juillet 2025.<\/p>\n<p>AFP<\/p>\n<p>Les \u00c9tats-Unis, qui n\u2019avaient pas reconnu en janvier, sous le gouvernement de Joe Biden, la r\u00e9\u00e9lection du pr\u00e9sident v\u00e9n\u00e9zu\u00e9lien Nicolas Maduro, ont annonc\u00e9 jeudi avoir doubl\u00e9 \u00e0 50 millions de dollars la prime pour l\u2019arrestation du dirigeant inculp\u00e9 par la justice am\u00e9ricaine de trafic de drogues.<\/p>\n<p>\u00abAujourd\u2019hui, le minist\u00e8re de la Justice et le d\u00e9partement d\u2019\u00c9tat annoncent une r\u00e9compense de 50 millions de dollars pour toute information conduisant \u00e0 l\u2019interpellation de Nicolas Maduro\u00bb, a \u00e9crit sur X la ministre de la Justice Pam Bondi, la pr\u00e9c\u00e9dente prime \u00e9tant de 25 millions de dollars.<\/p>\n<p>Le 10 janvier dernier, dix jours avant l\u2019investiture du pr\u00e9sident Donald Trump, le gouvernement Biden avait d\u00e9nonc\u00e9 le \u00absimulacre\u00bb et le caract\u00e8re \u00abill\u00e9gitime\u00bb de l\u2019investiture de Nicolas Maduro r\u00e9\u00e9lu six mois plus t\u00f4t.<\/p>\n<p>Le secr\u00e9taire d\u2019\u00c9tat d\u00e9mocrate d\u2019alors, Antony Blinken, et le Tr\u00e9sor am\u00e9ricain avaient impos\u00e9 de nouvelles sanctions \u00e0 Caracas, portant de 15 \u00e0 25 millions de dollars la r\u00e9compense pour toute information permettant de traduire en justice le dirigeant v\u00e9n\u00e9zu\u00e9lien.<\/p>\n<p>Washington estimait alors que Nicolas \u00abMaduro a(vait) clairement perdu l\u2019\u00e9lection pr\u00e9sidentielle de 2024 et n\u2019a(vait) pas le droit de pr\u00e9tendre \u00e0 la pr\u00e9sidence\u00bb.<\/p>\n<p>\u00abTrafic de drogue et corruption\u00bb<\/p>\n<p>Le pr\u00e9sident v\u00e9n\u00e9zu\u00e9lien, fort du soutien de l\u2019arm\u00e9e et d\u2019une administration aux ordres, avait pr\u00eat\u00e9 serment pour un troisi\u00e8me mandat de six ans lors d\u2019une c\u00e9r\u00e9monie qualifi\u00e9e de \u00abcoup d\u2019\u00c9tat\u00bb par l\u2019opposition, qui revendique la victoire \u00e0 la pr\u00e9sidentielle.<\/p>\n<p>La r\u00e9compense am\u00e9ricaine port\u00e9e jeudi de 25 \u00e0 50 millions de dollars concerne toujours toute information conduisant \u00e0 l\u2019arrestation de Nicolas Maduro et de son ministre de l\u2019Int\u00e9rieur pour qu\u2019ils soient jug\u00e9s pour \u00abtrafic de drogue et corruption\u00bb, selon Washington. Cette inculpation, notamment pour participation et complicit\u00e9 de \u00abnarco-trafic\u00bb international, remonte \u00e0 2020, \u00e0 la fin du premier mandat de Donald Trump.<\/p>\n<p>Le minist\u00e8re de la Justice et son parquet f\u00e9d\u00e9ral \u00e0 New York, qui ont d\u00e9j\u00e0 fait condamner ces derni\u00e8res ann\u00e9es plusieurs ex-dirigeants d\u2019Am\u00e9rique latine, accusent Nicolas Maduro d\u2019\u00eatre derri\u00e8re un cartel qui aurait envoy\u00e9 en deux d\u00e9cennies des centaines de tonnes de drogues aux \u00c9tats-Unis, pour des centaines de millions de dollars.<\/p>\n<p>Les autorit\u00e9s am\u00e9ricaines, et Pam Bondi l\u2019a r\u00e9affirm\u00e9 jeudi soir sur les r\u00e9seaux sociaux, soup\u00e7onnent le cartel d\u2019avoir travaill\u00e9 main dans la main avec l\u2019organisation colombienne des Farc, que Washington consid\u00e8re comme \u00abterroriste\u00bb. La ministre de la Justice a enfin accus\u00e9 Nicolas Maduro d\u2019avoir collabor\u00e9 avec le gang criminel v\u00e9n\u00e9zu\u00e9lien Tren de Aragua et le cartel mexicain Sinaloa.<\/p>\n","protected":false},"excerpt":{"rendered":"Publi\u00e98. ao\u00fbt 2025, 02:36 Venezuela: Les USA doublent la prime pour l\u2019arrestation de Nicolas Maduro Washington promet d\u00e9sormais&hellip;\n","protected":false},"author":2,"featured_media":304129,"comment_status":"","ping_status":"","sticky":false,"template":"","format":"standard","meta":{"footnotes":""},"categories":[1589],"tags":[11,73,1866,12,1864,1865,1863,308],"class_list":{"0":"post-304128","1":"post","2":"type-post","3":"status-publish","4":"format-standard","5":"has-post-thumbnail","7":"category-etats-unis","8":"tag-actualites","9":"tag-etats-unis","10":"tag-etats-unis-damerique","11":"tag-news","12":"tag-united-states","13":"tag-united-states-of-america","14":"tag-us","15":"tag-usa"},"share_on_mastodon":{"url":"https:\/\/pubeurope.com\/@fr\/114990880161181632","error":""},"_links":{"self":[{"href":"https:\/\/www.europesays.com\/fr\/wp-json\/wp\/v2\/posts\/304128","targetHints":{"allow":["GET"]}}],"collection":[{"href":"https:\/\/www.europesays.com\/fr\/wp-json\/wp\/v2\/posts"}],"about":[{"href":"https:\/\/www.europesays.com\/fr\/wp-json\/wp\/v2\/types\/post"}],"author":[{"embeddable":true,"href":"https:\/\/www.europesays.com\/fr\/wp-json\/wp\/v2\/users\/2"}],"replies":[{"embeddable":true,"href":"https:\/\/www.europesays.com\/fr\/wp-json\/wp\/v2\/comments?post=304128"}],"version-history":[{"count":0,"href":"https:\/\/www.europesays.com\/fr\/wp-json\/wp\/v2\/posts\/304128\/revisions"}],"wp:featuredmedia":[{"embeddable":true,"href":"https:\/\/www.europesays.com\/fr\/wp-json\/wp\/v2\/media\/304129"}],"wp:attachment":[{"href":"https:\/\/www.europesays.com\/fr\/wp-json\/wp\/v2\/media?parent=304128"}],"wp:term":[{"taxonomy":"category","embeddable":true,"href":"https:\/\/www.europesays.com\/fr\/wp-json\/wp\/v2\/categories?post=304128"},{"taxonomy":"post_tag","embeddable":true,"href":"https:\/\/www.europesays.com\/fr\/wp-json\/wp\/v2\/tags?post=304128"}],"curies":[{"name":"wp","href":"https:\/\/api.w.org\/{rel}","templated":true}]}}