{"id":30413,"date":"2025-04-17T01:03:08","date_gmt":"2025-04-17T01:03:08","guid":{"rendered":"https:\/\/www.europesays.com\/fr\/30413\/"},"modified":"2025-04-17T01:03:08","modified_gmt":"2025-04-17T01:03:08","slug":"retour-sur-les-oublies-daction-directe-a-lyon-liberation","status":"publish","type":"post","link":"https:\/\/www.europesays.com\/fr\/30413\/","title":{"rendered":"Retour sur \u00ables Oubli\u00e9s d\u2019Action directe\u00bb \u00e0 Lyon \u2013 Lib\u00e9ration"},"content":{"rendered":"<p class=\"sc-cPiKLX AiZTS text-element\">\u00abPutain, c\u2019\u00e9tait eux !\u00bb Voil\u00e0 ce que se disent les enqu\u00eateurs de la brigade de r\u00e9pression du banditisme de Lyon, le 29 mars 1986, lorsqu\u2019ils d\u00e9couvrent une accumulation impressionnante de documents, des armes, des m\u00e8ches et des d\u00e9tonateurs, du mat\u00e9riel d\u2019\u00e9coute, des postiches, du maquillage et m\u00eame un uniforme de policier dans un appartement de Saint-Etienne. Puis ils mettent la main sur des revendications d\u2019attentats frapp\u00e9es de l\u2019\u00e9toile \u00e0 cinq branches d\u2019Action directe. Il s\u2019agit d\u2019une planque, pas des moindres, du groupe terroriste d\u2019extr\u00eame gauche qui s\u00e9vit depuis sept ans. Jusque-l\u00e0, pas un flic, m\u00eame au fait des survivances de la r\u00e9volte de Mai 68, n\u2019avait imagin\u00e9 qu\u2019un autre groupe que celui form\u00e9 \u00e0 Paris par <a href=\"https:\/\/www.liberation.fr\/france\/2018\/09\/11\/action-directe-jean-marc-rouillan-livre-sa-saga-sanglante_1678034\/\" target=\"_blank\" rel=\"nofollow noopener\">Jean-Marc Rouillan<\/a>, Nathalie M\u00e9nigon, <a href=\"https:\/\/www.liberation.fr\/culture\/livres\/joelle-aubron-sang-pareil-20220402_BG73XDUU3JBKJAOEE3TDBG6KM4\/\" target=\"_blank\" rel=\"nofollow noopener\">Jo\u00eblle Aubron<\/a> et Georges Cipriani, ait pu agir ind\u00e9pendamment du quatuor finalement arr\u00eat\u00e9 en 1987 et condamn\u00e9 deux ans plus tard \u00e0 la r\u00e9clusion criminelle \u00e0 perp\u00e9tuit\u00e9.<\/p>\n<p class=\"sc-cPiKLX AiZTS text-element\">La trajectoire d\u2019un activiste au profil ambivalent, Andr\u00e9 Olivier, est pass\u00e9e sous les radars. Il s\u2019agit d\u2019un prof de fran\u00e7ais r\u00e9voqu\u00e9 de l\u2019Education nationale en raison de sa radicalit\u00e9, puis vir\u00e9 pour la m\u00eame raison de l\u2019usine lyonnaise o\u00f9 il tente de \u00abs\u2019\u00e9tablir\u00bb comme ouvrier frai<\/p>\n","protected":false},"excerpt":{"rendered":"\u00abPutain, c\u2019\u00e9tait eux !\u00bb Voil\u00e0 ce que se disent les enqu\u00eateurs de la brigade de r\u00e9pression du banditisme&hellip;\n","protected":false},"author":2,"featured_media":30414,"comment_status":"","ping_status":"","sticky":false,"template":"","format":"standard","meta":{"footnotes":""},"categories":[1889],"tags":[1111,11,2430,10488,1777,674,1011,27,2428,12,25],"class_list":{"0":"post-30413","1":"post","2":"type-post","3":"status-publish","4":"format-standard","5":"has-post-thumbnail","7":"category-lyon","8":"tag-actu","9":"tag-actualites","10":"tag-auvergne-rhone-alpes","11":"tag-cahier-livres","12":"tag-eu","13":"tag-europe","14":"tag-fr","15":"tag-france","16":"tag-lyon","17":"tag-news","18":"tag-republique-francaise"},"share_on_mastodon":{"url":"https:\/\/pubeurope.com\/@fr\/114350614353978750","error":""},"_links":{"self":[{"href":"https:\/\/www.europesays.com\/fr\/wp-json\/wp\/v2\/posts\/30413","targetHints":{"allow":["GET"]}}],"collection":[{"href":"https:\/\/www.europesays.com\/fr\/wp-json\/wp\/v2\/posts"}],"about":[{"href":"https:\/\/www.europesays.com\/fr\/wp-json\/wp\/v2\/types\/post"}],"author":[{"embeddable":true,"href":"https:\/\/www.europesays.com\/fr\/wp-json\/wp\/v2\/users\/2"}],"replies":[{"embeddable":true,"href":"https:\/\/www.europesays.com\/fr\/wp-json\/wp\/v2\/comments?post=30413"}],"version-history":[{"count":0,"href":"https:\/\/www.europesays.com\/fr\/wp-json\/wp\/v2\/posts\/30413\/revisions"}],"wp:featuredmedia":[{"embeddable":true,"href":"https:\/\/www.europesays.com\/fr\/wp-json\/wp\/v2\/media\/30414"}],"wp:attachment":[{"href":"https:\/\/www.europesays.com\/fr\/wp-json\/wp\/v2\/media?parent=30413"}],"wp:term":[{"taxonomy":"category","embeddable":true,"href":"https:\/\/www.europesays.com\/fr\/wp-json\/wp\/v2\/categories?post=30413"},{"taxonomy":"post_tag","embeddable":true,"href":"https:\/\/www.europesays.com\/fr\/wp-json\/wp\/v2\/tags?post=30413"}],"curies":[{"name":"wp","href":"https:\/\/api.w.org\/{rel}","templated":true}]}}