{"id":304130,"date":"2025-08-08T02:52:09","date_gmt":"2025-08-08T02:52:09","guid":{"rendered":"https:\/\/www.europesays.com\/fr\/304130\/"},"modified":"2025-08-08T02:52:09","modified_gmt":"2025-08-08T02:52:09","slug":"un-britannique-sur-deux-pour-un-arret-total-de-limmigration-et-des-expulsions-massives","status":"publish","type":"post","link":"https:\/\/www.europesays.com\/fr\/304130\/","title":{"rendered":"un Britannique sur deux pour un arr\u00eat total de l\u2019immigration et des expulsions massives"},"content":{"rendered":"<p style=\"text-align: justify;\">Le vent tourne au Royaume-Uni. Une enqu\u00eate r\u00e9cente de l\u2019institut YouGov r\u00e9v\u00e8le que\u00a0<strong>45 % des Britanniques souhaitent l\u2019arr\u00eat complet de toute immigration nouvelle<\/strong>, ainsi que le\u00a0<strong>renvoi massif des migrants arriv\u00e9s ces derni\u00e8res ann\u00e9es.<\/strong>\u00a0Une \u00e9volution spectaculaire de l\u2019opinion publique, qui refl\u00e8te\u00a0<strong>un ras-le-bol croissant face \u00e0 l\u2019\u00e9chec manifeste des politiques migratoires post-Brexit.<\/strong><\/p>\n<p>Un soutien transpartisan, avec une base solide chez les \u00e9lecteurs de droite<\/p>\n<p style=\"text-align: justify;\">Sans surprise, ce sont les\u00a0<strong>\u00e9lecteurs du parti Reform UK de Nigel Farage<\/strong>\u00a0qui affichent le soutien le plus massif \u00e0 cette mesure radicale :\u00a0<strong>86 % d\u2019entre eux<\/strong>\u00a0veulent fermer les fronti\u00e8res et organiser des expulsions \u00e0 grande \u00e9chelle. Mais ce qui frappe, c\u2019est que cette id\u00e9e\u00a0<strong>s\u00e9duit \u00e9galement une part significative de l\u2019\u00e9lectorat travailliste (Labour) et lib\u00e9ral-d\u00e9mocrate<\/strong>, soit\u00a0<strong>plus d\u2019un quart de leurs \u00e9lecteurs.<\/strong><\/p>\n<blockquote class=\"twitter-tweet\">\n<p dir=\"ltr\" lang=\"en\">A recent YouGov poll found 45% support for admitting no new migrants and requiring large numbers to leave \u2013 but a deeper look suggests that most of this group don\u2019t actually want to remove those who make up the bulk of migrants to the UK \ud83e\uddf5\/<\/p>\n<p>Results link in following tweets <a href=\"https:\/\/t.co\/xUlOG7PkTF\" rel=\"nofollow\">pic.twitter.com\/xUlOG7PkTF<\/a><\/p>\n<p>\u2014 YouGov (@YouGov) <a href=\"https:\/\/twitter.com\/YouGov\/status\/1952642041868890155?ref_src=twsrc%5Etfw\" rel=\"nofollow noopener\" target=\"_blank\">August 5, 2025<\/a><\/p>\n<\/blockquote>\n<p style=\"text-align: justify;\">Un signe que la fracture migratoire transcende d\u00e9sormais les clivages politiques classiques, et que la population britannique\u00a0<strong>ne fait plus confiance ni aux conservateurs ni \u00e0 la gauche<\/strong>\u00a0pour reprendre le contr\u00f4le des fronti\u00e8res.<\/p>\n<p>L\u2019immigration, priorit\u00e9 num\u00e9ro un des Britanniques<\/p>\n<p style=\"text-align: justify;\">Selon le m\u00eame sondage,\u00a0<strong>56 % des personnes interrog\u00e9es consid\u00e8rent que l\u2019immigration est la priorit\u00e9 absolue du pays<\/strong>, un score record qui n\u2019avait pas \u00e9t\u00e9 atteint depuis\u2026\u00a0<strong>le r\u00e9f\u00e9rendum du Brexit en 2016.<\/strong>\u00a0Or, ce dernier avait \u00e9t\u00e9 pr\u00e9cis\u00e9ment pr\u00e9sent\u00e9 comme le moyen de \u00ab reprendre le contr\u00f4le \u00bb de l\u2019immigration.<\/p>\n<p style=\"text-align: justify;\">La promesse n\u2019a pas \u00e9t\u00e9 tenue. Bien au contraire. Sous les gouvernements successifs de Boris Johnson puis de Rishi Sunak,\u00a0<strong>le Royaume-Uni a connu des niveaux records d\u2019immigration<\/strong>, avec\u00a0<strong>pr\u00e8s d\u2019un million d\u2019entr\u00e9es l\u00e9gales en 2024<\/strong>. Des fili\u00e8res ont \u00e9t\u00e9 cr\u00e9\u00e9es pour des ressortissants non-europ\u00e9ens, sans aucun plafonnement.<\/p>\n<p style=\"text-align: justify;\">Pendant ce temps,\u00a0<strong>les travers\u00e9es ill\u00e9gales de la Manche explosent<\/strong>\u00a0:\u00a0<strong>25 000 migrants<\/strong>\u00a0ont d\u00e9barqu\u00e9 depuis la France depuis le d\u00e9but de l\u2019ann\u00e9e 2025. Depuis 2018,\u00a0<strong>plus de 170 000 personnes<\/strong>\u00a0ont franchi la mer \u00e0 bord d\u2019embarcations de fortune affr\u00e9t\u00e9es par des passeurs. Face \u00e0 cette situation,\u00a0<strong>le syst\u00e8me d\u2019asile est satur\u00e9<\/strong>, et\u00a0<strong>des dizaines de milliers de migrants sont log\u00e9s aux frais du contribuable<\/strong>\u00a0dans des h\u00f4tels \u00e0 travers tout le pays.<\/p>\n<p style=\"text-align: justify;\">Une r\u00e9cente affaire a raviv\u00e9 les tensions :\u00a0<strong>\u00e0 Epping, un migrant \u00e9thiopien aurait agress\u00e9 sexuellement une jeune fille de 14 ans<\/strong>, provoquant des manifestations devant plusieurs centres d\u2019accueil.<\/p>\n<p style=\"text-align: justify;\">Quant aux expulsions, elles sont\u00a0<strong>quasiment impossibles<\/strong>. La raison ? Le maintien du Royaume-Uni dans la\u00a0<strong>Convention europ\u00e9enne des droits de l\u2019homme<\/strong>, qui permet \u00e0 des avocats sp\u00e9cialis\u00e9s dans les droits des migrants de\u00a0<strong>bloquer les renvois en justice.<\/strong><\/p>\n<p>Une d\u00e9connexion croissante entre le r\u00e9el et le discours<\/p>\n<p style=\"text-align: justify;\">YouGov a tent\u00e9 de minimiser la col\u00e8re populaire en affirmant que celle-ci pourrait provenir d\u2019un \u00ab malentendu \u00bb :\u00a0<strong>pr\u00e8s de la moiti\u00e9 des Britanniques pensent \u00e0 tort qu\u2019il y aurait plus de migrants ill\u00e9gaux que l\u00e9gaux.<\/strong>\u00a0Mais le professeur Matt Goodwin rappelle que\u00a0<strong>la sous-estimation massive du nombre de migrants l\u00e9gaux<\/strong>\u00a0contribue \u00e0 cette confusion. Pour m\u00e9moire,\u00a0<strong>pr\u00e8s d\u2019un million d\u2019immigr\u00e9s l\u00e9gaux sont arriv\u00e9s au Royaume-Uni en 2024.<\/strong><\/p>\n<p style=\"text-align: justify;\">Goodwin va plus loin : \u00e0 ce rythme,\u00a0<strong>les Britanniques de souche blanche deviendront minoritaires dans leur propre pays d\u2019ici 2063.<\/strong>\u00a0Un basculement d\u00e9mographique sans pr\u00e9c\u00e9dent dans l\u2019histoire du pays.<\/p>\n<blockquote class=\"twitter-tweet\">\n<p dir=\"ltr\" lang=\"en\">Quite the stat. When Brits were asked to guess the level of immigration the average estimate was 70,000<\/p>\n<p>It is almost 700,000 a year<\/p>\n<p>\u2014 Matt Goodwin (@GoodwinMJ) <a href=\"https:\/\/twitter.com\/GoodwinMJ\/status\/1746988013710725224?ref_src=twsrc%5Etfw\" rel=\"nofollow noopener\" target=\"_blank\">January 15, 2024<\/a><\/p>\n<\/blockquote>\n<p style=\"text-align: justify;\">Le message envoy\u00e9 par les \u00e9lecteurs britanniques est clair :\u00a0<strong>l\u2019immigration de masse, qu\u2019elle soit l\u00e9gale ou non, est devenue insupportable.<\/strong>\u00a0Le soutien populaire \u00e0 des mesures autrefois jug\u00e9es \u201cextr\u00eames\u201d \u2014 comme un moratoire migratoire total et des expulsions massives \u2014 ne cesse de cro\u00eetre.<\/p>\n<p style=\"text-align: justify;\">Alors que les \u00e9lites politiques s\u2019obstinent \u00e0 d\u00e9fendre une vision multiculturelle d\u00e9connect\u00e9e de la r\u00e9alit\u00e9,\u00a0<strong>le peuple r\u00e9clame d\u00e9sormais des mesures radicales pour d\u00e9fendre son identit\u00e9, sa s\u00e9curit\u00e9, et son avenir.<\/strong>\u00a0Une exigence de plus en plus difficile \u00e0 ignorer, m\u00eame outre-Manche.<\/p>\n<p style=\"text-align: justify;\">Cr\u00e9dit photo : DR (photo d\u2019illustration)<br \/>[cc] Breizh-info.com, 2025, d\u00e9p\u00eaches libres de copie et de diffusion sous r\u00e9serve de mention et de lien vers la source d\u2019origine<\/p>\n<p>\t\t\t\t<script async src=\"https:\/\/platform.twitter.com\/widgets.js\" charset=\"utf-8\"><\/script><\/p>\n","protected":false},"excerpt":{"rendered":"Le vent tourne au Royaume-Uni. Une enqu\u00eate r\u00e9cente de l\u2019institut YouGov r\u00e9v\u00e8le que\u00a045 % des Britanniques souhaitent l\u2019arr\u00eat&hellip;\n","protected":false},"author":2,"featured_media":153495,"comment_status":"","ping_status":"","sticky":false,"template":"","format":"standard","meta":{"footnotes":""},"categories":[1588],"tags":[11,28327,6969,1777,674,1061,12,473,1853,1851,1850,1852],"class_list":{"0":"post-304130","1":"post","2":"type-post","3":"status-publish","4":"format-standard","5":"has-post-thumbnail","7":"category-royaume-uni","8":"tag-actualites","9":"tag-blancs","10":"tag-demographie","11":"tag-eu","12":"tag-europe","13":"tag-immigration","14":"tag-news","15":"tag-royaume-uni","16":"tag-royaume-uni-de-grande-bretagne-et-dirlande-du-nord","17":"tag-uk","18":"tag-united-kingdom","19":"tag-united-kingdom-of-great-britain-and-northern-ireland"},"share_on_mastodon":{"url":"https:\/\/pubeurope.com\/@fr\/114990884095974101","error":""},"_links":{"self":[{"href":"https:\/\/www.europesays.com\/fr\/wp-json\/wp\/v2\/posts\/304130","targetHints":{"allow":["GET"]}}],"collection":[{"href":"https:\/\/www.europesays.com\/fr\/wp-json\/wp\/v2\/posts"}],"about":[{"href":"https:\/\/www.europesays.com\/fr\/wp-json\/wp\/v2\/types\/post"}],"author":[{"embeddable":true,"href":"https:\/\/www.europesays.com\/fr\/wp-json\/wp\/v2\/users\/2"}],"replies":[{"embeddable":true,"href":"https:\/\/www.europesays.com\/fr\/wp-json\/wp\/v2\/comments?post=304130"}],"version-history":[{"count":0,"href":"https:\/\/www.europesays.com\/fr\/wp-json\/wp\/v2\/posts\/304130\/revisions"}],"wp:featuredmedia":[{"embeddable":true,"href":"https:\/\/www.europesays.com\/fr\/wp-json\/wp\/v2\/media\/153495"}],"wp:attachment":[{"href":"https:\/\/www.europesays.com\/fr\/wp-json\/wp\/v2\/media?parent=304130"}],"wp:term":[{"taxonomy":"category","embeddable":true,"href":"https:\/\/www.europesays.com\/fr\/wp-json\/wp\/v2\/categories?post=304130"},{"taxonomy":"post_tag","embeddable":true,"href":"https:\/\/www.europesays.com\/fr\/wp-json\/wp\/v2\/tags?post=304130"}],"curies":[{"name":"wp","href":"https:\/\/api.w.org\/{rel}","templated":true}]}}