{"id":304131,"date":"2025-08-08T02:53:21","date_gmt":"2025-08-08T02:53:21","guid":{"rendered":"https:\/\/www.europesays.com\/fr\/304131\/"},"modified":"2025-08-08T02:53:21","modified_gmt":"2025-08-08T02:53:21","slug":"preparation-dun-putsch-en-allemagne-trois-nouveaux-suspects-dextreme-droite-interpelles","status":"publish","type":"post","link":"https:\/\/www.europesays.com\/fr\/304131\/","title":{"rendered":"Pr\u00e9paration d\u2019un putsch en Allemagne\u00a0: trois nouveaux suspects d\u2019extr\u00eame droite interpell\u00e9s"},"content":{"rendered":"<p class=\"paragraph text_align_left lp-f-body-02\">Ils envisageaient un assaut sur le <a href=\"https:\/\/www.leparisien.fr\/international\/legislatives-allemandes-conservateurs-extreme-droite-ce-que-disent-les-sondages-a-quatre-jours-du-scrutin-19-02-2025-OVMDYBVIXVDVJBDKWKZKPWEWCY.php\" target=\"_self\" rel=\"nofollow noopener\">Bundestag<\/a> le parlement allemand, \u00e0 l\u2019instar des partisans de <a href=\"https:\/\/www.leparisien.fr\/international\/etats-unis\/donald-trump\/\" target=\"_self\" rel=\"nofollow noopener\">Donald Trump<\/a> sur<a href=\"https:\/\/www.leparisien.fr\/international\/etats-unis\/assaut-du-capitole-aux-etats-unis-20-ans-de-prison-pour-lun-des-emeutiers-les-plus-violents-10-08-2024-FZ5RD54NKFDWPGEBA2TPOOA24U.php\" target=\"_self\" rel=\"nofollow noopener\"> le Capitole le 6\u00a0janvier 2021 aux \u00c9tats-Unis<\/a>. Trois nouveaux suspects ont \u00e9t\u00e9 arr\u00eat\u00e9s en Allemagne dans le cadre d\u2019une enqu\u00eate sur un r\u00e9seau d\u2019extr\u00eame droite d\u00e9mantel\u00e9 en d\u00e9cembre\u00a02022 et<a href=\"https:\/\/www.leparisien.fr\/faits-divers\/allemagne-coup-de-filet-dans-un-reseau-dextreme-droite-soupconne-davoir-voulu-viser-le-bundestag-07-12-2022-K4OA6SF4HBHH7L3BLBLYN3YZ5Y.php\" target=\"_self\" rel=\"nofollow noopener\"> suspect\u00e9 d\u2019avoir pr\u00e9par\u00e9 un coup d\u2019\u00c9tat<\/a>, a annonc\u00e9 jeudi la justice allemande.<\/p>\n<p class=\"paragraph text_align_left lp-f-body-02\">Les interpellations des trois hommes, de nationalit\u00e9 allemande, soup\u00e7onn\u00e9s \u00ab\u00a0d\u2019appartenir \u00e0 une organisation terroriste et d\u2019avoir pr\u00e9par\u00e9 un acte de haute trahison\u00a0\u00bb ont eu lieu lors de perquisitions dans diff\u00e9rentes r\u00e9gions du sud et de l\u2019est de l\u2019Allemagne qui visaient au total six personnes, ont indiqu\u00e9 le parquet et la police criminelle \u00e0 Munich, dans un communiqu\u00e9 commun.<\/p>\n<p class=\"paragraph text_align_left lp-f-body-02\">Ce sont forces sp\u00e9ciales de la police qui sont \u00e0 chaque fois intervenues, pr\u00e9cise la cha\u00eene publique ZDF.<\/p>\n<p class=\"paragraph text_align_left lp-f-body-02\">Elles interviennent alors qu\u2019une vingtaine de personnes suspect\u00e9es d\u2019appartenance \u00e0 ce groupe conspirationniste sont jug\u00e9es dans trois proc\u00e8s distincts qui ont d\u00e9but\u00e9 au printemps 2024, \u00e0 Stuttgart (sud), Munich et Francfort (centre), dont celui du meneur, un aristocrate allemand, Henri\u00a0XIII dit Prince Reuss.<\/p>\n<p class=\"paragraph text_align_left lp-f-body-02\">Si le projet des factieux avait r\u00e9ussi, le Prince Reuss, homme d\u2019affaires septuag\u00e9naire descendant d\u2019une lign\u00e9e de souverains r\u00e9gionaux, devait \u00eatre install\u00e9 \u00e0 la t\u00eate de l\u2019Allemagne.<\/p>\n<p>Une mouvance qui nie la l\u00e9gitimit\u00e9 de la R\u00e9publique f\u00e9d\u00e9rale d\u2019Allemagne<\/p>\n<p class=\"paragraph text_align_left lp-f-body-02\">Selon les enqu\u00eateurs, les trois hommes interpell\u00e9s jeudi auraient particip\u00e9 en <a href=\"https:\/\/www.leparisien.fr\/faits-divers\/allemagne-vaste-coup-de-filet-dans-la-mouvance-neonazie-06-04-2022-WXXMCLRD4NFXBIDPH2NBBMO3SQ.php\" target=\"_self\" rel=\"nofollow noopener\">avril\u00a02022 \u00e0 des exercices de tirs<\/a> sur un ancien site de la Bundeswehr, qui devaient les pr\u00e9parer \u00e0 un \u00e9ventuel assaut du Bundestag, chambre basse du parlement allemand. Un sc\u00e9nario qui rappelle<a href=\"\" rel=\"\"> l\u2019assaut du Capitole aux \u00c9tats-Unis.<\/a><\/p>\n<p class=\"paragraph text_align_left lp-f-body-02\">Outre Henri\u00a0XIII dit Prince Reuss, le groupe nourri aux id\u00e9ologies complotistes et d\u2019extr\u00eame droite compte dans ses rangs un ex-lieutenant colonel de l\u2019arm\u00e9e allemande, un ancien soldat de ses <a href=\"https:\/\/www.leparisien.fr\/international\/allemagne-l-armee-exclut-des-extremistes-de-droite-de-ses-rangs-30-06-2020-8345058.php\" target=\"_self\" rel=\"nofollow noopener\">forces sp\u00e9ciales KSK<\/a>, un ex-policier et une magistrate qui fut d\u00e9put\u00e9e du<a href=\"https:\/\/www.leparisien.fr\/international\/allemagne\/allemagne-lappellation-extremiste-visant-lafd-levee-provisoirement-08-05-2025-JY7QB2P7NBCCTEZC4OLDWM5SAE.php\" target=\"_self\" rel=\"nofollow noopener\"> parti d\u2019extr\u00eame droite AfD<\/a>.<\/p>\n<p class=\"title-embed-dailymotion lp-color-text lp-f-subtitle-04\">Vid\u00e9o\u00abJe suis le p*** de pr\u00e9sident, amenez-moi\u00bb : comment Trump a tent\u00e9 de prendre le volant pour aller au Capitole le 6 janvier 2021<\/p>\n<p class=\"paragraph text_align_left lp-f-body-02\">Tous seraient notamment influenc\u00e9s par l\u2019id\u00e9ologie des \u00ab\u00a0Reichsb\u00fcrger\u00a0\u00bb (citoyens du Reich, ndlr), une mouvance qui nie \u00e0 la R\u00e9publique f\u00e9d\u00e9rale d\u2019Allemagne toute l\u00e9gitimit\u00e9 et rappelle les <a href=\"https:\/\/www.leparisien.fr\/societe\/qanon-comment-le-mouvement-conspirationniste-gagne-du-terrain-en-france-20-01-2021-8420134.php\" target=\"_self\" rel=\"nofollow noopener\">th\u00e8ses complotistes QAnon<\/a> en provenance des \u00c9tats-Unis.<\/p>\n","protected":false},"excerpt":{"rendered":"Ils envisageaient un assaut sur le Bundestag le parlement allemand, \u00e0 l\u2019instar des partisans de Donald Trump sur&hellip;\n","protected":false},"author":2,"featured_media":304132,"comment_status":"","ping_status":"","sticky":false,"template":"","format":"standard","meta":{"footnotes":""},"categories":[1587],"tags":[11,672,1804,1805,1803,1777,674,1801,14,12,1802],"class_list":{"0":"post-304131","1":"post","2":"type-post","3":"status-publish","4":"format-standard","5":"has-post-thumbnail","7":"category-allemagne","8":"tag-actualites","9":"tag-allemagne","10":"tag-bundesrepublik-deutschland","11":"tag-de","12":"tag-deutschland","13":"tag-eu","14":"tag-europe","15":"tag-germany","16":"tag-international","17":"tag-news","18":"tag-republique-federale-dallemagne"},"share_on_mastodon":{"url":"https:\/\/pubeurope.com\/@fr\/114990887954101441","error":""},"_links":{"self":[{"href":"https:\/\/www.europesays.com\/fr\/wp-json\/wp\/v2\/posts\/304131","targetHints":{"allow":["GET"]}}],"collection":[{"href":"https:\/\/www.europesays.com\/fr\/wp-json\/wp\/v2\/posts"}],"about":[{"href":"https:\/\/www.europesays.com\/fr\/wp-json\/wp\/v2\/types\/post"}],"author":[{"embeddable":true,"href":"https:\/\/www.europesays.com\/fr\/wp-json\/wp\/v2\/users\/2"}],"replies":[{"embeddable":true,"href":"https:\/\/www.europesays.com\/fr\/wp-json\/wp\/v2\/comments?post=304131"}],"version-history":[{"count":0,"href":"https:\/\/www.europesays.com\/fr\/wp-json\/wp\/v2\/posts\/304131\/revisions"}],"wp:featuredmedia":[{"embeddable":true,"href":"https:\/\/www.europesays.com\/fr\/wp-json\/wp\/v2\/media\/304132"}],"wp:attachment":[{"href":"https:\/\/www.europesays.com\/fr\/wp-json\/wp\/v2\/media?parent=304131"}],"wp:term":[{"taxonomy":"category","embeddable":true,"href":"https:\/\/www.europesays.com\/fr\/wp-json\/wp\/v2\/categories?post=304131"},{"taxonomy":"post_tag","embeddable":true,"href":"https:\/\/www.europesays.com\/fr\/wp-json\/wp\/v2\/tags?post=304131"}],"curies":[{"name":"wp","href":"https:\/\/api.w.org\/{rel}","templated":true}]}}