{"id":304135,"date":"2025-08-08T02:55:14","date_gmt":"2025-08-08T02:55:14","guid":{"rendered":"https:\/\/www.europesays.com\/fr\/304135\/"},"modified":"2025-08-08T02:55:14","modified_gmt":"2025-08-08T02:55:14","slug":"voyager-hors-de-lunion-europeenne-entrainera-t-il-un-controle-fiscal-systematique-2","status":"publish","type":"post","link":"https:\/\/www.europesays.com\/fr\/304135\/","title":{"rendered":"Voyager hors de l\u2019Union europ\u00e9enne entra\u00eenera-t-il un contr\u00f4le fiscal syst\u00e9matique\u00a0?"},"content":{"rendered":"<p><a href=\"https:\/\/www.20minutes.fr\/dossier\/big_brother\" class=\"color-ultramarine c-link\" rel=\"nofollow noopener\" target=\"_blank\">Big Brother<\/a> a-t-il encore frapp\u00e9\u00a0? Selon <a href=\"https:\/\/www.tiktok.com\/@passionmondialefr\/video\/7530198307231190294\" target=\"_blank\" class=\"color-ultramarine c-link\" rel=\"nofollow noopener\">cette vid\u00e9o TikTok<\/a> vue par 1,2\u00a0million d\u2019internautes, une mesure radicale aurait \u00e9t\u00e9 annonc\u00e9e par le minist\u00e8re de l\u2019Int\u00e9rieur, puis relay\u00e9e par BFMTV, France Info et Le Parisien. \u00c0 compter du mois de septembre, tout Fran\u00e7ais qui part en voyage en dehors de l\u2019Union europ\u00e9enne, f\u00fbt-ce pour de simples vacances, serait signal\u00e9 au <a href=\"https:\/\/www.20minutes.fr\/dossier\/fisc\" class=\"color-ultramarine c-link\" rel=\"nofollow noopener\" target=\"_blank\">fisc<\/a> via une proc\u00e9dure nomm\u00e9e \u00ab\u00a0dispositif de v\u00e9rification automatique des d\u00e9placements\u00a0\u00bb. Revenus, comptes bancaires et train de vie seraient alors scrut\u00e9s et, en cas d\u2019incoh\u00e9rence manifeste, le \u00ab\u00a0suspect\u00a0\u00bb s\u2019exposerait \u00e0 une convocation pour se justifier, puis, s\u2019il n\u2019y parvenait pas, \u00e0 10.000 euros d\u2019amende assortis d\u2019un redressement fiscal imm\u00e9diat et, dans certains cas, \u00e0 une suspension de ses aides de la CAF et de son allocation ch\u00f4mage. En outre, toute d\u00e9pense non justifi\u00e9e de 5.000 euros ou plus entra\u00eenerait un fichage d\u2019une dur\u00e9e de cinq ans en tant que \u00ab\u00a0contribuable \u00e0 risque\u00a0\u00bb. Les personnes les plus vis\u00e9es seraient celles qui \u00ab\u00a0planquent du cash \u00e0 Duba\u00ef ou au <a href=\"https:\/\/www.20minutes.fr\/dossier\/maroc\" class=\"color-ultramarine c-link\" rel=\"nofollow noopener\" target=\"_blank\">Maroc<\/a>\u00a0\u00bb.<\/p>\n<p>En commentaires, l\u2019outrage domine\u00a0: \u00ab\u00a0Bienvenue en nouvelle <a href=\"https:\/\/www.20minutes.fr\/monde\/coree_du_nord\/\" class=\"color-ultramarine c-link\" rel=\"nofollow noopener\" target=\"_blank\">Cor\u00e9e du Nord<\/a>\u00a0\u00bb, \u00ab\u00a0pauvre France, les gens peuvent plus vivre, c\u2019est abus\u00e9\u00a0\u00bb, \u00ab\u00a0bizarre, ils ne font pas \u00e7a pour les milliardaires\u00a0\u00bb, \u00ab\u00a0il faut une r\u00e9volution pour faire tomber ce gouvernement liberticide\u00a0\u00bb, \u00ab\u00a0c\u2019est une grande atteinte au respect de la vie priv\u00e9e\u00a0\u00bb, \u00ab\u00a0l\u00e0, vous avez d\u00e9pass\u00e9 les bornes et la ligne rouge des citoyens, le gouvernement devient fou\u00a0\u00bb,\u00a0etc.,\u00a0etc.<\/p>\n<p>On v\u00e9rifie\u00a0?<\/p>\n<p>FAKE OFF<\/p>\n<p>Est-ce vrai\u00a0? En un mot\u00a0: non. Le gouvernement n\u2019a annonc\u00e9 aucune mesure de cet ordre, aucun d\u00e9cret ni aucune loi n\u2019ont \u00e9t\u00e9 promulgu\u00e9s en ce sens. Et bien \u00e9videmment, ni BFMTV, ni France Info, ni <a href=\"https:\/\/www.20minutes.fr\/dossier\/le_parisien\" class=\"color-ultramarine c-link\" rel=\"nofollow noopener\" target=\"_blank\">Le Parisien<\/a> n\u2019ont relay\u00e9 pareille information.<\/p>\n<p>Est-ce vraisemblable\u00a0?<\/p>\n<p>Pas vraiment. Un indice criant d\u2019infox\u00a0? Le fait que l\u2019annonce provienne du minist\u00e8re de l\u2019Int\u00e9rieur. Les questions et contr\u00f4les fiscaux rel\u00e8vent sp\u00e9cifiquement de la Direction g\u00e9n\u00e9rale des finances publiques (DGFIP), qui d\u00e9pend du minist\u00e8re de l\u2019\u00c9conomie et des Finances. Certes, Emmanuel Macron <a href=\"https:\/\/www.radiofrance.fr\/franceinfo\/podcasts\/les-documents-franceinfo\/bruno-retailleau-recadre-par-emmanuel-macron-une-cacophonie-sur-fond-d-ambitions-presidentielles-2974557\" rel=\"nofollow noopener\" target=\"_blank\" class=\"color-ultramarine c-link\">a r\u00e9cemment retoqu\u00e9<\/a> Bruno Retailleau parce qu\u2019il se m\u00ealait de sujets sans lien avec son portefeuille, mais si l\u2019expression d\u2019opinions d\u2019un ministre est une chose, les annonces formelles de nouvelles mesures et d\u00e9crets par un minist\u00e8re en sont une autre. Comme nous l\u2019avons d\u00e9j\u00e0 relev\u00e9 \u00e0 plusieurs reprises dans <a href=\"https:\/\/www.20minutes.fr\/societe\/desintox\/\" class=\"color-ultramarine c-link\" rel=\"nofollow noopener\" target=\"_blank\">notre rubrique \u00ab\u00a0Fake Off\u00a0\u00bb<\/a>, les fausses cha\u00eenes d\u2019info TikTok, dont les contenus sont g\u00e9n\u00e9r\u00e9s par des IA, s\u2019emm\u00ealent souvent les pinceaux lorsqu\u2019il s\u2019agit de corr\u00e9ler une loi ou une mesure avec un minist\u00e8re.<\/p>\n<p>La question de la faisabilit\u00e9 se pose aussi. Certes, les nouvelles technologies permettent une certaine syst\u00e9matisation des contr\u00f4les, mais, <a href=\"https:\/\/www.insee.fr\/fr\/statistiques\/6436639#tableau-figure1\" rel=\"nofollow noopener\" target=\"_blank\" class=\"color-ultramarine c-link\">selon l\u2019Insee<\/a>, en\u00a02023, les Fran\u00e7ais auraient effectu\u00e9 8,9\u00a0millions de voyages hors Union europ\u00e9enne. On peine \u00e0 comprendre comment la DGFIP pourrait surveiller autant de d\u00e9placements en sus des contr\u00f4les fiscaux habituels.<\/p>\n<p>De plus, m\u00eame s\u2019il est vrai qu\u2019un contr\u00f4le fiscal, s\u2019il r\u00e9v\u00e8le une activit\u00e9 ou des revenus non d\u00e9clar\u00e9s, peut entra\u00eener un signalement aupr\u00e8s d\u2019autres administrations telles que la <a href=\"https:\/\/www.20minutes.fr\/dossier\/caf\" class=\"color-ultramarine c-link\" rel=\"nofollow noopener\" target=\"_blank\">CAF<\/a> ou <a href=\"https:\/\/www.20minutes.fr\/dossier\/pole-emploi\" class=\"color-ultramarine c-link\" rel=\"nofollow noopener\" target=\"_blank\">France Travail<\/a>, la vid\u00e9o va vite en besogne sur le sujet, n\u2019expliquant pas vraiment pourquoi ni comment \u00ab\u00a0planquer du cash\u00a0\u00bb \u00e0 l\u2019\u00e9tranger pourrait se traduire par des mouvements de compte en banque d\u00e9tectables ou, de fait, mettre \u00e0 jour une fraude susceptible de se traduire par une suspension d\u2019allocation.<\/p>\n<p>Il suffit enfin de se pencher sur les autres contenus de <a href=\"https:\/\/www.tiktok.com\/@passionmondialefr\" rel=\"nofollow noopener\" target=\"_blank\" class=\"color-ultramarine c-link\">la cha\u00eene TikTok<\/a> qui a post\u00e9 celui-ci\u00a0: pour l\u2019essentiel, des annonces l\u00e9gislatives plus fantaisistes les unes que les autres.<\/p>\n<p>Pourquoi traiter ce type d\u2019infox\u00a0?<\/p>\n<p>Parce que les chiffres laissent perplexe. \u00c0 en croire le nombre de vues, environ un Fran\u00e7ais sur 70 a \u00e9t\u00e9 expos\u00e9 \u00e0 ce contenu. Et \u00e0 en croire les commentaires, des milliers d\u2019internautes au moins ont \u00ab\u00a0gob\u00e9\u00a0\u00bb cette \u00ab\u00a0info\u00a0\u00bb sans la v\u00e9rifier ni s\u2019interroger sur sa vraisemblance\u2026 De quoi rappeler <a href=\"https:\/\/www.20minutes.fr\/societe\/3299287-20220531-lettre-association-presse-information-generale-monsieur-president-faites-education-medias-information-grande-cause-nationale\" class=\"color-ultramarine c-link\" rel=\"nofollow noopener\" target=\"_blank\">l\u2019urgence et l\u2019importance<\/a> d\u2019une <a href=\"https:\/\/www.20minutes.fr\/societe\/4130731-20241224-fake-news-comment-eleves-finlandais-apprennent-reperer-dejouer-desinformation-ligne\" class=\"color-ultramarine c-link\" rel=\"nofollow noopener\" target=\"_blank\">\u00e9ducation pouss\u00e9e aux m\u00e9dias<\/a> \u00e0 l\u2019\u00e9cole\u2026<\/p>\n<p><script async src=\"\/\/www.tiktok.com\/embed.js\"><\/script><\/p>\n","protected":false},"excerpt":{"rendered":"Big Brother a-t-il encore frapp\u00e9\u00a0? Selon cette vid\u00e9o TikTok vue par 1,2\u00a0million d\u2019internautes, une mesure radicale aurait \u00e9t\u00e9&hellip;\n","protected":false},"author":2,"featured_media":304136,"comment_status":"","ping_status":"","sticky":false,"template":"","format":"standard","meta":{"footnotes":""},"categories":[1586],"tags":[47,11,1777,674,1779,841,842,840,1011,27,22495,12,25,104,2439,602,1778,364],"class_list":{"0":"post-304135","1":"post","2":"type-post","3":"status-publish","4":"format-standard","5":"has-post-thumbnail","7":"category-europe","8":"tag-actualite","9":"tag-actualites","10":"tag-eu","11":"tag-europe","12":"tag-european-union","13":"tag-fact-checking-fake-off","14":"tag-fake-news","15":"tag-fake-off","16":"tag-fr","17":"tag-france","18":"tag-fraude-fiscale","19":"tag-news","20":"tag-republique-francaise","21":"tag-societe","22":"tag-tiktok","23":"tag-tourisme","24":"tag-ue","25":"tag-union-europeenne"},"share_on_mastodon":{"url":"https:\/\/pubeurope.com\/@fr\/114990895805202386","error":""},"_links":{"self":[{"href":"https:\/\/www.europesays.com\/fr\/wp-json\/wp\/v2\/posts\/304135","targetHints":{"allow":["GET"]}}],"collection":[{"href":"https:\/\/www.europesays.com\/fr\/wp-json\/wp\/v2\/posts"}],"about":[{"href":"https:\/\/www.europesays.com\/fr\/wp-json\/wp\/v2\/types\/post"}],"author":[{"embeddable":true,"href":"https:\/\/www.europesays.com\/fr\/wp-json\/wp\/v2\/users\/2"}],"replies":[{"embeddable":true,"href":"https:\/\/www.europesays.com\/fr\/wp-json\/wp\/v2\/comments?post=304135"}],"version-history":[{"count":0,"href":"https:\/\/www.europesays.com\/fr\/wp-json\/wp\/v2\/posts\/304135\/revisions"}],"wp:featuredmedia":[{"embeddable":true,"href":"https:\/\/www.europesays.com\/fr\/wp-json\/wp\/v2\/media\/304136"}],"wp:attachment":[{"href":"https:\/\/www.europesays.com\/fr\/wp-json\/wp\/v2\/media?parent=304135"}],"wp:term":[{"taxonomy":"category","embeddable":true,"href":"https:\/\/www.europesays.com\/fr\/wp-json\/wp\/v2\/categories?post=304135"},{"taxonomy":"post_tag","embeddable":true,"href":"https:\/\/www.europesays.com\/fr\/wp-json\/wp\/v2\/tags?post=304135"}],"curies":[{"name":"wp","href":"https:\/\/api.w.org\/{rel}","templated":true}]}}