{"id":304139,"date":"2025-08-08T02:57:16","date_gmt":"2025-08-08T02:57:16","guid":{"rendered":"https:\/\/www.europesays.com\/fr\/304139\/"},"modified":"2025-08-08T02:57:16","modified_gmt":"2025-08-08T02:57:16","slug":"une-information-judiciaire-ouverte-pour-homicide-involontaire-aggrave-et-tromperie-aggravee","status":"publish","type":"post","link":"https:\/\/www.europesays.com\/fr\/304139\/","title":{"rendered":"une information judiciaire ouverte pour homicide involontaire aggrav\u00e9 et tromperie aggrav\u00e9e"},"content":{"rendered":"<p>\u00abDeux juges d\u2019instruction du p\u00f4le sant\u00e9 publique de Paris sont d\u00e9sormais saisis de cette enqu\u00eate\u00bb, indique la procureur de Paris dans un communiqu\u00e9 ce mardi, deux mois apr\u00e8s la vague d\u2019intoxications alimentaires.<\/p>\n<p class=\"fig-paragraph\">La procureur de Paris a annonc\u00e9 jeudi l&rsquo;ouverture d&rsquo;une information judiciaire pour identifier l&rsquo;origine de la vague d&rsquo;intoxications alimentaires \u00e0 la bact\u00e9rie E.coli, ayant touch\u00e9 une trentaine de personnes et conduit\u00a0<a href=\"http:\/\/www.lefigaro.fr\/actualite-france\/intoxication-a-e-coli-dans-l-aisne-la-viande-de-plusieurs-boucheries-responsable-des-intoxications-alimentaires-selon-des-analyses-20250702\" target=\"_blank\" data-fig-type=\"NewsFlash\" rel=\"noopener nofollow\" data-gtm-custom-categorie=\"navigation\" data-gtm-custom-action=\"crossclick\" data-gtm-custom-label=\"Contextuel\" data-gtm-event=\"customEventSPE\" data-fig-domain=\"LEFIGARO\">\u00e0 la mort d&rsquo;une fillette de 11 ans au d\u00e9but de l&rsquo;\u00e9t\u00e9 dans l&rsquo;Aisne<\/a>.<\/p>\n<p class=\"fig-paragraph\">Cette information judiciaire, ouverte notamment pour homicide involontaire aggrav\u00e9, mise en danger de la vie d&rsquo;autrui et tromperie aggrav\u00e9e, doit aussi permettre d&rsquo;\u00e9tablir \u00abd&rsquo;\u00e9ventuelles responsabilit\u00e9s sur le plan p\u00e9nal\u00bb, a pr\u00e9cis\u00e9 la procureure Laure Beccuau dans un communiqu\u00e9. \u00abDeux juges d&rsquo;instruction du p\u00f4le sant\u00e9 publique de Paris sont d\u00e9sormais saisis de cette enqu\u00eate\u00bb, indique-t-elle dans un communiqu\u00e9.<\/p>\n<p>                                    <a class=\"fig-a11y-skip a11y-hidden\" href=\"#fig-a11y-skip-main-inarticle\"><br \/>\n        Passer la publicit\u00e9<br \/>\n    <\/a><\/p>\n<p>Fillette de 11 ans d\u00e9c\u00e9d\u00e9e<\/p>\n<p class=\"fig-paragraph\">Mi-juin, \u00abplusieurs enfants \u00e2g\u00e9s de 11 mois \u00e0 12 ans avaient \u00e9t\u00e9 pris en charge par les centres hospitaliers de Saint-Quentin, Amiens, Lille et Reims\u00bb, rappelle le parquet. La pr\u00e9f\u00e8te de l&rsquo;Aisne, Fanny Anor, a salu\u00e9 dans un communiqu\u00e9 cette \u00ab\u00e9tape importante dans la recherche de la v\u00e9rit\u00e9, tant attendue par les familles\u00bb et dit esp\u00e9rer que \u00abla proc\u00e9dure judiciaire permette de faire toute la lumi\u00e8re sur ces intoxications\u00bb.<\/p>\n<p class=\"fig-paragraph\">Tous \u00e9taient infect\u00e9s par la bact\u00e9rie Escherichia coli (E.coli). Une fillette de 11 ans, \u00c9lise, \u00e9tait d\u00e9c\u00e9d\u00e9e le 16 juin au CHU d&rsquo;Amiens. Cette vague d&rsquo;intoxications alimentaires, avec 32 cas recens\u00e9s au total, avait conduit \u00e0 la fermeture pr\u00e9ventive de six boucheries, les autorit\u00e9s soup\u00e7onnant une infection alimentaire li\u00e9e \u00e0 de la viande. Le parquet de Saint-Quentin s&rsquo;\u00e9tait rapidement dessaisi de l&rsquo;enqu\u00eate pr\u00e9liminaire, en faveur du p\u00f4le de sant\u00e9 publique du parquet de Paris.<\/p>\n","protected":false},"excerpt":{"rendered":"\u00abDeux juges d\u2019instruction du p\u00f4le sant\u00e9 publique de Paris sont d\u00e9sormais saisis de cette enqu\u00eate\u00bb, indique la procureur&hellip;\n","protected":false},"author":2,"featured_media":304140,"comment_status":"","ping_status":"","sticky":false,"template":"","format":"standard","meta":{"footnotes":""},"categories":[2],"tags":[11,26788,1011,27,12,25],"class_list":{"0":"post-304139","1":"post","2":"type-post","3":"status-publish","4":"format-standard","5":"has-post-thumbnail","7":"category-actualites","8":"tag-actualites","9":"tag-aisne","10":"tag-fr","11":"tag-france","12":"tag-news","13":"tag-republique-francaise"},"share_on_mastodon":{"url":"https:\/\/pubeurope.com\/@fr\/114990903673002806","error":""},"_links":{"self":[{"href":"https:\/\/www.europesays.com\/fr\/wp-json\/wp\/v2\/posts\/304139","targetHints":{"allow":["GET"]}}],"collection":[{"href":"https:\/\/www.europesays.com\/fr\/wp-json\/wp\/v2\/posts"}],"about":[{"href":"https:\/\/www.europesays.com\/fr\/wp-json\/wp\/v2\/types\/post"}],"author":[{"embeddable":true,"href":"https:\/\/www.europesays.com\/fr\/wp-json\/wp\/v2\/users\/2"}],"replies":[{"embeddable":true,"href":"https:\/\/www.europesays.com\/fr\/wp-json\/wp\/v2\/comments?post=304139"}],"version-history":[{"count":0,"href":"https:\/\/www.europesays.com\/fr\/wp-json\/wp\/v2\/posts\/304139\/revisions"}],"wp:featuredmedia":[{"embeddable":true,"href":"https:\/\/www.europesays.com\/fr\/wp-json\/wp\/v2\/media\/304140"}],"wp:attachment":[{"href":"https:\/\/www.europesays.com\/fr\/wp-json\/wp\/v2\/media?parent=304139"}],"wp:term":[{"taxonomy":"category","embeddable":true,"href":"https:\/\/www.europesays.com\/fr\/wp-json\/wp\/v2\/categories?post=304139"},{"taxonomy":"post_tag","embeddable":true,"href":"https:\/\/www.europesays.com\/fr\/wp-json\/wp\/v2\/tags?post=304139"}],"curies":[{"name":"wp","href":"https:\/\/api.w.org\/{rel}","templated":true}]}}