{"id":304143,"date":"2025-08-08T03:00:10","date_gmt":"2025-08-08T03:00:10","guid":{"rendered":"https:\/\/www.europesays.com\/fr\/304143\/"},"modified":"2025-08-08T03:00:10","modified_gmt":"2025-08-08T03:00:10","slug":"des-champions-du-monde-attendus-a-sete-pour-le-tournoi-de-larago-beach","status":"publish","type":"post","link":"https:\/\/www.europesays.com\/fr\/304143\/","title":{"rendered":"Des champions du monde attendus \u00e0 S\u00e8te pour le tournoi de l\u2019Arago Beach"},"content":{"rendered":"<p>\n                                                                Le rendez-vous est ce dimanche 10\u00a0ao\u00fbt sur la plage des Fontaines.\n                            <\/p>\n<p>Alors que l\u2019\u00e9quipe de France U19 de volley vient d\u2019\u00eatre sacr\u00e9e championne du monde en Ouzb\u00e9kistan, l\u2019\u00cele singuli\u00e8re peut elle aussi se targuer d\u2019une l\u00e9gitime fiert\u00e9 \u00ab\u00a0nationale\u00a0\u00bb.<\/p>\n<p>Parmi les membres de la d\u00e9l\u00e9gation, trois S\u00e9tois \u00e9taient effectivement pr\u00e9sents avec Noa Duflos Rossi (capitaine), Th\u00e9o Martzluff (passeur) et Mathieu Rassel (statisticien).<\/p>\n<p>Comp\u00e9tition et loisir<\/p>\n<p>Reste que l\u2019\u00e9t\u00e9 n\u2019est pas termin\u00e9 et avec lui la saison de beach-volley. Apr\u00e8s le troph\u00e9e Fiona de juillet, le tournoi Arago Beach de ce dimanche 10\u00a0ao\u00fbt devrait ainsi rassembler de nombreuses \u00e9quipes en 3&#215;3, qui s\u2019affronteront pour succ\u00e9der aux vainqueurs masculins narbonnais et aux gagnantes du master f\u00e9minin tarnaises.<\/p>\n<p>Mais ce sera dans la comp\u00e9tition loisir que le plus grand nombre d\u2019\u00e9quipes s\u2019inscriront pour passer une bonne journ\u00e9e sportive sur la plage de S\u00e8te, notamment gr\u00e2ce \u00e0 la fin de la tramontane\u00a0!<\/p>\n<p>Les joueurs loisirs pourront s\u2019inspirer en regardant les matchs du tournoi master masculin, puisque le capitaine des Bleus U19, Noa Duflos Rossi, ainsi que Th\u00e9o Martzluff, devraient \u00eatre pr\u00e9sents sur le sable. Nul doute que le spectacle sera au rendez-vous sur la plage des Fontaines.<\/p>\n<p>Pour les pr\u00e9inscriptions, cliquer <a href=\"http:\/\/michel.meynard.free.fr\/Preinscriptions\/?action=saisir\" target=\"_blank\" rel=\"nofollow noopener\">ici<\/a>.<\/p>\n","protected":false},"excerpt":{"rendered":"Le rendez-vous est ce dimanche 10\u00a0ao\u00fbt sur la plage des Fontaines. Alors que l\u2019\u00e9quipe de France U19 de&hellip;\n","protected":false},"author":2,"featured_media":304144,"comment_status":"","ping_status":"","sticky":false,"template":"","format":"standard","meta":{"footnotes":""},"categories":[1417],"tags":[1011,27,60,1470,1469],"class_list":{"0":"post-304143","1":"post","2":"type-post","3":"status-publish","4":"format-standard","5":"has-post-thumbnail","7":"category-volley","8":"tag-fr","9":"tag-france","10":"tag-sports","11":"tag-volley","12":"tag-volleyball"},"share_on_mastodon":{"url":"https:\/\/pubeurope.com\/@fr\/114990915493104125","error":""},"_links":{"self":[{"href":"https:\/\/www.europesays.com\/fr\/wp-json\/wp\/v2\/posts\/304143","targetHints":{"allow":["GET"]}}],"collection":[{"href":"https:\/\/www.europesays.com\/fr\/wp-json\/wp\/v2\/posts"}],"about":[{"href":"https:\/\/www.europesays.com\/fr\/wp-json\/wp\/v2\/types\/post"}],"author":[{"embeddable":true,"href":"https:\/\/www.europesays.com\/fr\/wp-json\/wp\/v2\/users\/2"}],"replies":[{"embeddable":true,"href":"https:\/\/www.europesays.com\/fr\/wp-json\/wp\/v2\/comments?post=304143"}],"version-history":[{"count":0,"href":"https:\/\/www.europesays.com\/fr\/wp-json\/wp\/v2\/posts\/304143\/revisions"}],"wp:featuredmedia":[{"embeddable":true,"href":"https:\/\/www.europesays.com\/fr\/wp-json\/wp\/v2\/media\/304144"}],"wp:attachment":[{"href":"https:\/\/www.europesays.com\/fr\/wp-json\/wp\/v2\/media?parent=304143"}],"wp:term":[{"taxonomy":"category","embeddable":true,"href":"https:\/\/www.europesays.com\/fr\/wp-json\/wp\/v2\/categories?post=304143"},{"taxonomy":"post_tag","embeddable":true,"href":"https:\/\/www.europesays.com\/fr\/wp-json\/wp\/v2\/tags?post=304143"}],"curies":[{"name":"wp","href":"https:\/\/api.w.org\/{rel}","templated":true}]}}