{"id":30415,"date":"2025-04-17T01:04:07","date_gmt":"2025-04-17T01:04:07","guid":{"rendered":"https:\/\/www.europesays.com\/fr\/30415\/"},"modified":"2025-04-17T01:04:07","modified_gmt":"2025-04-17T01:04:07","slug":"a-quel-temps-doit-on-sattendre-pour-le-week-end-de-paques","status":"publish","type":"post","link":"https:\/\/www.europesays.com\/fr\/30415\/","title":{"rendered":"\u00e0 quel temps doit-on s&rsquo;attendre pour le week-end de P\u00e2ques\u00a0?"},"content":{"rendered":"<p>            Par<br \/>\n        <strong><br \/>\n            <a href=\"https:\/\/actu.fr\/auteur\/redaction-paris\" title=\"Consulter tous les articles de R\u00e9daction Paris\" target=\"_blank\" rel=\"noopener\">R\u00e9daction Paris<\/a><br \/>\n        <\/strong><\/p>\n<p>        Publi\u00e9 le<\/p>\n<p>            16 avr. 2025 \u00e0 16h31        <\/p>\n<p>La temp\u00eate pour les f\u00eates\u2009? Apr\u00e8s une semaine mitig\u00e9e marqu\u00e9e par la temp\u00eate Olivier en <a href=\"https:\/\/actu.fr\/ile-de-france\/\" target=\"_blank\" rel=\"noopener\">\u00cele-de-France<\/a>, puis la temp\u00eate Hans dans le Sud-Est, <strong>le week-end de P\u00e2ques s\u2019annonce maussade<\/strong> <a href=\"https:\/\/actu.fr\/meteo\/tempete-hans-nouvelle-depression-dans-l-ouest-vers-un-week-end-de-paques-chaotique-en-france_62517770.html\" target=\"_blank\" rel=\"noopener\">sur l\u2019ensemble du territoire<\/a>. Une d\u00e9pression devrait toucher l\u2019Hexagone par l\u2019ouest avant de gagner Paris et sa r\u00e9gion.<\/p>\n<p>La pluie pour P\u00e2ques<\/p>\n<p class=\" wall-content\">La journ\u00e9e de samedi 19\u00a0avril 2025 b\u00e9n\u00e9ficiera d\u2019un temps sec mais les averses arriveront dans la soir\u00e9e et continuer toute la journ\u00e9e de dimanche. Quelques \u00e9claircies devraient toutefois percer dans le ciel. <strong>Le temps sera instable<\/strong> pour la journ\u00e9e du lundi de P\u00e2ques. La pluie devrait accompagner les chasseurs d\u2019\u0153ufs.<\/p>\n<p class=\" wall-content\">\n<p class=\" wall-content\">Du c\u00f4t\u00e9 du mercure, <strong>les temp\u00e9ratures de saison<\/strong> ne d\u00e9passeront pas les 18 degr\u00e9s les trois journ\u00e9es. Le thermom\u00e8tre affichera 14 degr\u00e9s avant de grimper \u00e0 18 puis de retomber \u00e0 15 le soir.<\/p>\n<p class=\" wall-content\">Suivez toute l\u2019actualit\u00e9 de vos villes et m\u00e9dias favoris en vous inscrivant \u00e0 <a href=\"https:\/\/moncompte.actu.fr\" title=\"D\u00e9couvez Mon Actu\" rel=\"nofollow noopener\" data-trk=\"{&quot;cta&quot;:{&quot;action&quot;:&quot;https:\\\/\\\/moncompte.actu.fr&quot;,&quot;category&quot;:&quot;mon compte&quot;,&quot;from&quot;:&quot;article footer&quot;,&quot;name&quot;:&quot;Mon actu&quot;,&quot;type&quot;:&quot;cta&quot;}}\" target=\"_blank\">Mon Actu<\/a>.<\/p>\n","protected":false},"excerpt":{"rendered":"Par R\u00e9daction Paris Publi\u00e9 le 16 avr. 2025 \u00e0 16h31 La temp\u00eate pour les f\u00eates\u2009? Apr\u00e8s une semaine&hellip;\n","protected":false},"author":2,"featured_media":30416,"comment_status":"","ping_status":"","sticky":false,"template":"","format":"standard","meta":{"footnotes":""},"categories":[1592],"tags":[1111,11,1777,674,1011,27,662,2357,12,4769,626,25,104],"class_list":{"0":"post-30415","1":"post","2":"type-post","3":"status-publish","4":"format-standard","5":"has-post-thumbnail","7":"category-ile-de-france","8":"tag-actu","9":"tag-actualites","10":"tag-eu","11":"tag-europe","12":"tag-fr","13":"tag-france","14":"tag-ile-de-france","15":"tag-meteo-france","16":"tag-news","17":"tag-paques","18":"tag-paris","19":"tag-republique-francaise","20":"tag-societe"},"share_on_mastodon":{"url":"https:\/\/pubeurope.com\/@fr\/114350618345139925","error":""},"_links":{"self":[{"href":"https:\/\/www.europesays.com\/fr\/wp-json\/wp\/v2\/posts\/30415","targetHints":{"allow":["GET"]}}],"collection":[{"href":"https:\/\/www.europesays.com\/fr\/wp-json\/wp\/v2\/posts"}],"about":[{"href":"https:\/\/www.europesays.com\/fr\/wp-json\/wp\/v2\/types\/post"}],"author":[{"embeddable":true,"href":"https:\/\/www.europesays.com\/fr\/wp-json\/wp\/v2\/users\/2"}],"replies":[{"embeddable":true,"href":"https:\/\/www.europesays.com\/fr\/wp-json\/wp\/v2\/comments?post=30415"}],"version-history":[{"count":0,"href":"https:\/\/www.europesays.com\/fr\/wp-json\/wp\/v2\/posts\/30415\/revisions"}],"wp:featuredmedia":[{"embeddable":true,"href":"https:\/\/www.europesays.com\/fr\/wp-json\/wp\/v2\/media\/30416"}],"wp:attachment":[{"href":"https:\/\/www.europesays.com\/fr\/wp-json\/wp\/v2\/media?parent=30415"}],"wp:term":[{"taxonomy":"category","embeddable":true,"href":"https:\/\/www.europesays.com\/fr\/wp-json\/wp\/v2\/categories?post=30415"},{"taxonomy":"post_tag","embeddable":true,"href":"https:\/\/www.europesays.com\/fr\/wp-json\/wp\/v2\/tags?post=30415"}],"curies":[{"name":"wp","href":"https:\/\/api.w.org\/{rel}","templated":true}]}}