{"id":304156,"date":"2025-08-08T03:08:11","date_gmt":"2025-08-08T03:08:11","guid":{"rendered":"https:\/\/www.europesays.com\/fr\/304156\/"},"modified":"2025-08-08T03:08:11","modified_gmt":"2025-08-08T03:08:11","slug":"on-va-te-bais-toi-emilien-les-12-coups-de-midi-surprend-ses-fans-dans-sa-nouvelle-carriere","status":"publish","type":"post","link":"https:\/\/www.europesays.com\/fr\/304156\/","title":{"rendered":"\u00ab\u00a0On va te bais** toi\u00a0\u00bb, \u00c9milien (Les 12 coups de midi) surprend ses fans dans sa nouvelle carri\u00e8re"},"content":{"rendered":"<p>      R\u00e9sum\u00e9<\/p>\n<p>Apr\u00e8s son \u00e9limination des \u00ab\u00a012 coups de midi\u00a0\u00bb, \u00c9milien s\u2019est lanc\u00e9 sur Twitch avec le streamer Etoiles, partageant des vid\u00e9os et d\u00e9fis culturels qui s\u00e9duisent toujours ses fans.<\/p>\n<p>        Sommaire<\/p>\n<p>Il n\u2019appara\u00eet peut-\u00eatre plus en tant que ma\u00eetre de midi dans le jeu quotidien de TF1 pr\u00e9sent\u00e9 par J<a href=\"https:\/\/www.public.fr\/tag\/jean-luc-reichmann\" target=\"_blank\" rel=\"noopener\">ean-Luc Reichmann<\/a>, mais ses fans peuvent d\u00e9sormais le retrouver sur Twitch. En effet, <a href=\"https:\/\/www.public.fr\/tag\/emilien-les-12-coups-de-midi\" target=\"_blank\" rel=\"noopener\">\u00c9milien<\/a>, malgr\u00e9 son \u00e9limination des <strong>\u00ab\u00a012 coups de midi\u00a0\u00bb<\/strong> le 6 juillet dernier, continue de \u00ab\u00a0donner des nouvelles\u00a0\u00bb depuis qu\u2019il a <a href=\"https:\/\/www.public.fr\/emilien-les-12-coups-de-midi-et-maintenant-il-va-concurrencer-samuel-etienne\" target=\"_blank\" rel=\"noopener\">ouvert sa cha\u00eene sur Twitch et YouTube.<\/a><\/p>\n<p>Un projet en partie motiv\u00e9 par le streamer Etoiles, devenu tr\u00e8s proche d\u2019\u00c9milien au fil des mois. En effet, le streamer, grand fan des <strong>\u00ab\u00a012 coups de midi\u00a0\u00bb<\/strong> et plus particuli\u00e8rement du jeune vend\u00e9en, est connu pour sa\u00a0\u00ab\u00a0<strong>Nuit de la Culture<\/strong>\u00a0\u00bb\u00a0au cours de laquelle il visionne et joue en direct \u00e0\u00a0<strong>\u00ab\u00a0Questions pour un champion\u00a0\u00bb.\u00a0<\/strong><\/p>\n<p>\u00c9milien et Etoiles, un duo qui s&rsquo;adore<\/p>\n<p>Comme pour \u00c9milien actuellement, c\u2019est le streamer Etoiles qui a fait d\u00e9couvrir le streaming au pr\u00e9sentateur de <strong>\u00ab\u00a0Questions pour un champion\u00a0\u00bb<\/strong>, Samuel Etienne, il y a quelques ann\u00e9es. Et visiblement, l\u2019alchimie op\u00e8re entre l\u2019ancien ma\u00eetre de midi et Etoiles depuis quelque temps.<\/p>\n<p>Si certains l\u2019ont oubli\u00e9, les deux sont d\u00e9j\u00e0 apparus ensemble sur la cha\u00eene Twitch d\u2019Etoiles. L\u2019ancien candidat des <strong>\u00ab\u00a012 coups de midi\u00a0\u00bb<\/strong> a aid\u00e9 le streamer \u00e0 r\u00e9viser, et lui a donn\u00e9 quelques astuces juste avant son passage dans l\u2019\u00e9mission <strong>\u00ab\u00a0Questions pour un champion\u00a0\u00bb<\/strong> sur France 3. Le duo a m\u00eame pu se d\u00e9fier sur des quiz en ligne.<\/p>\n<p>En bref, \u00c9milien et Etoiles ne se l\u00e2chent plus. Que ce soit sur leurs cha\u00eenes respectives comme sur les r\u00e9seaux sociaux. Les deux acolytes viennent d\u2019en donner la preuve, ce jeudi 7 ao\u00fbt 2025, sur le r\u00e9seau social X.\u00a0<\/p>\n<p>Les deux amis s&rsquo;affichent sur les r\u00e9seaux<\/p>\n<p>En effet, l\u2019ancien ma\u00eetre de midi dans le jeu pr\u00e9sent\u00e9 par <a href=\"https:\/\/vsd.fr\/tag\/jean-luc-reichmann\/\" target=\"_blank\" rel=\"noopener\">Jean-Luc Reichmann<\/a>, <strong>vient d\u2019afficher Etoiles <\/strong>suite \u00e0 un message priv\u00e9 re\u00e7u dans sa bo\u00eete de r\u00e9ception. <\/p>\n<p><strong>\u00ab\u00a0C\u2019est quoi cette minia ? On va te baiser toi\u00a0\u00bb,<\/strong> peut-on lire dans le message envoy\u00e9 par le streamer \u00e0 \u00c9milien. <strong>Une menace remplie d\u2019humour<\/strong>, \u00e0 travers laquelle Etoiles se moque en effet de l\u2019image de miniature choisie par le jeune vend\u00e9en pour habiller ses vid\u00e9os.\u00a0<\/p>\n<p><strong>\u00ab\u00a0Il a raison, mais j\u2019encha\u00eene\u00a0\u00bb<\/strong>, a alors r\u00e9pondu le principal int\u00e9ress\u00e9, redirigeant ses abonn\u00e9s sur sa deuxi\u00e8me vid\u00e9o publi\u00e9e sur sa cha\u00eene YouTube depuis sa cr\u00e9ation. Une vid\u00e9o dans laquelle nous retrouvons justement Etoiles et titr\u00e9e \u00ab\u00a0KCulture et sQuiz avec Etoiles et Ga\u00ebl !\u00a0\u00bb et qui dure plus de 4 heures !\u00a0<\/p>\n<p>      Mentionn\u00e9s dans cet article<\/p>\n<p>      Sur le m\u00eame sujet<\/p>\n","protected":false},"excerpt":{"rendered":"R\u00e9sum\u00e9 Apr\u00e8s son \u00e9limination des \u00ab\u00a012 coups de midi\u00a0\u00bb, \u00c9milien s\u2019est lanc\u00e9 sur Twitch avec le streamer Etoiles,&hellip;\n","protected":false},"author":2,"featured_media":304157,"comment_status":"","ping_status":"","sticky":false,"template":"","format":"standard","meta":{"footnotes":""},"categories":[1359],"tags":[58,8049,59,1011,27,465,466,973,128,199],"class_list":{"0":"post-304156","1":"post","2":"type-post","3":"status-publish","4":"format-standard","5":"has-post-thumbnail","7":"category-people","8":"tag-divertissement","9":"tag-emilien-les-12-coups-de-midi","10":"tag-entertainment","11":"tag-fr","12":"tag-france","13":"tag-jean-luc-reichmann","14":"tag-les-12-coups-de-midi","15":"tag-people","16":"tag-streaming","17":"tag-tf1"},"share_on_mastodon":{"url":"https:\/\/pubeurope.com\/@fr\/114990946902097745","error":""},"_links":{"self":[{"href":"https:\/\/www.europesays.com\/fr\/wp-json\/wp\/v2\/posts\/304156","targetHints":{"allow":["GET"]}}],"collection":[{"href":"https:\/\/www.europesays.com\/fr\/wp-json\/wp\/v2\/posts"}],"about":[{"href":"https:\/\/www.europesays.com\/fr\/wp-json\/wp\/v2\/types\/post"}],"author":[{"embeddable":true,"href":"https:\/\/www.europesays.com\/fr\/wp-json\/wp\/v2\/users\/2"}],"replies":[{"embeddable":true,"href":"https:\/\/www.europesays.com\/fr\/wp-json\/wp\/v2\/comments?post=304156"}],"version-history":[{"count":0,"href":"https:\/\/www.europesays.com\/fr\/wp-json\/wp\/v2\/posts\/304156\/revisions"}],"wp:featuredmedia":[{"embeddable":true,"href":"https:\/\/www.europesays.com\/fr\/wp-json\/wp\/v2\/media\/304157"}],"wp:attachment":[{"href":"https:\/\/www.europesays.com\/fr\/wp-json\/wp\/v2\/media?parent=304156"}],"wp:term":[{"taxonomy":"category","embeddable":true,"href":"https:\/\/www.europesays.com\/fr\/wp-json\/wp\/v2\/categories?post=304156"},{"taxonomy":"post_tag","embeddable":true,"href":"https:\/\/www.europesays.com\/fr\/wp-json\/wp\/v2\/tags?post=304156"}],"curies":[{"name":"wp","href":"https:\/\/api.w.org\/{rel}","templated":true}]}}