{"id":304158,"date":"2025-08-08T03:10:13","date_gmt":"2025-08-08T03:10:13","guid":{"rendered":"https:\/\/www.europesays.com\/fr\/304158\/"},"modified":"2025-08-08T03:10:13","modified_gmt":"2025-08-08T03:10:13","slug":"en-bretagne-il-a-sorti-son-premier-livre-apres-avoir-arrete-lalcool","status":"publish","type":"post","link":"https:\/\/www.europesays.com\/fr\/304158\/","title":{"rendered":"en Bretagne, il a sorti son premier livre apr\u00e8s avoir arr\u00eat\u00e9 l\u2019alcool"},"content":{"rendered":"<p>            Par<br \/>\n        <strong><br \/>\n            <a href=\"https:\/\/actu.fr\/auteur\/julien-saliou\" title=\"Consulter tous les articles de Julien Saliou\" target=\"_blank\" rel=\"noopener\">Julien Saliou<\/a><br \/>\n        <\/strong><\/p>\n<p>        Publi\u00e9 le<\/p>\n<p>            7 ao\u00fbt 2025 \u00e0 17h19        <\/p>\n<p>Avec la sortie de son premier <a href=\"https:\/\/actu.fr\/tag\/livres\" target=\"_blank\" rel=\"noopener\">livre<\/a>, Christophe Bellec tourne une page de sa vie. Et en ouvre une autre. Les Bribes de l\u2019incoh\u00e9rence, recueil de nouvelles et de po\u00e9sies, est sorti en avril dernier. \u00ab\u2009J\u2019\u00e9cris depuis longtemps, et j\u2019adore lire des auteurs comme Charles Bukowski, Nicolas Rey, Paul Auster\u2026 Mon but premier \u00e9tait de sortir le bouquin pour le fun et d\u2019aller au bout de mon projet. Ma m\u00e8re savait que j\u2019\u00e9crivais, <b>c\u2019\u00e9tait un challenge de le faire<\/b>. Elle m\u2019a pouss\u00e9 \u00e0 le publier.\u2009\u00bb<\/p>\n<p class=\" wall-content\">Malheureusement, elle ne tiendra jamais l\u2019ouvrage dans ses mains. Elle est partie en juin\u00a02024. \u00ab\u2009J\u2019ai eu comme un d\u00e9clic.\u2009\u00bb Un d\u00e9clic pour finaliser le travail. Et <b>un d\u00e9clic pour s\u2019en sortir<\/b>. Se d\u00e9faire de son isolement. De ses soir\u00e9es o\u00f9 seules ses bouteilles d\u2019alcool lui tenaient compagnie.<\/p>\n<p class=\" wall-content\">\u00ab\u2009Je ne bois plus une goutte depuis le 20 novembre\u2009\u00bb, souligne l\u2019habitant de Brest, \u00e2g\u00e9 de 50 ans, originaire de la rive droite. Il habite aujourd\u2019hui \u00e0 Lamb\u00e9zellec.<\/p>\n<p>Un style \u00ab\u2009brut de pommes\u2009\u00bb<\/p>\n<p class=\" wall-content\">L\u2019<a href=\"https:\/\/actu.fr\/tag\/alcool\" target=\"_blank\" rel=\"noopener\">alcool<\/a> a \u00e9t\u00e9 son compagnon de route durant de nombreuses ann\u00e9es. \u00ab\u2009Mais tant que j\u2019avais le boulot de couvreur, je tenais. Il est devenu de plus en plus d\u00e9licat de me lever le matin. Petit \u00e0 petit, j\u2019ai commenc\u00e9 \u00e0 m\u2019isoler, \u00e0 perdre mes liens familiaux et sociaux.\u2009\u00bb<\/p>\n<p class=\" wall-content\">Durant cette p\u00e9riode de \u00ab\u2009chute libre\u2009\u00bb, il n\u2019a pas perdu le go\u00fbt de l\u2019\u00e9criture. Au contraire. \u00ab\u2009Durant le Covid, je ne travaillais plus. Je me donnais un rythme avec l\u2019\u00e9criture, le matin, durant ma sobri\u00e9t\u00e9. De temps en temps, j\u2019\u00e9crivais \u00e9galement le soir, alcoolis\u00e9. Parfois, j\u2019avais quelques fulgurances. Le lendemain, je triais.\u2009\u00bb<\/p>\n<p>Vid\u00e9os : en ce moment sur Actu<br \/>\n    <a href=\"https:\/\/www.facebook.com\/plugins\/post.php?href=https%3A%2F%2Fwww.facebook.com%2Fpermalink.php%3Fstory_fbid%3Dpfbid0uEDgAxjyYpfBiM9RgzrS4qouSdZPgusimMpWfqnYn1G2VjJKqvr1UVh62v8hZwDwl%26id%3D61576289351578&amp;show_text=true&amp;width=350\" title=\"Ouvrie le lien\" target=\"_blank\" rel=\"noopener\">Cliquez ici pour visualiser le contenu<\/a><\/p>\n<p class=\" wall-content\">De ce tri en ressort des textes courts, d\u2019une \u00e0 cinq pages. Le style est \u00ab\u2009brut de pommes\u2009\u00bb, comme il dit.<\/p>\n<p>Trajectoires chaotiques<\/p>\n<p class=\" wall-content\">Au fil des pages, on y croise des <b>hommes et des femmes aux trajectoires parfois chaotiques<\/b>. Une certaine m\u00e9lancolie transpire souvent de la plume de l\u2019auteur, \u00ab\u2009avec un peu d\u2019ironie et d\u2019humour\u2009\u00bb glisse dans un sourire franc Christophe Bellec, entre deux bouff\u00e9es de sa <a href=\"https:\/\/actu.fr\/tag\/cigarette-electronique\" target=\"_blank\" rel=\"noopener\">cigarette \u00e9lectronique<\/a>.<\/p>\n<p class=\" wall-content\">La clope aussi, il a arr\u00eat\u00e9. Et sa vie n\u2019est plus la m\u00eame depuis qu\u2019il tourne au caf\u00e9 et au soft. \u00ab\u2009J\u2019ai repris le sport, j\u2019ai retrouv\u00e9 mon fr\u00e8re jumeau lors des fun\u00e9railles de notre m\u00e8re,<b> je suis en ce moment en formation <\/b>\u00e0 l\u2019Afpa, dans la vente. Le renouveau est total\u2009\u00bb, ajoute le quinqua.<\/p>\n<p class=\" wall-content\">Il a repris l\u2019\u00e9criture. \u00ab\u2009J\u2019ai trois ou quatre textes en route. Ils sont diff\u00e9rents des pr\u00e9c\u00e9dents. <b>Il sera davantage question d\u2019abstinence et de r\u00e9silience<\/b>. J\u2019ai beaucoup d\u2019id\u00e9es.\u2009\u00bb<\/p>\n<p>Les Bribes de l\u2019incoh\u00e9rence, Le Lys Bleu. 72 pages, 11\u00a0euros. \u00c0 vendre <a href=\"https:\/\/www.lysbleueditions.com\/nouvelles\/les-bribes-de-lincoherence\/#:~:text=Les%20bribes%20de%20l&#039;incoh%C3%A9rence%20est%20un%20recueil%20de%20nouvelles,ou%20extraordinaires%2C%20toujours%20profond%C3%A9ment%20humaines.\" target=\"_blank\" rel=\"noopener\">sur le site de la maison d\u2019\u00e9dition<\/a>, ou sur diff\u00e9rentes plateformes comme Amazon, Cultura, Fnac.<\/p>\n<p class=\" wall-content\">Suivez toute l\u2019actualit\u00e9 de vos villes et m\u00e9dias favoris en vous inscrivant \u00e0 <a href=\"https:\/\/moncompte.actu.fr\" title=\"D\u00e9couvez Mon Actu\" rel=\"nofollow noopener\" data-trk=\"{&quot;cta&quot;:{&quot;action&quot;:&quot;https:\\\/\\\/moncompte.actu.fr&quot;,&quot;category&quot;:&quot;mon compte&quot;,&quot;from&quot;:&quot;article footer&quot;,&quot;name&quot;:&quot;Mon actu&quot;,&quot;type&quot;:&quot;cta&quot;}}\" target=\"_blank\">Mon Actu<\/a>.<\/p>\n","protected":false},"excerpt":{"rendered":"Par Julien Saliou Publi\u00e9 le 7 ao\u00fbt 2025 \u00e0 17h19 Avec la sortie de son premier livre, Christophe&hellip;\n","protected":false},"author":2,"featured_media":304159,"comment_status":"","ping_status":"","sticky":false,"template":"","format":"standard","meta":{"footnotes":""},"categories":[1357],"tags":[5702,1379,58,59,1011,27,1380,9026,104],"class_list":{"0":"post-304158","1":"post","2":"type-post","3":"status-publish","4":"format-standard","5":"has-post-thumbnail","7":"category-livres","8":"tag-alcool","9":"tag-books","10":"tag-divertissement","11":"tag-entertainment","12":"tag-fr","13":"tag-france","14":"tag-livres","15":"tag-portrait","16":"tag-societe"},"share_on_mastodon":{"url":"https:\/\/pubeurope.com\/@fr\/114990954832841548","error":""},"_links":{"self":[{"href":"https:\/\/www.europesays.com\/fr\/wp-json\/wp\/v2\/posts\/304158","targetHints":{"allow":["GET"]}}],"collection":[{"href":"https:\/\/www.europesays.com\/fr\/wp-json\/wp\/v2\/posts"}],"about":[{"href":"https:\/\/www.europesays.com\/fr\/wp-json\/wp\/v2\/types\/post"}],"author":[{"embeddable":true,"href":"https:\/\/www.europesays.com\/fr\/wp-json\/wp\/v2\/users\/2"}],"replies":[{"embeddable":true,"href":"https:\/\/www.europesays.com\/fr\/wp-json\/wp\/v2\/comments?post=304158"}],"version-history":[{"count":0,"href":"https:\/\/www.europesays.com\/fr\/wp-json\/wp\/v2\/posts\/304158\/revisions"}],"wp:featuredmedia":[{"embeddable":true,"href":"https:\/\/www.europesays.com\/fr\/wp-json\/wp\/v2\/media\/304159"}],"wp:attachment":[{"href":"https:\/\/www.europesays.com\/fr\/wp-json\/wp\/v2\/media?parent=304158"}],"wp:term":[{"taxonomy":"category","embeddable":true,"href":"https:\/\/www.europesays.com\/fr\/wp-json\/wp\/v2\/categories?post=304158"},{"taxonomy":"post_tag","embeddable":true,"href":"https:\/\/www.europesays.com\/fr\/wp-json\/wp\/v2\/tags?post=304158"}],"curies":[{"name":"wp","href":"https:\/\/api.w.org\/{rel}","templated":true}]}}