{"id":304160,"date":"2025-08-08T03:11:11","date_gmt":"2025-08-08T03:11:11","guid":{"rendered":"https:\/\/www.europesays.com\/fr\/304160\/"},"modified":"2025-08-08T03:11:11","modified_gmt":"2025-08-08T03:11:11","slug":"giuseppa-et-jessica-errero-demasquees-cest-le-choc-pour-les-finalistes","status":"publish","type":"post","link":"https:\/\/www.europesays.com\/fr\/304160\/","title":{"rendered":"Giuseppa et Jessica Errero d\u00e9masqu\u00e9es ? C&rsquo;est le choc pour les finalistes"},"content":{"rendered":"<p><a href=\"https:\/\/www.melty.fr\/tele\/the-detective-club-qui-a-vole-kiki-le-teaser-de-la-nouvelle-emission-de-w9-avec-julien-tanti-devoilee-la-toile-senflamme-2236300.html\" rel=\"nofollow noopener\" target=\"_blank\"><br \/>\nVoil\u00e0 plusieurs semaines que W9 a lanc\u00e9 sa nouvelle \u00e9mission de<br \/>\nt\u00e9l\u00e9-r\u00e9alit\u00e9 : The Detective Club : qui a vol\u00e9 Kiki ?<\/a> Dans une<br \/>\nimmense demeure, plusieurs candidats de t\u00e9l\u00e9-r\u00e9alit\u00e9 sont<br \/>\nsoup\u00e7onn\u00e9s d\u00a0\u00bbavoir vol\u00e9 Kiki, le chien du maitre des lieux, qui se<br \/>\nfait appeler le S. Parmi tous les participants, il y a deux voleurs<br \/>\nd\u00e9sign\u00e9s d\u00e8s le d\u00e9but de l&rsquo;aventure : Giuseppa et Ryad.<\/p>\n<p>Ryad et Enzo d\u00e9masqu\u00e9s par les d\u00e9tectives<\/p>\n<p>Chaque semaine, les deux voleurs ont eu la possibilit\u00e9<br \/>\nd&rsquo;\u00e9liminer un d\u00e9tective \u00e0 trappe. Par la suite, tous participants<br \/>\nse retrouvaient dans la black room pour d\u00e9signer \u00e0 leur tour qui<br \/>\n\u00e9tait le voleur selon eux. Qu&rsquo;ils aient raison ou qu&rsquo;ils aient<br \/>\ntort, la personne d\u00e9sign\u00e9e \u00e9tait automatiquement \u00e9limin\u00e9e de<br \/>\nl&rsquo;aventure. Mais juste avant de partir, elle devait d\u00e9voiler son<br \/>\nidentit\u00e9. <strong>C&rsquo;est ainsi que Ryad a \u00e9t\u00e9 le premier voleur \u00e0<br \/>\navoir \u00e9t\u00e9 d\u00e9masqu\u00e9 par les d\u00e9tectives.<\/strong><\/p>\n<p>Giuseppa a donc d\u00fb d\u00e9signer un nouveau voleur pour poursuivre<br \/>\nl&rsquo;aventure \u00e0 ses c\u00f4t\u00e9s. C&rsquo;est alors qu&rsquo;elle a choisi Enzo qui au<br \/>\nd\u00e9but ne voulait clairement pas de ce r\u00f4le. Mais au fur et \u00e0 mesure<br \/>\ndu jeu, il a appr\u00e9ci\u00e9 duper ses camarades. <strong>Sauf que les<br \/>\nindices s&rsquo;accumulant, les soup\u00e7ons se sont tourn\u00e9s sur lui et il a<br \/>\n\u00e9t\u00e9 d\u00e9masqu\u00e9 \u00e0 son tour par les d\u00e9tectives.<\/strong><\/p>\n<p>Giuseppa et Jessica Errero, les voleuses de cette fin<br \/>\nd&rsquo;aventure<\/p>\n<p>Si les d\u00e9tectives ont r\u00e9ussi \u00e0 \u00e9liminer deux voleurs, ils<br \/>\navaient de gros doutes sur la voleuse. Les filles ont alors \u00e9t\u00e9<br \/>\n\u00e9limin\u00e9es les unes apr\u00e8s les autres. <strong>L&rsquo;\u00e9tau s&rsquo;est donc<br \/>\nresserr\u00e9 autour de Giuseppa qui a toujours ni\u00e9 \u00eatre une<br \/>\nvoleuse<\/strong>. Sa plus grande arme a \u00e9t\u00e9 de dire qu&rsquo;elle<br \/>\nn&rsquo;aurait jamais pu \u00e9liminer Manon Tanti d\u00e8s le d\u00e9but de l&rsquo;aventure.<br \/>\nMais au final, cette \u00e9limination \u00e9tait une tr\u00e8s grande strat\u00e9gie<br \/>\npour pouvoir se cacher derri\u00e8re.<\/p>\n<p>Suite \u00e0 l&rsquo;\u00e9limination d&rsquo;Enzo, Giuseppa a d\u00fb choisir un autre<br \/>\nvoleur. L\u00e0 encore, elle a pens\u00e9 strat\u00e9gie. <strong>Etant donn\u00e9 que<br \/>\nJessica Errero \u00e9tait convaincue de son r\u00f4le de voleuse, elle a<br \/>\nd\u00e9cid\u00e9 de la d\u00e9signer \u00e0 son tour.<\/strong> De quoi ravir la jeune<br \/>\nfemme qui est arriv\u00e9e en cours d&rsquo;aventure avec Vivian. C&rsquo;est alors<br \/>\nque le jeu a commenc\u00e9 pour Jessica Errero qui a pu mettre en sc\u00e8ne<br \/>\nses talents de com\u00e9dienne.<\/p>\n<p>20 000 euros \u00e0 la cl\u00e9 pour la finale de<br \/>\nThe Detective Club<\/p>\n<p>Ce vendredi 8 ao\u00fbt, l&rsquo;aventure The Detective Club va se terminer<br \/>\nsur W9 et les deux voleuses seront connues aux yeux de tous. Un<br \/>\n\u00e9pisode qui est d\u00e9j\u00e0 disponible en avant-premi\u00e8re sur M6+. Les<br \/>\nd\u00e9tectives se sont rendus dans la black room pour d\u00e9signer les deux<br \/>\nvoleurs de Kiki. Sans grande h\u00e9sitation, ils ont d\u00e9sign\u00e9 Giuseppa.<br \/>\n<strong>Pour le deuxi\u00e8me voleur, c&rsquo;est Adixia qui a \u00e9t\u00e9<br \/>\nnomm\u00e9e.<\/strong><\/p>\n<p>L&rsquo;heure de la r\u00e9v\u00e9lation a donc eu lieu pour les deux<br \/>\ncandidates. Si Giuseppa n&rsquo;a \u00e9tonn\u00e9 personne en annon\u00e7ant qu&rsquo;elle<br \/>\n\u00e9tait voleuse, Adixia a rappel\u00e9 \u00e0 ses camarades qu&rsquo;ils n&rsquo;avaient<br \/>\npas \u00e9t\u00e9 bons, puisqu&rsquo;elle \u00e9tait une d\u00e9tective comme eux. Le S a<br \/>\nensuite demand\u00e9 au deuxi\u00e8me voleur de se d\u00e9voiler. C&rsquo;est alors que<br \/>\nJessica Errero s&rsquo;est lev\u00e9e et l\u00e0, \u00e7a a \u00e9t\u00e9 un vrai choc pour tous !<br \/>\nNotamment pour Adixia qui s&rsquo;est sentie duper par son amie,<br \/>\npuisqu&rsquo;elle n&rsquo;a pas h\u00e9sit\u00e9 \u00e0 \u00e9liminer <a href=\"https:\/\/www.melty.fr\/people\/adixia-en-couple-avec-nicolo-trois-mois-apres-son-divorce-avec-simon-feraud-on-nallait-pas-se-cacher-2237831.html\" rel=\"nofollow noopener\" target=\"_blank\"><br \/>\nNicolo avec qui elle venait de se mettre en couple<\/a>. <strong>En<br \/>\nne se faisant pas d\u00e9masquer toutes les deux, Giuseppa et Jessica<br \/>\ngagnent l&rsquo;aventure et 20 000 euros !<\/strong><\/p>\n","protected":false},"excerpt":{"rendered":"Voil\u00e0 plusieurs semaines que W9 a lanc\u00e9 sa nouvelle \u00e9mission de t\u00e9l\u00e9-r\u00e9alit\u00e9 : The Detective Club : qui&hellip;\n","protected":false},"author":2,"featured_media":304161,"comment_status":"","ping_status":"","sticky":false,"template":"","format":"standard","meta":{"footnotes":""},"categories":[1356],"tags":[58,59,1011,27,252,1364],"class_list":{"0":"post-304160","1":"post","2":"type-post","3":"status-publish","4":"format-standard","5":"has-post-thumbnail","7":"category-television","8":"tag-divertissement","9":"tag-entertainment","10":"tag-fr","11":"tag-france","12":"tag-television","13":"tag-tv"},"share_on_mastodon":{"url":"https:\/\/pubeurope.com\/@fr\/114990958851374826","error":""},"_links":{"self":[{"href":"https:\/\/www.europesays.com\/fr\/wp-json\/wp\/v2\/posts\/304160","targetHints":{"allow":["GET"]}}],"collection":[{"href":"https:\/\/www.europesays.com\/fr\/wp-json\/wp\/v2\/posts"}],"about":[{"href":"https:\/\/www.europesays.com\/fr\/wp-json\/wp\/v2\/types\/post"}],"author":[{"embeddable":true,"href":"https:\/\/www.europesays.com\/fr\/wp-json\/wp\/v2\/users\/2"}],"replies":[{"embeddable":true,"href":"https:\/\/www.europesays.com\/fr\/wp-json\/wp\/v2\/comments?post=304160"}],"version-history":[{"count":0,"href":"https:\/\/www.europesays.com\/fr\/wp-json\/wp\/v2\/posts\/304160\/revisions"}],"wp:featuredmedia":[{"embeddable":true,"href":"https:\/\/www.europesays.com\/fr\/wp-json\/wp\/v2\/media\/304161"}],"wp:attachment":[{"href":"https:\/\/www.europesays.com\/fr\/wp-json\/wp\/v2\/media?parent=304160"}],"wp:term":[{"taxonomy":"category","embeddable":true,"href":"https:\/\/www.europesays.com\/fr\/wp-json\/wp\/v2\/categories?post=304160"},{"taxonomy":"post_tag","embeddable":true,"href":"https:\/\/www.europesays.com\/fr\/wp-json\/wp\/v2\/tags?post=304160"}],"curies":[{"name":"wp","href":"https:\/\/api.w.org\/{rel}","templated":true}]}}