{"id":304162,"date":"2025-08-08T03:12:18","date_gmt":"2025-08-08T03:12:18","guid":{"rendered":"https:\/\/www.europesays.com\/fr\/304162\/"},"modified":"2025-08-08T03:12:18","modified_gmt":"2025-08-08T03:12:18","slug":"jean-jacques-goldman-tombe-amoureux-de-celine-dion-un-fidele-lache-linfo-2","status":"publish","type":"post","link":"https:\/\/www.europesays.com\/fr\/304162\/","title":{"rendered":"Jean-Jacques Goldman \u201ctomb\u00e9 amoureux\u201d de C\u00e9line Dion : un fid\u00e8le l\u00e2che l\u2019info"},"content":{"rendered":"<p>Entre Jean-Jacques Goldman et C\u00e9line Dion, la collaboration musicale a toujours \u00e9t\u00e9 au c\u0153ur de leur relation. Entre les deux artistes, l\u2019amour de la musique les a r\u00e9uni sur plusieurs titres. Dans les colonnes de la Tribune Dimanche, plusieurs proches se sont confi\u00e9s sur cette relation artistique. Et on peut y lire que Jean-Jacques Goldman serait \u201ctomb\u00e9 amoureux\u201d d\u2019une caract\u00e9ristique de la chanteuse : \u201cJean-Jacques \u00e9tait tomb\u00e9 amoureux de sa voix. Il <strong>classait C\u00e9line dans le top 5<\/strong> des grandes vocalistes mondiales, avec Aretha Franklin, son idole absolue, Barbra Streisand, Mariah Carey et Whitney Houston\u201d, confie l\u2019auteur compositeur Erick Benzi.<\/p>\n<p>Jean-Jacques Goldman : sa relation fusionnelle avec C\u00e9line Dion<\/p>\n<p>Ce dernier, qui est un ami du chanteur : \u201cJean-Jacques se consid\u00e9rait d\u2019abord comme un songwriter. \u00c0 ses d\u00e9buts, il s\u2019est r\u00e9solu \u00e0 interpr\u00e9ter ses chansons par d\u00e9pit car personne n\u2019en voulait. Mais son premier amour, c\u2019est de se mettre au service des autres, surtout les chanteurs et les chanteuses \u00e0 voix qui l\u2019ont toujours fascin\u00e9, sans doute parce qu\u2019il se consid\u00e8re comme un chanteur normal, <strong>avec une voix normale\u201d. <\/strong> Tr\u00e8s proches l\u2019un de l\u2019autre, les deux chanteurs vont se retrouver \u00e0 de nombreuses chansons. A tel point que m\u00eame Michael Jones avait aussi accept\u00e9 de se confier sur la relation avec C\u00e9line Dion.<\/p>\n<p>Les confidences folles de Michael Jones<\/p>\n<p>Invit\u00e9 sur le plateau de Vivement Dimanche, le guitariste avait (&#8230;)<\/p>\n<p><a href=\"https:\/\/www.closermag.fr\/people\/jean-jacques-goldman-tombe-amoureux-de-celine-dion-un-fidele-lache-linfo-3569729\" rel=\"nofollow noopener\" target=\"_blank\" data-ylk=\"slk:Lire la suite sur Closer;elm:context_link;itc:0;sec:content-canvas\" class=\"link \">Lire la suite sur Closer<\/a><\/p>\n<p><a href=\"https:\/\/www.closermag.fr\/people\/bertrand-cantat-peut-etre-pire-que-lassassinat-de-marie-trintignant-les-mots-glacants-de-krisztina-rady-3569825\" rel=\"nofollow noopener\" target=\"_blank\" data-ylk=\"slk:Bertrand Cantat : \u201cpeut-\u00eatre pire\u201d que l\u2019assassinat de Marie Trintignant, les mots gla\u00e7ants de Krisztina Rady;elm:context_link;itc:0;sec:content-canvas\" class=\"link \">Bertrand Cantat : \u201cpeut-\u00eatre pire\u201d que l\u2019assassinat de Marie Trintignant, les mots gla\u00e7ants de Krisztina Rady<\/a><br \/><a href=\"https:\/\/www.closermag.fr\/royautes\/le-prince-harry-raciste-trop-cest-trop-il-invoque-la-memoire-de-lady-di-3569820\" rel=\"nofollow noopener\" target=\"_blank\" data-ylk=\"slk:Le prince Harry \u201craciste\u201d ? Trop c\u2019est trop, il invoque la m\u00e9moire de Lady Di;elm:context_link;itc:0;sec:content-canvas\" class=\"link \">Le prince Harry \u201craciste\u201d ? Trop c\u2019est trop, il invoque la m\u00e9moire de Lady Di<\/a><br \/><a href=\"https:\/\/www.closermag.fr\/vecu\/pleine-lune-du-9-aout-ces-trois-signes-vont-recevoir-un-signe-clair-de-lunivers-pour-avancer-3569821\" rel=\"nofollow noopener\" target=\"_blank\" data-ylk=\"slk:Pleine Lune du 9 ao\u00fbt : ces trois signes vont recevoir un signe clair de l\u2019Univers pour avancer;elm:context_link;itc:0;sec:content-canvas\" class=\"link \">Pleine Lune du 9 ao\u00fbt : ces trois signes vont recevoir un signe clair de l\u2019Univers pour avancer<\/a><br \/><a href=\"https:\/\/www.closermag.fr\/people\/patrick-bruel-les-incendies-monstres-dans-laude-ravivent-un-traumatisme-encore-tres-present-3569812\" rel=\"nofollow noopener\" target=\"_blank\" data-ylk=\"slk:Patrick Bruel : les incendies monstres dans l\u2019Aude ravivent un traumatisme encore tr\u00e8s pr\u00e9sent;elm:context_link;itc:0;sec:content-canvas\" class=\"link \">Patrick Bruel : les incendies monstres dans l\u2019Aude ravivent un traumatisme encore tr\u00e8s pr\u00e9sent<\/a><br \/><a href=\"https:\/\/www.closermag.fr\/tv_tele_realite\/koh-lanta-une-candidate-sexuellement-agressee-sur-le-tournage-nouvelles-revelations-sur-laffaire-choc-3569807\" rel=\"nofollow noopener\" target=\"_blank\" data-ylk=\"slk:Koh-Lanta : une candidate sexuellement agress\u00e9e sur le tournage ? Nouvelles r\u00e9v\u00e9lations sur l\u2019affaire choc;elm:context_link;itc:0;sec:content-canvas\" class=\"link \">Koh-Lanta : une candidate sexuellement agress\u00e9e sur le tournage ? Nouvelles r\u00e9v\u00e9lations sur l\u2019affaire choc<\/a><\/p>\n","protected":false},"excerpt":{"rendered":"Entre Jean-Jacques Goldman et C\u00e9line Dion, la collaboration musicale a toujours \u00e9t\u00e9 au c\u0153ur de leur relation. Entre&hellip;\n","protected":false},"author":2,"featured_media":304163,"comment_status":"","ping_status":"","sticky":false,"template":"","format":"standard","meta":{"footnotes":""},"categories":[1355],"tags":[7043,58,59,1011,27,31413,1361,873,44417],"class_list":{"0":"post-304162","1":"post","2":"type-post","3":"status-publish","4":"format-standard","5":"has-post-thumbnail","7":"category-musique","8":"tag-celine-dion","9":"tag-divertissement","10":"tag-entertainment","11":"tag-fr","12":"tag-france","13":"tag-michael-jones","14":"tag-music","15":"tag-musique","16":"tag-relation-fusionnelle"},"share_on_mastodon":{"url":"https:\/\/pubeurope.com\/@fr\/114990962765648378","error":""},"_links":{"self":[{"href":"https:\/\/www.europesays.com\/fr\/wp-json\/wp\/v2\/posts\/304162","targetHints":{"allow":["GET"]}}],"collection":[{"href":"https:\/\/www.europesays.com\/fr\/wp-json\/wp\/v2\/posts"}],"about":[{"href":"https:\/\/www.europesays.com\/fr\/wp-json\/wp\/v2\/types\/post"}],"author":[{"embeddable":true,"href":"https:\/\/www.europesays.com\/fr\/wp-json\/wp\/v2\/users\/2"}],"replies":[{"embeddable":true,"href":"https:\/\/www.europesays.com\/fr\/wp-json\/wp\/v2\/comments?post=304162"}],"version-history":[{"count":0,"href":"https:\/\/www.europesays.com\/fr\/wp-json\/wp\/v2\/posts\/304162\/revisions"}],"wp:featuredmedia":[{"embeddable":true,"href":"https:\/\/www.europesays.com\/fr\/wp-json\/wp\/v2\/media\/304163"}],"wp:attachment":[{"href":"https:\/\/www.europesays.com\/fr\/wp-json\/wp\/v2\/media?parent=304162"}],"wp:term":[{"taxonomy":"category","embeddable":true,"href":"https:\/\/www.europesays.com\/fr\/wp-json\/wp\/v2\/categories?post=304162"},{"taxonomy":"post_tag","embeddable":true,"href":"https:\/\/www.europesays.com\/fr\/wp-json\/wp\/v2\/tags?post=304162"}],"curies":[{"name":"wp","href":"https:\/\/api.w.org\/{rel}","templated":true}]}}