{"id":304164,"date":"2025-08-08T03:13:23","date_gmt":"2025-08-08T03:13:23","guid":{"rendered":"https:\/\/www.europesays.com\/fr\/304164\/"},"modified":"2025-08-08T03:13:23","modified_gmt":"2025-08-08T03:13:23","slug":"trailer-him-la-nouvelle-production-horrifique-de-jordan-peele-sannonce-ultra-violente","status":"publish","type":"post","link":"https:\/\/www.europesays.com\/fr\/304164\/","title":{"rendered":"[Trailer] \u201cHim\u201d, la nouvelle production horrifique de Jordan Peele s\u2019annonce ultra-violente"},"content":{"rendered":"<p>R\u00e9alis\u00e9 par Justin Tipping, le long m\u00e9trage promet une incursion particuli\u00e8rement terrifiante dans le monde du football am\u00e9ricain.<\/p>\n<p>\u201cCe n\u2019est pas un jeu.\u201d Apr\u00e8s <a href=\"https:\/\/www.lesinrocks.com\/cinema\/spike-lee-va-tourner-un-thriller-autour-du-ku-klux-klan-avec-adam-driver-368715-26-10-2017\/\" target=\"_blank\" rel=\"noopener\">BlacKkKlansman<\/a> ou plus r\u00e9cemment Monkey Man, Monkeypaw Productions, la soci\u00e9t\u00e9 de production de <a href=\"https:\/\/www.lesinrocks.com\/cinema\/jordan-peele-realisateur-de-us-je-veux-banaliser-les-visages-noirs-dans-la-pop-culture-144484-19-03-2019\/\" target=\"_blank\" rel=\"noopener\">Jordan Peele<\/a> retrouve le cin\u00e9ma d\u2019horreur avec Him, un long m\u00e9trage sign\u00e9 Justin Tipping qui s\u2019annonce aussi muscl\u00e9 qu\u2019effrayant. Pr\u00e9sent\u00e9 comme un \u201cvoyage effrayant dans le sanctuaire int\u00e9rieur de la c\u00e9l\u00e9brit\u00e9, de l\u2019idol\u00e2trie et de la poursuite de l\u2019excellence \u00e0 tout prix\u201d, Him met en sc\u00e8ne Tyriq Withers (<a href=\"https:\/\/www.lesinrocks.com\/cinema\/pourquoi-il-ne-fallait-vraiment-pas-ressusciter-souviens-toi-lete-dernier-676941-17-07-2025\/\" target=\"_blank\" rel=\"noopener\">Souviens-toi l\u2019\u00e9t\u00e9 dernier<\/a>) dans le r\u00f4le d\u2019un jeune quarterback.<\/p>\n<p>Apr\u00e8s un traumatisme cr\u00e2nien, le protagoniste se voit offrir une chance unique : s\u2019entra\u00eener avec une l\u00e9gende du football, incarn\u00e9e par Marlon Wayans. Mais, \u00e0 mesure que l\u2019entra\u00eenement s\u2019intensifie, le r\u00eave vire au cauchemar tandis que l\u2019atmosph\u00e8re devient sombre et violente. Un r\u00e9cit proche de l\u2019univers de Jordan Peele lui-m\u00eame, qui travaille actuellement sur son quatri\u00e8me long m\u00e9trage, peut-\u00eatre \u201cson pr\u00e9f\u00e9r\u00e9\u201d, selon des propos rapport\u00e9s par <a href=\"https:\/\/www.indiewire.com\/news\/trailers\/him-trailer-tyriq-withers-jordan-peele-1235143551\/\" target=\"_blank\" rel=\"noopener\">IndieWire<\/a>.<\/p>\n<p><strong>Him r\u00e9alis\u00e9 par Justin Tipping, avec Tyriq Withers, Marlon Wayans, Julia Fox. En salles le 24 septembre 2025.<\/strong><\/p><\/p>\n","protected":false},"excerpt":{"rendered":"R\u00e9alis\u00e9 par Justin Tipping, le long m\u00e9trage promet une incursion particuli\u00e8rement terrifiante dans le monde du football am\u00e9ricain.&hellip;\n","protected":false},"author":2,"featured_media":304165,"comment_status":"","ping_status":"","sticky":false,"template":"","format":"standard","meta":{"footnotes":""},"categories":[1354],"tags":[8716,58,59,1346,1011,27,44418,1360],"class_list":{"0":"post-304164","1":"post","2":"type-post","3":"status-publish","4":"format-standard","5":"has-post-thumbnail","7":"category-films","8":"tag-cafeyn","9":"tag-divertissement","10":"tag-entertainment","11":"tag-films","12":"tag-fr","13":"tag-france","14":"tag-jordan-peele","15":"tag-movies"},"share_on_mastodon":{"url":"https:\/\/pubeurope.com\/@fr\/114990966692595945","error":""},"_links":{"self":[{"href":"https:\/\/www.europesays.com\/fr\/wp-json\/wp\/v2\/posts\/304164","targetHints":{"allow":["GET"]}}],"collection":[{"href":"https:\/\/www.europesays.com\/fr\/wp-json\/wp\/v2\/posts"}],"about":[{"href":"https:\/\/www.europesays.com\/fr\/wp-json\/wp\/v2\/types\/post"}],"author":[{"embeddable":true,"href":"https:\/\/www.europesays.com\/fr\/wp-json\/wp\/v2\/users\/2"}],"replies":[{"embeddable":true,"href":"https:\/\/www.europesays.com\/fr\/wp-json\/wp\/v2\/comments?post=304164"}],"version-history":[{"count":0,"href":"https:\/\/www.europesays.com\/fr\/wp-json\/wp\/v2\/posts\/304164\/revisions"}],"wp:featuredmedia":[{"embeddable":true,"href":"https:\/\/www.europesays.com\/fr\/wp-json\/wp\/v2\/media\/304165"}],"wp:attachment":[{"href":"https:\/\/www.europesays.com\/fr\/wp-json\/wp\/v2\/media?parent=304164"}],"wp:term":[{"taxonomy":"category","embeddable":true,"href":"https:\/\/www.europesays.com\/fr\/wp-json\/wp\/v2\/categories?post=304164"},{"taxonomy":"post_tag","embeddable":true,"href":"https:\/\/www.europesays.com\/fr\/wp-json\/wp\/v2\/tags?post=304164"}],"curies":[{"name":"wp","href":"https:\/\/api.w.org\/{rel}","templated":true}]}}