{"id":304172,"date":"2025-08-08T03:17:22","date_gmt":"2025-08-08T03:17:22","guid":{"rendered":"https:\/\/www.europesays.com\/fr\/304172\/"},"modified":"2025-08-08T03:17:22","modified_gmt":"2025-08-08T03:17:22","slug":"je-pensais-que-cetait-un-simple-aileron-puis-le-requin-a-attaque-sous-mes-yeux-a-deux-metres-des-baigneurs","status":"publish","type":"post","link":"https:\/\/www.europesays.com\/fr\/304172\/","title":{"rendered":"Je pensais que c\u2019\u00e9tait un simple aileron&#8230; puis le requin a attaqu\u00e9 sous mes yeux, \u00e0 deux m\u00e8tres des baigneurs"},"content":{"rendered":"<p>Un requin et une raie film\u00e9s au bord d\u2019une plage de Floride : des images impressionnantes capt\u00e9es devant des vacanciers stup\u00e9faits.<\/p>\n<p>Les vacanciers venus profiter de la c\u00f4te du golfe du Mexique ont assist\u00e9, ce jour-l\u00e0, \u00e0 une interaction aussi br\u00e8ve qu\u2019intense entre <strong>deux esp\u00e8ces marines redout\u00e9es<\/strong>. <a href=\"https:\/\/www.pleinevie.fr\/vie-quotidienne\/environnement\/video-on-filmait-notre-balade-en-paddle-quand-un-requin-blanc-a-surgi-devant-nous-166578.html\" target=\"_blank\" rel=\"noopener nofollow\">Un requin<\/a> \u2013 dont l&rsquo;esp\u00e8ce n\u2019a pas pu \u00eatre identifi\u00e9e \u2013 a \u00e9t\u00e9 film\u00e9 en train de tourner autour d\u2019une raie pastenague, sa longue queue ondulant sous la surface. L\u2019\u00e9change n\u2019a dur\u00e9 que quelques secondes, avant que les deux animaux ne disparaissent dans les flots.<\/p>\n<p>Si la sc\u00e8ne peut sembler spectaculaire, elle n\u2019a rien d\u2019exceptionnel selon les sp\u00e9cialistes. La NOAA, l\u2019agence oc\u00e9anique am\u00e9ricaine, rappelle que requins et raies, tous deux carnivores, se croisent r\u00e9guli\u00e8rement dans les eaux c\u00f4ti\u00e8res de la r\u00e9gion.<\/p>\n<p>     Des esp\u00e8ces de squales peu dangereuses mais impressionnantes  <\/p>\n<p><a href=\"https:\/\/www.pleinevie.fr\/vie-quotidienne\/environnement\/video-un-requin-blanc-de-4-metres-refait-surface-pres-de-porquerolles-les-images-sont-stupefiantes-166462.html\" target=\"_blank\" rel=\"noopener nofollow\">Le type de requin<\/a> en cause n\u2019a pas \u00e9t\u00e9 formellement identifi\u00e9, mais la zone de Panama City Beach est connue pour abriter plusieurs esp\u00e8ces\u202f: requins \u00e0 pointes noires, taureaux, citron, nourrices ou encore tigres. Des animaux massifs,<strong> parfois impressionnants<\/strong>, mais rarement agressifs envers l\u2019homme.<\/p>\n<p>Selon les donn\u00e9es disponibles, la derni\u00e8re attaque mortelle recens\u00e9e sur ce tron\u00e7on du littoral remonte \u00e0 2010. Ce qui n\u2019emp\u00eache pas les autorit\u00e9s locales de rester vigilantes.<\/p>\n<p>En cas de danger, <strong>un drapeau violet est hiss\u00e9 sur les plages<\/strong> pour signaler la pr\u00e9sence d\u2019une faune marine potentiellement dangereuse. Les recommandations officielles insistent sur plusieurs consignes simples\u202f: \u00e9viter de se baigner \u00e0 l\u2019aube ou au cr\u00e9puscule, ne pas entrer dans l\u2019eau avec des plaies ouvertes, ni porter de bijoux brillants.<\/p>\n<p>  Une s\u00e9quence qui fascine\u2026 mais qui rappelle la prudence  <\/p>\n<p>Captur\u00e9e par une femme pr\u00e9sente sur place, la vid\u00e9o de la confrontation a rapidement circul\u00e9 sur les r\u00e9seaux sociaux. On y distingue l\u2019aileron du requin tranchant la surface, suivi du corps sinueux de la raie. <strong>La s\u00e9quence a visiblement marqu\u00e9 les t\u00e9moins<\/strong>, m\u00eame si aucun bless\u00e9 n\u2019est \u00e0 d\u00e9plorer.<\/p>\n<p>\u00ab\u00a0C&rsquo;est la premi\u00e8re fois que je vois \u00e7a\u00a0\u00bb, pouvait-on lire dans un autre t\u00e9moignage recueilli dans une situation similaire.<\/p>\n<p>Si ce type de rencontre reste rare \u00e0 proximit\u00e9 imm\u00e9diate des vacanciers, il rappelle que l\u2019oc\u00e9an reste un milieu sauvage, o\u00f9 l\u2019homme n\u2019est que de passage.<\/p>\n","protected":false},"excerpt":{"rendered":"Un requin et une raie film\u00e9s au bord d\u2019une plage de Floride : des images impressionnantes capt\u00e9es devant&hellip;\n","protected":false},"author":2,"featured_media":304173,"comment_status":"","ping_status":"","sticky":false,"template":"","format":"standard","meta":{"footnotes":""},"categories":[7],"tags":[10281,1011,27,43,40,41,39,42,44],"class_list":{"0":"post-304172","1":"post","2":"type-post","3":"status-publish","4":"format-standard","5":"has-post-thumbnail","7":"category-sciences-et-technologies","8":"tag-buzz-nonli","9":"tag-fr","10":"tag-france","11":"tag-science","12":"tag-science-and-technology","13":"tag-sciences","14":"tag-sciences-et-technologies","15":"tag-technologies","16":"tag-technology"},"share_on_mastodon":{"url":"https:\/\/pubeurope.com\/@fr\/114990982425591379","error":""},"_links":{"self":[{"href":"https:\/\/www.europesays.com\/fr\/wp-json\/wp\/v2\/posts\/304172","targetHints":{"allow":["GET"]}}],"collection":[{"href":"https:\/\/www.europesays.com\/fr\/wp-json\/wp\/v2\/posts"}],"about":[{"href":"https:\/\/www.europesays.com\/fr\/wp-json\/wp\/v2\/types\/post"}],"author":[{"embeddable":true,"href":"https:\/\/www.europesays.com\/fr\/wp-json\/wp\/v2\/users\/2"}],"replies":[{"embeddable":true,"href":"https:\/\/www.europesays.com\/fr\/wp-json\/wp\/v2\/comments?post=304172"}],"version-history":[{"count":0,"href":"https:\/\/www.europesays.com\/fr\/wp-json\/wp\/v2\/posts\/304172\/revisions"}],"wp:featuredmedia":[{"embeddable":true,"href":"https:\/\/www.europesays.com\/fr\/wp-json\/wp\/v2\/media\/304173"}],"wp:attachment":[{"href":"https:\/\/www.europesays.com\/fr\/wp-json\/wp\/v2\/media?parent=304172"}],"wp:term":[{"taxonomy":"category","embeddable":true,"href":"https:\/\/www.europesays.com\/fr\/wp-json\/wp\/v2\/categories?post=304172"},{"taxonomy":"post_tag","embeddable":true,"href":"https:\/\/www.europesays.com\/fr\/wp-json\/wp\/v2\/tags?post=304172"}],"curies":[{"name":"wp","href":"https:\/\/api.w.org\/{rel}","templated":true}]}}