{"id":304176,"date":"2025-08-08T03:19:10","date_gmt":"2025-08-08T03:19:10","guid":{"rendered":"https:\/\/www.europesays.com\/fr\/304176\/"},"modified":"2025-08-08T03:19:10","modified_gmt":"2025-08-08T03:19:10","slug":"washington-promet-une-prime-de-50-millions-de-dollars-pour-larrestation-du-president-nicolas-maduro","status":"publish","type":"post","link":"https:\/\/www.europesays.com\/fr\/304176\/","title":{"rendered":"Washington promet une prime de 50 millions de dollars pour l&rsquo;arrestation du pr\u00e9sident Nicolas Maduro"},"content":{"rendered":"<p class=\"fig-paragraph\">Les \u00c9tats-Unis, qui n&rsquo;avaient pas reconnu en janvier, sous le gouvernement de Joe Biden, l&rsquo;\u00e9lection \u00abill\u00e9gitime\u00bb du pr\u00e9sident v\u00e9n\u00e9zu\u00e9lien\u00a0<a href=\"https:\/\/www.lefigaro.fr\/tag\/nicolas-maduro\" target=\"_blank\" rel=\"noopener nofollow\" data-gtm-custom-categorie=\"navigation\" data-gtm-custom-action=\"crossclick\" data-gtm-custom-label=\"Contextuel\" data-gtm-event=\"customEventSPE\">Nicolas Maduro<\/a>, ont annonc\u00e9 jeudi avoir doubl\u00e9 \u00e0 50 millions de dollars la prime pour l&rsquo;arrestation du dirigeant inculp\u00e9 par la justice am\u00e9ricaine de trafic de drogues. \u00abAujourd&rsquo;hui, le minist\u00e8re de la Justice et le d\u00e9partement d&rsquo;Etat annoncent une r\u00e9compense de 50 millions de dollars pour toute information conduisant \u00e0 l&rsquo;interpellation de Nicolas Maduro\u00bb, a \u00e9crit sur X la ministre de la Justice Pam Bondi, la pr\u00e9c\u00e9dente prime en janvier \u00e9tant de 25 millions de dollars.<\/p>\n<p class=\"fig-paragraph\">Caracas a qualifi\u00e9 l\u2019annonce de \u00abpath\u00e9tique\u00bb et \u00abridicule\u00bb. \u00abLa path\u00e9tique \u201cr\u00e9compense\u201d (&#8230;) est le rideau de fum\u00e9e le plus ridicule que nous ayons vu\u00bb, \u00e9crit le ministre des Affaires \u00e9trang\u00e8res v\u00e9n\u00e9zu\u00e9lien Yvan Gil dans le texte. Les \u00c9tats-Unis ont annonc\u00e9 un peu plus t\u00f4t \u00abune r\u00e9compense de 50 millions de dollars pour toute information conduisant \u00e0 l\u2019interpellation de Nicolas Maduro\u00bb, inculp\u00e9 par la justice am\u00e9ricaine de trafic de drogue.<\/p>\n","protected":false},"excerpt":{"rendered":"Les \u00c9tats-Unis, qui n&rsquo;avaient pas reconnu en janvier, sous le gouvernement de Joe Biden, l&rsquo;\u00e9lection \u00abill\u00e9gitime\u00bb du pr\u00e9sident&hellip;\n","protected":false},"author":2,"featured_media":304177,"comment_status":"","ping_status":"","sticky":false,"template":"","format":"standard","meta":{"footnotes":""},"categories":[5],"tags":[11,1011,27,14,12,337,28],"class_list":{"0":"post-304176","1":"post","2":"type-post","3":"status-publish","4":"format-standard","5":"has-post-thumbnail","7":"category-international","8":"tag-actualites","9":"tag-fr","10":"tag-france","11":"tag-international","12":"tag-news","13":"tag-venezuela","14":"tag-world"},"share_on_mastodon":{"url":"https:\/\/pubeurope.com\/@fr\/114990990211507143","error":""},"_links":{"self":[{"href":"https:\/\/www.europesays.com\/fr\/wp-json\/wp\/v2\/posts\/304176","targetHints":{"allow":["GET"]}}],"collection":[{"href":"https:\/\/www.europesays.com\/fr\/wp-json\/wp\/v2\/posts"}],"about":[{"href":"https:\/\/www.europesays.com\/fr\/wp-json\/wp\/v2\/types\/post"}],"author":[{"embeddable":true,"href":"https:\/\/www.europesays.com\/fr\/wp-json\/wp\/v2\/users\/2"}],"replies":[{"embeddable":true,"href":"https:\/\/www.europesays.com\/fr\/wp-json\/wp\/v2\/comments?post=304176"}],"version-history":[{"count":0,"href":"https:\/\/www.europesays.com\/fr\/wp-json\/wp\/v2\/posts\/304176\/revisions"}],"wp:featuredmedia":[{"embeddable":true,"href":"https:\/\/www.europesays.com\/fr\/wp-json\/wp\/v2\/media\/304177"}],"wp:attachment":[{"href":"https:\/\/www.europesays.com\/fr\/wp-json\/wp\/v2\/media?parent=304176"}],"wp:term":[{"taxonomy":"category","embeddable":true,"href":"https:\/\/www.europesays.com\/fr\/wp-json\/wp\/v2\/categories?post=304176"},{"taxonomy":"post_tag","embeddable":true,"href":"https:\/\/www.europesays.com\/fr\/wp-json\/wp\/v2\/tags?post=304176"}],"curies":[{"name":"wp","href":"https:\/\/api.w.org\/{rel}","templated":true}]}}