{"id":304185,"date":"2025-08-08T03:26:13","date_gmt":"2025-08-08T03:26:13","guid":{"rendered":"https:\/\/www.europesays.com\/fr\/304185\/"},"modified":"2025-08-08T03:26:13","modified_gmt":"2025-08-08T03:26:13","slug":"beaucoup-de-meduses-signalees-dans-le-sud-est-voici-la-liste-des-plages-touchees-ce-jeudi-7-aout-region-paca","status":"publish","type":"post","link":"https:\/\/www.europesays.com\/fr\/304185\/","title":{"rendered":"Beaucoup de m\u00e9duses signal\u00e9es dans le Sud Est: voici la liste des plages touch\u00e9es ce jeudi 7 ao\u00fbt &#8211; R\u00e9gion PACA"},"content":{"rendered":"<p>&#8211; derni\u00e8re mise \u00e0 jour\u00a0jeudi 7 aout &#8211; 11h30<\/p>\n<p>&#13;<\/p>\n<p>Attention en vous baignant cette semaine, depuis la fin de la semaine derni\u00e8re, de nombreuses m\u00e9duses sont signal\u00e9es sur les plages proven\u00e7ales et azur\u00e9ennes. Ce\u00a0jeudi 7 ao\u00fbt,\u00a0<strong style=\"letter-spacing: 0.01em;\">on signale ainsi des m\u00e9duses sur plus de soixante de plages r\u00e9parties sur les trois d\u00e9partements de la r\u00e9gion. <\/strong>C&rsquo;est un chiffre tr\u00e8s important, probablement le record de l&rsquo;\u00e9t\u00e9.<\/p>\n<p>&#13;<\/p>\n<p>A chaque fois, c&rsquo;est la pr\u00e9sence de l&rsquo;esp\u00e8ce commune\u00a0Pelagia noctiluca.\u00a0Des m\u00e9duses violettes relativement petites, avec de longs filaments quasiment invisibles et longs de plusieurs dizaines de centim\u00e8tres qui pi\u00e8gent les baigneurs.<\/p>\n<p>&#13;<\/p>\n<p>Son arriv\u00e9e sur les c\u00f4tes est difficilement pr\u00e9visible. Les m\u00e9duses se font porter par les courants, notamment le courant ligure dans notre r\u00e9gion, mais aussi les courants g\u00e9n\u00e9r\u00e9s par l&rsquo;upwelling. Il y a eu beaucoup de mistral ces derni\u00e8res semaines. Le vent a pouss\u00e9 les eaux de surface vers le large et un courant froid est venu vers les plages charg\u00e9 de m\u00e9duses.<\/p>\n<p>&#13;<\/p>\n<p>En ce milieu de semaine, la rade de Marseille et la C\u00f4te Bleue semblent \u00e9pargn\u00e9es. C&rsquo;est aussi le cas de certaines plages de l&rsquo;ouest Var, ainsi qu&rsquo;au Lavandou et au Rayol Canadel.<\/p>\n<p>&#13;<\/p>\n<p class=\"focus\">Ce jeudi, les surveillants des plages indiquent une absence de m\u00e9duses sur 18 plages du littoral.<\/p>\n<p>&#13;<\/p>\n<p>Partout ailleurs, de la rade sud de Marseille \u00e0 la fronti\u00e8re italienne, de nombreux secteurs sont touch\u00e9s cette semaine, avec parfois un drapeau jaune et violet \u00e0 cause du danger li\u00e9 \u00e0 la forte pr\u00e9sence des m\u00e9duses.<\/p>\n<p>&#13;<\/p>\n<p>Ces donn\u00e9es sur la pr\u00e9sence des m\u00e9duses, ou leur absence, sont collect\u00e9es en partenariat avec les communes de Sausset \u00e0 La Croix Valmer, et grace aux signalements des lecteurs de Frequence-sud.fr. Vous aussi, si vous apercevez des m\u00e9duses lors de votre baignade, merci de nous le signaler !<\/p>\n<p>&#13;<\/p>\n<p>\t\t\t\tLa carte des m\u00e9duses en R\u00e9gion Provence Alpes C\u00f4te d&rsquo;Azur&#13;<br \/>\n&#13;<br \/>\n   &#13;<br \/>\n&#13;<br \/>\n  &#13;<br \/>\n  &#13;<\/p>\n<p style=\"margin-left: 30px;\">Le d\u00e9tail plage par plage ainsi que cette carte collaborative permettant de signaler la pr\u00e9sence des m\u00e9duses:<\/p>\n<p>&#13;<\/p>\n<p> &#13;<br \/>\nLes plages sans m\u00e9duses&#13;<\/p>\n<p style=\"margin-left: 30px;\">Une dizaine de communes partenaires font remonter chaque jours les conditions de baignade et nous indiquent la pr\u00e9sence ou pas de m\u00e9duses. Ainsi,<strong> ce\u00a0jeudi 7 ao\u00fbt, on d\u00e9nombre 18 plages o\u00f9 elles nous informent d&rsquo;une absence de m\u00e9duses.<\/strong><\/p>\n<p>&#13;<\/p>\n<p>&#13;<br \/>\nQuelles sont les secteurs et plages les plus touch\u00e9s ce\u00a0jeudi 7 ao\u00fbt ?&#13;<br \/>\nC\u00f4te Bleue \/ Rade de Marseille&#13;<\/p>\n<p style=\"margin-left: 30px;\">Les communes de <strong>Carry le Rouet et Sausset les Pins<\/strong>\u00a0confirment l&rsquo;absence de m\u00e9duses sur la C\u00f4te Bleue.\u00a0<\/p>\n<p>&#13;<\/p>\n<p style=\"margin-left: 30px;\">Depuis ce jeudi matin, on signale \u00e0 nouveau des m\u00e9duses dans la rade sud de Marseille, vers la Pointe Rouge. Le reste des plages de Marseille semblent pour le moment \u00e9pargn\u00e9es.\u00a0<strong>On retrouve aussi des m\u00e9duses, dans le Parc National des Calanques <\/strong>et plusieurs calanques situ\u00e9es sur la commune de Marseille.<\/p>\n<p>&#13;<\/p>\n<p> &#13;<br \/>\nCalanques \/ La Ciotat&#13;<\/p>\n<p style=\"margin-left: 30px;\">L&rsquo;est du d\u00e9partement des Bouches du Rh\u00f4ne est bien touch\u00e9 par les m\u00e9duses. Avec plusieurs signalements du c\u00f4t\u00e9 de<strong> La Ciotat. <\/strong><\/p>\n<p>&#13;<\/p>\n<p style=\"margin-left: 30px;\">Ces derniers jours, les m\u00e9duses \u00e9taient pr\u00e9sentes sur les plages de\u00a0<strong>Cassis<\/strong>, le drapeau jaune avait m\u00eame \u00e9t\u00e9 hiss\u00e9 ces deux derniers jours. Elles sont d\u00e9sormais parties, le drapeau vert est de retour: on peut se baigner sans risquer de se faire piquer !<\/p>\n<p>&#13;<\/p>\n<p> &#13;<br \/>\nOuest Var, de Saint Cyr jusqu&rsquo;\u00e0 Saint Mandrier&#13;<\/p>\n<p style=\"margin-left: 30px;\">L&rsquo;ouest Var est toujours touch\u00e9 cette semaine. Mais d&rsquo;une plage \u00e0 l&rsquo;autre, on peut croiser des m\u00e9duses ou se baigner tranquillement sans risquer de se faire piquer.<\/p>\n<p>&#13;<\/p>\n<p style=\"margin-left: 30px;\">A <strong>Sanary<\/strong>, certaines plages sont touch\u00e9es et d&rsquo;autres sans m\u00e9duses selon les constatations des surveillants des plages ce jeudi matin.<\/p>\n<p>&#13;<\/p>\n<p style=\"margin-left: 30px;\">On retrouve aussi pas mal de m\u00e9duses du c\u00f4t\u00e9 de <strong>Six Fours<\/strong> et aux Sablettes (<strong>La Seyne<\/strong>)<\/p>\n<p>&#13;<\/p>\n<p> &#13;<br \/>\nDe Toulon aux \u00eeles d&rsquo;Hy\u00e8res&#13;<\/p>\n<p style=\"margin-left: 30px;\">Le littoral toulonnais \u00e0 nouveau touch\u00e9 cette semaine, avec encore des m\u00e9duses aper\u00e7ues au Mourillon\u00a0 et \u00e0 la Mitre, puis en allant vers le Pradet. C&rsquo;est aussi le cas \u00e0 Carqueiranne .<\/p>\n<p>&#13;<\/p>\n<p style=\"margin-left: 30px;\">Epargn\u00e9 ces derniers jours, le littoral de la commune d&rsquo;Hy\u00e8res est d\u00e9sormais bien touch\u00e9: on a aper\u00e7u des m\u00e9duses sur la presqu&rsquo;\u00eele de Giens, sur Porquerolles et m\u00eame \u00e0 Port Cros ce jeudi.<\/p>\n<p>&#13;<\/p>\n<p> &#13;<br \/>\nDe La Londe \u00e0 Saint Tropez&#13;<\/p>\n<p style=\"margin-left: 30px;\">Des m\u00e9duses sont signal\u00e9es \u00e0 La Londe, sur des plages de Bormes et du Lavandou. Mais leur pr\u00e9sence varie d&rsquo;une lage \u00e0 l&rsquo;autre. Au Rayol Canadel, au Lavandou et \u00e0 Bormes, les surveillants des plages indiquent cependant leur absence sur certaines plages ce mercredi. Bien regarder la carte ci-dessus.<\/p>\n<p>&#13;<\/p>\n<p style=\"margin-left: 30px;\">Attention aussi, sur la presqu&rsquo;\u00eele de Saint-Tropez. Des internautes ont fait des signalements du c\u00f4t\u00e9 de Pampelonne, sur le Cap Benat et sur les plages de Saint Tropez.<\/p>\n<p>&#13;<br \/>\nDe Sainte Maxime \u00e0 l&rsquo;Est\u00e9rel&#13;<\/p>\n<p style=\"margin-left: 30px;\">Pas mal de m\u00e9duses du c\u00f4t\u00e9 de Sainte Maxime, Roquebrune et Fr\u00e9jus. Plusieurs signalement nous font remonter une forte pr\u00e9sence de m\u00e9duses.<\/p>\n<p>&#13;<\/p>\n<p style=\"margin-left: 30px;\">Quelques m\u00e9duses aussi dans l&rsquo;Est\u00e9rel, mais moins que ces derniers jours semble-t-il.<\/p>\n<p>&#13;<br \/>\nDans les Alpes Maritimes: de Th\u00e9oule \u00e0 la fronti\u00e8re italienne&#13;<\/p>\n<p style=\"margin-left: 30px;\">A nouveau des m\u00e9duses autour de Cannes, Th\u00e9oules et Mandelieu, ainsi que sur les \u00eeles de Lerins.\u00a0<\/p>\n<p>&#13;<\/p>\n<p style=\"margin-left: 30px;\">Apr\u00e8s plusieurs jours sans, des m\u00e9duses sont \u00e0 nouveau aper\u00e7ues du c\u00f4t\u00e9 du Cap d&rsquo;Antibes.\u00a0<\/p>\n<p>&#13;<\/p>\n<p style=\"margin-left: 30px;\">On retrouve \u00e0 nouveau des m\u00e9duses \u00e0 Nice et Villefranche sur Mer et Beaulieu, ainsi qu&rsquo;\u00e0 Menton.<\/p>\n<p>&#13;<br \/>\nUne carte et un outil collaboratif pour signalier et suivre la pr\u00e9sence des m\u00e9duses sur nos plages en temps r\u00e9el&#13;<\/p>\n<p style=\"margin-left: 30px;\">Gr\u00e2ce \u00e0 un partenariat exclusif avec une dizaine de communes du littoral et la participation de centaines de lecteurs de Frequence-sud.fr, nous sommes en mesure de proposer une carte interactive de la pr\u00e9sence des m\u00e9duses sur les plages de la r\u00e9gion:<\/p>\n<p>&#13;<\/p>\n<p>\t\t\t\t&#13;<\/p>\n<p>\u00a0<\/p>\n","protected":false},"excerpt":{"rendered":"&#8211; derni\u00e8re mise \u00e0 jour\u00a0jeudi 7 aout &#8211; 11h30 &#13; Attention en vous baignant cette semaine, depuis la&hellip;\n","protected":false},"author":2,"featured_media":304186,"comment_status":"","ping_status":"","sticky":false,"template":"","format":"standard","meta":{"footnotes":""},"categories":[9619],"tags":[1111,11,1777,674,1011,27,12,882,25,2310],"class_list":{"0":"post-304185","1":"post","2":"type-post","3":"status-publish","4":"format-standard","5":"has-post-thumbnail","7":"category-toulon","8":"tag-actu","9":"tag-actualites","10":"tag-eu","11":"tag-europe","12":"tag-fr","13":"tag-france","14":"tag-news","15":"tag-provence-alpes-cote-dazur","16":"tag-republique-francaise","17":"tag-toulon"},"share_on_mastodon":{"url":"https:\/\/pubeurope.com\/@fr\/114991017691927785","error":""},"_links":{"self":[{"href":"https:\/\/www.europesays.com\/fr\/wp-json\/wp\/v2\/posts\/304185","targetHints":{"allow":["GET"]}}],"collection":[{"href":"https:\/\/www.europesays.com\/fr\/wp-json\/wp\/v2\/posts"}],"about":[{"href":"https:\/\/www.europesays.com\/fr\/wp-json\/wp\/v2\/types\/post"}],"author":[{"embeddable":true,"href":"https:\/\/www.europesays.com\/fr\/wp-json\/wp\/v2\/users\/2"}],"replies":[{"embeddable":true,"href":"https:\/\/www.europesays.com\/fr\/wp-json\/wp\/v2\/comments?post=304185"}],"version-history":[{"count":0,"href":"https:\/\/www.europesays.com\/fr\/wp-json\/wp\/v2\/posts\/304185\/revisions"}],"wp:featuredmedia":[{"embeddable":true,"href":"https:\/\/www.europesays.com\/fr\/wp-json\/wp\/v2\/media\/304186"}],"wp:attachment":[{"href":"https:\/\/www.europesays.com\/fr\/wp-json\/wp\/v2\/media?parent=304185"}],"wp:term":[{"taxonomy":"category","embeddable":true,"href":"https:\/\/www.europesays.com\/fr\/wp-json\/wp\/v2\/categories?post=304185"},{"taxonomy":"post_tag","embeddable":true,"href":"https:\/\/www.europesays.com\/fr\/wp-json\/wp\/v2\/tags?post=304185"}],"curies":[{"name":"wp","href":"https:\/\/api.w.org\/{rel}","templated":true}]}}