{"id":30419,"date":"2025-04-17T01:06:10","date_gmt":"2025-04-17T01:06:10","guid":{"rendered":"https:\/\/www.europesays.com\/fr\/30419\/"},"modified":"2025-04-17T01:06:10","modified_gmt":"2025-04-17T01:06:10","slug":"le-peripherique-interieur-partiellement-ferme-jeudi-de-10h-a-13h","status":"publish","type":"post","link":"https:\/\/www.europesays.com\/fr\/30419\/","title":{"rendered":"le p\u00e9riph\u00e9rique int\u00e9rieur partiellement ferm\u00e9 jeudi de 10h \u00e0 13h"},"content":{"rendered":"<p class=\"fig-paragraph\">Plus d\u2019une semaine apr\u00e8s\u00a0<a href=\"http:\/\/www.lefigaro.fr\/actualite-france\/les-impressionnantes-images-de-l-incendie-d-un-centre-de-tri-du-17e-arrondissement-de-paris-20250407\" target=\"_blank\" data-fig-type=\"NewsFlash\" rel=\"noopener\" data-gtm-custom-categorie=\"navigation\" data-gtm-custom-action=\"crossclick\" data-gtm-custom-label=\"Contextuel\" data-gtm-event=\"customEventSPE\" data-fig-domain=\"LEFIGARO\">l\u2019incendie spectaculaire qui a ravag\u00e9 le 7 avril un centre de tri des d\u00e9chets<\/a>\u00a0dans le nord-ouest de Paris, la pr\u00e9fecture de police va proc\u00e9der \u00e0 des restrictions temporaires de circulation jeudi. Dans le cadre \u00abd\u2019une s\u00e9curisation du secteur\u00bb, le p\u00e9riph\u00e9rique int\u00e9rieur, entre la porte de Champerret et la porte de Clichy, sera ferm\u00e9 de 10 heures \u00e0 13 heures, annonce ce mercredi soir la pr\u00e9fecture de police de Paris sur X.<\/p>\n<p class=\"fig-paragraph\">\u00abL\u2019acc\u00e8s au (p\u00e9riph\u00e9rique) par la porte d\u2019Asni\u00e8res sera neutralis\u00e9\u00bb, pr\u00e9cise \u00e9galement la pr\u00e9fecture de police. Une d\u00e9cision prise \u00abdans le cadre d\u2019une mission d\u2019expertise men\u00e9e sur le site du Syctom\u00bb, une semaine apr\u00e8s le sinistre qui a \u00abenti\u00e8rement d\u00e9truit le b\u00e2timent de process ainsi que la halle sup\u00e9rieure de stockage des balles\u00bb de d\u00e9chets, selon le service public de traitement des d\u00e9chets dans son communiqu\u00e9.<\/p>\n<p class=\"fig-paragraph\">Le site &#8211; un b\u00e2timent de 13.000 m\u00b2 de surface au sol sur quatre niveaux &#8211; \u00e9tait en fonctionnement au moment des faits et le feu a pris \u00abdans une zone de stockage interm\u00e9diaire de papiers et cartons\u00bb. Un spectaculaire panache de fum\u00e9e avait \u00e9t\u00e9 visible dans le ciel de Paris toute la soir\u00e9e.<\/p>\n<p class=\"fig-paragraph\">Le centre, construit en 2019 et exploit\u00e9 par Suez, accueillait le contenu des bacs jaunes de \u00abquatre arrondissements parisiens et de neuf communes limitrophes\u00bb, pr\u00e9parant au recyclage les d\u00e9chets \u00abde plus de 900.000 habitants\u00bb, a affirm\u00e9 le Syctom.<\/p>\n","protected":false},"excerpt":{"rendered":"Plus d\u2019une semaine apr\u00e8s\u00a0l\u2019incendie spectaculaire qui a ravag\u00e9 le 7 avril un centre de tri des d\u00e9chets\u00a0dans le&hellip;\n","protected":false},"author":2,"featured_media":30420,"comment_status":"","ping_status":"","sticky":false,"template":"","format":"standard","meta":{"footnotes":""},"categories":[1888],"tags":[1111,1928,47,11,1927,1109,1112,1777,674,118,1108,107,1106,1107,1011,27,1110,1114,14,12,1926,1113,626,1925,4013,316,25],"class_list":{"0":"post-30419","1":"post","2":"type-post","3":"status-publish","4":"format-standard","5":"has-post-thumbnail","7":"category-paris","8":"tag-actu","9":"tag-actu-paris","10":"tag-actualite","11":"tag-actualites","12":"tag-actualites-paris","13":"tag-breves","14":"tag-depeches","15":"tag-eu","16":"tag-europe","17":"tag-faits-divers","18":"tag-fil","19":"tag-fil-info","20":"tag-flash","21":"tag-flash-actu","22":"tag-fr","23":"tag-france","24":"tag-informations","25":"tag-infos","26":"tag-international","27":"tag-news","28":"tag-news-paris","29":"tag-nouvelles","30":"tag-paris","31":"tag-paris-news","32":"tag-peripherique","33":"tag-politique","34":"tag-republique-francaise"},"share_on_mastodon":{"url":"https:\/\/pubeurope.com\/@fr\/114350626115790149","error":""},"_links":{"self":[{"href":"https:\/\/www.europesays.com\/fr\/wp-json\/wp\/v2\/posts\/30419","targetHints":{"allow":["GET"]}}],"collection":[{"href":"https:\/\/www.europesays.com\/fr\/wp-json\/wp\/v2\/posts"}],"about":[{"href":"https:\/\/www.europesays.com\/fr\/wp-json\/wp\/v2\/types\/post"}],"author":[{"embeddable":true,"href":"https:\/\/www.europesays.com\/fr\/wp-json\/wp\/v2\/users\/2"}],"replies":[{"embeddable":true,"href":"https:\/\/www.europesays.com\/fr\/wp-json\/wp\/v2\/comments?post=30419"}],"version-history":[{"count":0,"href":"https:\/\/www.europesays.com\/fr\/wp-json\/wp\/v2\/posts\/30419\/revisions"}],"wp:featuredmedia":[{"embeddable":true,"href":"https:\/\/www.europesays.com\/fr\/wp-json\/wp\/v2\/media\/30420"}],"wp:attachment":[{"href":"https:\/\/www.europesays.com\/fr\/wp-json\/wp\/v2\/media?parent=30419"}],"wp:term":[{"taxonomy":"category","embeddable":true,"href":"https:\/\/www.europesays.com\/fr\/wp-json\/wp\/v2\/categories?post=30419"},{"taxonomy":"post_tag","embeddable":true,"href":"https:\/\/www.europesays.com\/fr\/wp-json\/wp\/v2\/tags?post=30419"}],"curies":[{"name":"wp","href":"https:\/\/api.w.org\/{rel}","templated":true}]}}