{"id":304193,"date":"2025-08-08T03:36:27","date_gmt":"2025-08-08T03:36:27","guid":{"rendered":"https:\/\/www.europesays.com\/fr\/304193\/"},"modified":"2025-08-08T03:36:27","modified_gmt":"2025-08-08T03:36:27","slug":"le-fluctuations-festival-debarque-au-phare-citadelle-pour-3-jours-de-teuf-engagee","status":"publish","type":"post","link":"https:\/\/www.europesays.com\/fr\/304193\/","title":{"rendered":"le \u00ab Fluctuations festival \u00bb d\u00e9barque au Phare Citadelle pour 3 jours de teuf engag\u00e9e"},"content":{"rendered":"<p><b>\u00ab\u00a0Festival fluvial, engag\u00e9, utopique\u00a0\u00bb<\/b><b>, Fluctuations s\u2019appr\u00eate \u00e0 jeter l\u2019ancre \u00e0 Strasbourg. Apr\u00e8s avoir navigu\u00e9 entre plusieurs villes europ\u00e9ennes, cette deuxi\u00e8me \u00e9dition l\u2019am\u00e8ne jusqu\u2019au Phare Citadelle. Du 22 au 24 ao\u00fbt, ce sera la f\u00eate par-dessus bord avec : des concerts, des DJ sets, des takeovers Ch\u00e2teau Perch\u00e9 et Longevity, des rencontres et ateliers participatifs pour toute la mif\u2019. Quel que soit ton \u00e2ge : \u00e0 l\u2019abordage !<\/b><\/p>\n<p>Apr\u00e8s avoir navigu\u00e9 jusqu\u2019\u00e0 Lambersart (Lille), Bruxelles, Utrecht et fait un side-event \u00e0 Budapest l\u2019an pass\u00e9, <b>Fluctuations vient cette ann\u00e9e s\u2019amarrer \u00e0 Strasbourg, guid\u00e9 jusque-l\u00e0 par notre phare local : le Phare Citadelle, <\/b>\u00ab tiers-lieu embl\u00e9matique et bouillonnant \u00bb.<\/p>\n<p>                <img width=\"375\" height=\"500\" src=\"https:\/\/www.europesays.com\/fr\/wp-content\/uploads\/2025\/08\/86-om011952-375x500.jpg\" class=\"attachment-gallery size-gallery\" alt=\"Fluctuations\" data-full-url=\"https:\/\/pokaa.fr\/wp-content\/uploads\/2025\/07\/28\/86-om011952.jpg\" decoding=\"async\" loading=\"lazy\"  \/>            <\/p>\n<p>                <img width=\"375\" height=\"500\" src=\"https:\/\/www.europesays.com\/fr\/wp-content\/uploads\/2025\/08\/62-e0120168-375x500.jpg\" class=\"attachment-gallery size-gallery\" alt=\"Fluctuations\" data-full-url=\"https:\/\/pokaa.fr\/wp-content\/uploads\/2025\/07\/28\/62-e0120168.jpg\" decoding=\"async\" loading=\"lazy\"  \/>            <\/p>\n<p>                    Fluctuations 2024. \u00a9 Documents remis<\/p>\n<p>    <img width=\"450\" height=\"600\" src=\"https:\/\/www.europesays.com\/fr\/wp-content\/uploads\/2025\/08\/2-e0120018-450x600.jpg\" class=\"attachment-image-size-M size-image-size-M\" alt=\"Fluctuations\" decoding=\"async\" loading=\"lazy\"  \/>         \u00a9 Document remis <\/p>\n<p><b>Du vendredi 22 au dimanche 24 ao\u00fbt<\/b>, c\u2019est depuis sa p\u00e9niche festive Lorin (qui vogue entre la Suisse, l\u2019Allemagne et Strasbourg) que le festival jettera l\u2019ancre pour <b>\u00ab\u00a0une escale qui promet de marier f\u00eate, d\u00e9bats et cr\u00e9ativit\u00e9 au bord de l\u2019eau\u00a0\u00bb<\/b>.<\/p>\n<p>C\u2019est dans un site \u00ab enti\u00e8rement repens\u00e9 \u00bb\u00a0que la p\u00e9niche viendra s\u2019imbriquer, comme \u00ab\u00a0un espace flottant au c\u0153ur du festival\u00a0\u00bb (accueillant une partie de sa programmation).<\/p>\n<p>    <img width=\"800\" height=\"577\" src=\"https:\/\/www.europesays.com\/fr\/wp-content\/uploads\/2025\/08\/img-9750-800x577.jpg\" class=\"attachment-image-size-L size-image-size-L\" alt=\"phare citadelle\" decoding=\"async\" loading=\"lazy\"  \/>         Phare Citadelle. \u00a9 Coraline Lafon \/ Pokaa <\/p>\n<p>                <img width=\"667\" height=\"500\" src=\"https:\/\/www.europesays.com\/fr\/wp-content\/uploads\/2025\/08\/img-2667-667x500.jpg\" class=\"attachment-gallery size-gallery\" alt=\"lorins promenade\" data-full-url=\"https:\/\/pokaa.fr\/wp-content\/uploads\/2024\/08\/20\/img-2667.jpg\" decoding=\"async\" loading=\"lazy\"  \/>            <\/p>\n<p>                <img width=\"860\" height=\"500\" src=\"https:\/\/www.europesays.com\/fr\/wp-content\/uploads\/2025\/08\/lorin-promenade-musicale-et-artistique-strasbourg-1.jpg\" class=\"attachment-gallery size-gallery\" alt=\"Lorin promenade musicale et artistique strasbourg 1\" data-full-url=\"https:\/\/www.europesays.com\/fr\/wp-content\/uploads\/2025\/08\/lorin-promenade-musicale-et-artistique-strasbourg-1.jpg\" decoding=\"async\" loading=\"lazy\"  \/>            <\/p>\n<p>                    1. \u00a9 Nicolas Kaspar \/ Pokaa ; 2. \u00a9 Lorin&rsquo;s Promenade \/ Document remis<\/p>\n<p>\u00ab\u00a0Festival fluvial, engag\u00e9, utopique\u00a0\u00bb<\/p>\n<p>Et parlons-en de la prog\u2019. Celle-ci sera aussi artistique qu\u2019engag\u00e9e. Le parti pris de Fluctuations ? <b>\u00ab\u00a0Active[r] les fleuves et canaux comme espaces cr\u00e9atifs, citoyens et festifs\u00a0<\/b><b>\u00bb<\/b>, en proposant des <b>concerts<\/b>, des <b>d\u00e9bats<\/b>, des <b>ateliers participatifs<\/b> et happenings\u2026<\/p>\n<p>Une programmation riche que l\u2019on retrouvera aussi bien sur l\u2019eau que sur terre. L\u2019an pass\u00e9, celle-ci a r\u00e9uni \u2013 sur trois villes \u2013, plus de 4 500 participant(e)s, 50 artistes et 40 conf\u00e9rences et ateliers.<\/p>\n<p>    <img width=\"800\" height=\"532\" src=\"https:\/\/www.europesays.com\/fr\/wp-content\/uploads\/2025\/08\/cg-13072024-dsc0759-82-800x532.jpg\" class=\"attachment-image-size-L size-image-size-L\" alt=\"Fluctuations\" decoding=\"async\" loading=\"lazy\"  \/>         \u00a9 Document remis <\/p>\n<p>Et dans son \u00e9quipage\u00a0? <b>Des artistes, des associations et acteurs\/rices de la soci\u00e9t\u00e9 civile<\/b>, r\u00e9uni(e)s \u00ab\u00a0autour des<b> grands d\u00e9fis contemporains : transition \u00e9cologique, inclusion sociale, d\u00e9mocratie citoyenne et coop\u00e9ration europ\u00e9enne\u00a0<\/b>\u00bb.<\/p>\n<p><b>Un \u00e9v\u00e9nement qui se veut interg\u00e9n\u00e9rationnel et accessible, avec un espace famille et diff\u00e9rentes tarifications<\/b> \u2013 en fonction de ses revenus (dont la gratuit\u00e9 pour les moins de 16 ans, et un tarif libre sur demande par mail).<\/p>\n<p>                <img width=\"752\" height=\"500\" src=\"https:\/\/www.europesays.com\/fr\/wp-content\/uploads\/2025\/08\/fluctuatins-lille-6-et-7-07-2024-691-752x500.jpg\" class=\"attachment-gallery size-gallery\" alt=\"Fluctuations\" data-full-url=\"https:\/\/pokaa.fr\/wp-content\/uploads\/2025\/07\/28\/fluctuatins-lille-6-et-7-07-2024-691.jpg\" decoding=\"async\" loading=\"lazy\"  \/>            <\/p>\n<p>                <img width=\"752\" height=\"500\" src=\"https:\/\/www.europesays.com\/fr\/wp-content\/uploads\/2025\/08\/fluctuatins-lille-6-et-7-07-2024-58-752x500.jpg\" class=\"attachment-gallery size-gallery\" alt=\"Fluctuations\" data-full-url=\"https:\/\/pokaa.fr\/wp-content\/uploads\/2025\/07\/28\/fluctuatins-lille-6-et-7-07-2024-58.jpg\" decoding=\"async\" loading=\"lazy\"  \/>            <\/p>\n<p>                    \u00a9 Documents remis<\/p>\n<p>\u00c0 la barre\u00a0: des artistes d&rsquo;ici et d&rsquo;ailleurs<\/p>\n<p>Pour nous faire taper du pied (marin), Fluctuations s\u2019entoure d\u2019un joyeux \u00e9quipage avec une affiche \u00ab\u00a0paritaire, solaire et r\u00e9solument tourn\u00e9e vers le monde\u00a0\u00bb, en \u00ab\u00a0donn[ant] \u00e0 entendre celles et ceux qui explorent <b>de nouveaux imaginaires sonores<\/b>\u2026 et portent haut <b>leurs convictions<\/b>\u00a0\u00bb.<\/p>\n<p>On y croisera aussi bien des <b>artistes de Strasbourg, d\u2019Allemagne ou d\u2019ailleurs<\/b>. Des univers <b>pop, hip-hop, \u00e9lectro et <\/b><b>\u00ab\u00a0hybrides joyeusement inclassables\u00a0\u00bb<\/b>.<\/p>\n<p>    <img width=\"800\" height=\"534\" src=\"https:\/\/www.europesays.com\/fr\/wp-content\/uploads\/2025\/08\/copie-de-mg-0739-1-1024x683-1-800x534.jpg\" class=\"attachment-image-size-L size-image-size-L\" alt=\"Fluctuations\" decoding=\"async\" loading=\"lazy\"  \/>         \u00a9 Document remis <\/p>\n<p>On annonce d\u00e9j\u00e0 <b>D\u00e9borah Aime La Bagarre<\/b> et sa \u00ab\u00a0house vintage mais moderne, \u00e0 l\u2019\u00e9nergie brute\u00a0\u00bb. Un DJ en pleine ascension et aux convictions qui le clouent \u00e0 terre (puisqu\u2019il n\u2019a pas pris l\u2019avion depuis 2018).<\/p>\n<p>Ou encore le producteur \u00ab\u00a0visionnaire\u00a0\u00bb <b>Kasbah<\/b> qui nous fera voyager entre \u00ab\u00a0musiques traditionnelles et \u00e9lectro\u00a0\u00bb\u00a0; et la DJ <b>SEIUN<\/b> (\u00ab\u00a0indie dance, italo body et trance 90s dans des sets puissants\u00a0\u00bb).<\/p>\n<\/p>\n<p>Mais aussi \u00ab l\u2019\u00e9toile montante du rap hexagonal \u00bb<b> Juste Shani<\/b>, la chanteuse iranienne (bas\u00e9e \u00e0 Berlin) <b>Faravaz<\/b> \u00ab artiviste \u00e0 la voix puissante, pleine de pop et de libert\u00e9 \u00bb, ou <b>le duo Shambalesa<\/b> (qui mixe chant live et set).<\/p>\n<p>Pour repr\u00e9senter la sc\u00e8ne locale\u00a0: <b>Zhar<\/b>, <b>Just Yasmine ou<\/b> <b>Shonagon aux platines<\/b>, ou le duo ensorceleur <b>Exotica Lunatica <\/b>en concert<b> <\/b>\u2013 pour ne citer qu\u2019elles.<\/p>\n<\/p>\n<p>Une programmation fleuve, avec non seulement<b> des <\/b><b>happenings<\/b><b> sur la p\u00e9niche Lorin<\/b>, mais aussi <b>des <\/b><b>takeovers<\/b><b> de haut-vol, sur deux autres sc\u00e8nes<\/b>\u2026<\/p>\n<p>\u00c0 b\u00e2bord, d\u2019abord <b>l\u2019incontournable collectif Ch\u00e2teau Perch\u00e9, <\/b>connu pour ses f\u00eates immersives et lib\u00e9r\u00e9es (et qui a f\u00eat\u00e9 cet \u00e9t\u00e9 les 10 ans de son festival \u00e9ponyme). Et \u00e0 tribord : <b>le collectif strasbourgeois Longevity<\/b>, qui a su s\u2019imposer chez nous avec sa \u00ab house sensible [et son] groove lumineux \u00bb.<\/p>\n<p>Le premier alignera Break A Leg, Dangermami, Loves_kills, Lude, Magikristy et Samy El Moudni, pour un line-up naviguant de la disco\/italo house \u00e0 la trance, en passant par la dubstep, la bass music et la techno brute. Concernant le second, il invitera aux c\u00f4t\u00e9s de son programmateur : Vigo, G\u042fEG et Tatie Dee.<\/p>\n<p>                <img width=\"376\" height=\"500\" src=\"https:\/\/www.europesays.com\/fr\/wp-content\/uploads\/2025\/08\/whatsapp-image-2024-07-22-at-125114-376x500.jpeg\" class=\"attachment-gallery size-gallery\" alt=\"Fluctuations\" data-full-url=\"https:\/\/pokaa.fr\/wp-content\/uploads\/2025\/07\/28\/whatsapp-image-2024-07-22-at-125114.jpeg\" decoding=\"async\" loading=\"lazy\"  \/>            <\/p>\n<p>                <img width=\"375\" height=\"500\" src=\"https:\/\/www.europesays.com\/fr\/wp-content\/uploads\/2025\/08\/festival-life-2024-07-20-56594-375x500.jpg\" class=\"attachment-gallery size-gallery\" alt=\"Fluctuations\" data-full-url=\"https:\/\/pokaa.fr\/wp-content\/uploads\/2025\/07\/28\/festival-life-2024-07-20-56594.jpg\" decoding=\"async\" loading=\"lazy\"  \/>            <\/p>\n<p>                    \u00a9 Documents remis<\/p>\n<p>    <img width=\"452\" height=\"600\" src=\"https:\/\/www.europesays.com\/fr\/wp-content\/uploads\/2025\/08\/whatsapp-image-2024-07-22-at-125116-1-452x600.jpeg\" class=\"attachment-image-size-M size-image-size-M\" alt=\"Fluctuations\" decoding=\"async\" loading=\"lazy\"  \/>         \u00a9 Document remis <\/p>\n<p>Pour aller plus loin\u00a0: \u00ab\u00a0Le Village des solutions\u00a0\u00bb, \u00ab\u00a0FluctuKids\u00a0\u00bb pour les familles et b\u00e9n\u00e9volat<\/p>\n<p>Outre la f\u00eate, Fluctuations compte bien <b>nous connecter les un(e)s aux autres<\/b>\u2026 Avec des <b>ateliers<\/b>, <b>conf\u00e9rences<\/b> et <b>rencontres<\/b>, afin de \u00ab\u00a0croiser les regards, partager les id\u00e9es et remettre du lien l\u00e0 o\u00f9 il manque\u00a0\u00bb.<\/p>\n<p>D\u2019autant plus \u00ab\u00a0dans un contexte europ\u00e9en troubl\u00e9 par la mont\u00e9e des extr\u00eames et l\u2019accroissement des in\u00e9galit\u00e9s\u00a0\u00bb, le festival nous propose \u00ab\u00a0un temps suspendu o\u00f9 l\u2019on d\u00e9bat \u00e0 voix haute, ensemble\u00a0\u00bb. Sur la table\u00a0? <b>L\u2019antivalidisme, l\u2019\u00e9cof\u00e9minisme, la low-tech, la r\u00e9silience face aux conflits globaux<\/b>\u2026<\/p>\n<p>    <img width=\"450\" height=\"600\" src=\"https:\/\/www.europesays.com\/fr\/wp-content\/uploads\/2025\/08\/127-om012034-450x600.jpg\" class=\"attachment-image-size-M size-image-size-M\" alt=\"Fluctuations\" decoding=\"async\" loading=\"lazy\"  \/>         \u00a9 Document remis <\/p>\n<p>En parall\u00e8le, Fluctuations accueillera en journ\u00e9e <b>un \u00ab\u00a0Village des Solutions\u00a0\u00bb<\/b>, avec des stands d\u2019<b>associations<\/b> et de <b>collectifs \u00e0 impact<\/b>, des <b>friperies<\/b>, des <b>cr\u00e9ateurs\/rices \u00e9thiques<\/b>.<\/p>\n<p>    <img width=\"450\" height=\"600\" src=\"https:\/\/www.europesays.com\/fr\/wp-content\/uploads\/2025\/08\/174-e0120517-450x600.jpg\" class=\"attachment-image-size-M size-image-size-M\" alt=\"Fluctuations\" decoding=\"async\" loading=\"lazy\"  \/>         \u00a9 Document remis <\/p>\n<p>Pour sensibiliser les plus jeunes, il pr\u00e9voit<b> le \u00ab FluctuKids \u00bb : un mini-festival pour les enfants et les familles<\/b>. Au programme\u00a0? Un<b> coin lecture engag\u00e9<\/b>, un <b>bar \u00e0 jeux<\/b> autour de l\u2019environnement, de l\u2019alimentation et de la biodiversit\u00e9, <b>des ateliers<\/b> autour de l\u2019\u00e9cologie, du f\u00e9minisme, de l\u2019inclusion.<\/p>\n<p>Ainsi que <b>des espaces de d\u00e9tente<\/b> pour profiter d\u2019une pause bien m\u00e9rit\u00e9e. L\u2019occasion, aussi, de faire un d\u00e9tour par le <b>food court durable<\/b>.<\/p>\n<p>Enfin, si tu veux rejoindre le navire tout en aidant un festival engag\u00e9, <strong>Fluctuations est toujours \u00e0 la recherche de b\u00e9n\u00e9voles !<\/strong> Pour embarquer, <a href=\"https:\/\/docs.google.com\/forms\/d\/e\/1FAIpQLSeOMeGfolOjJCLDulyY9S2LLKw98wi9KQJPRFNm8VUJH4VzzQ\/viewform\" target=\"_blank\" rel=\"noopener nofollow\">il suffit de cliquer ici<\/a>.<\/p>\n<p>                <img width=\"769\" height=\"500\" src=\"https:\/\/www.europesays.com\/fr\/wp-content\/uploads\/2025\/08\/cg-13072024-dsc0759-87-769x500.jpg\" class=\"attachment-gallery size-gallery\" alt=\"Fluctuations\" data-full-url=\"https:\/\/pokaa.fr\/wp-content\/uploads\/2025\/07\/28\/cg-13072024-dsc0759-87.jpg\" decoding=\"async\" loading=\"lazy\"  \/>            <\/p>\n<p>                <img width=\"772\" height=\"500\" src=\"https:\/\/www.europesays.com\/fr\/wp-content\/uploads\/2025\/08\/fluctuatins-lille-6-et-7-07-2024-34-772x500.jpg\" class=\"attachment-gallery size-gallery\" alt=\"Fluctuations\" data-full-url=\"https:\/\/pokaa.fr\/wp-content\/uploads\/2025\/07\/28\/fluctuatins-lille-6-et-7-07-2024-34.jpg\" decoding=\"async\" loading=\"lazy\"  \/>            <\/p>\n<p>                    \u00a9 Documents remis<\/p>\n<p>Absent(e) cet \u00e9t\u00e9, tu vas le rater ? Prends la premi\u00e8re barque, et file pour les prochaines villes de sa tourn\u00e9e fluviale : Budapest (le 6 septembre) ou Paris (les 19 et 21 septembre) ! Et si tu es par ici <b>du 22 au 24 ao\u00fbt\u00a0<\/b>: monte \u00e0 bord, moussaillon\u2026 <strong>On met le cap sur Fluctuations !<\/strong><\/p>\n<p>            Fluctuations 2025<\/p>\n<p>            Quoi ? <\/p>\n<p>\u00ab\u00a0Festival fluvial, engag\u00e9, utopique\u00a0\u00bb avec DJ sets, concerts, rencontres, ateliers\u2026<\/p>\n<p>                Quand ?<\/p>\n<p>Du vendredi 22 au dimanche 24 ao\u00fbt<br \/>(Vendredi et samedi de 12h \u00e0 1h, dimanche de 12h \u00e0 23h)<\/p>\n<p>            o\u00f9 ?<\/p>\n<p>Au Phare Citadelle, 13 rue de Nantes, \u00e0 Strasbourg<\/p>\n<p>                Plus d&rsquo;infos ?<\/p>\n<p><a href=\"https:\/\/www.fluctuations.eu\/\" target=\"_blank\" rel=\"noopener nofollow\">Infos<\/a><br \/><a href=\"https:\/\/fb.me\/e\/j3ML8qQgB\" target=\"_blank\" rel=\"noopener nofollow\">L\u2019\u00e9v\u00e9nement Facebook<\/a><br \/><a href=\"https:\/\/shotgun.live\/en\/festivals\/fluctuations-strasbourg\" target=\"_blank\" rel=\"noopener nofollow\">Billetterie<\/a><\/p>\n<p>    <img width=\"480\" height=\"600\" src=\"https:\/\/www.europesays.com\/fr\/wp-content\/uploads\/2025\/08\/affiche-4-5-480x600.jpg\" class=\"attachment-image-size-M size-image-size-M\" alt=\"Fluctuations\" decoding=\"async\" loading=\"lazy\"  \/>         \u00a9 Document remis <\/p>\n","protected":false},"excerpt":{"rendered":"\u00ab\u00a0Festival fluvial, engag\u00e9, utopique\u00a0\u00bb, Fluctuations s\u2019appr\u00eate \u00e0 jeter l\u2019ancre \u00e0 Strasbourg. Apr\u00e8s avoir navigu\u00e9 entre plusieurs villes europ\u00e9ennes,&hellip;\n","protected":false},"author":2,"featured_media":304194,"comment_status":"","ping_status":"","sticky":false,"template":"","format":"standard","meta":{"footnotes":""},"categories":[2820],"tags":[1111,11,4763,4396,44419,1697,12084,51,2883,1777,674,652,6757,849,44420,1011,27,775,44421,12,26351,25,640,4064],"class_list":{"0":"post-304193","1":"post","2":"type-post","3":"status-publish","4":"format-standard","5":"has-post-thumbnail","7":"category-strasbourg","8":"tag-actu","9":"tag-actualites","10":"tag-agenda","11":"tag-atelier","12":"tag-chateau-perche","13":"tag-concert","14":"tag-dj-set","15":"tag-ecologie","16":"tag-ete","17":"tag-eu","18":"tag-europe","19":"tag-famille","20":"tag-feminisme","21":"tag-festival","22":"tag-fluctuations","23":"tag-fr","24":"tag-france","25":"tag-grand-est","26":"tag-longevity","27":"tag-news","28":"tag-phare-citadelle","29":"tag-republique-francaise","30":"tag-strasbourg","31":"tag-week-end"},"share_on_mastodon":{"url":"https:\/\/pubeurope.com\/@fr\/114991057482039849","error":""},"_links":{"self":[{"href":"https:\/\/www.europesays.com\/fr\/wp-json\/wp\/v2\/posts\/304193","targetHints":{"allow":["GET"]}}],"collection":[{"href":"https:\/\/www.europesays.com\/fr\/wp-json\/wp\/v2\/posts"}],"about":[{"href":"https:\/\/www.europesays.com\/fr\/wp-json\/wp\/v2\/types\/post"}],"author":[{"embeddable":true,"href":"https:\/\/www.europesays.com\/fr\/wp-json\/wp\/v2\/users\/2"}],"replies":[{"embeddable":true,"href":"https:\/\/www.europesays.com\/fr\/wp-json\/wp\/v2\/comments?post=304193"}],"version-history":[{"count":0,"href":"https:\/\/www.europesays.com\/fr\/wp-json\/wp\/v2\/posts\/304193\/revisions"}],"wp:featuredmedia":[{"embeddable":true,"href":"https:\/\/www.europesays.com\/fr\/wp-json\/wp\/v2\/media\/304194"}],"wp:attachment":[{"href":"https:\/\/www.europesays.com\/fr\/wp-json\/wp\/v2\/media?parent=304193"}],"wp:term":[{"taxonomy":"category","embeddable":true,"href":"https:\/\/www.europesays.com\/fr\/wp-json\/wp\/v2\/categories?post=304193"},{"taxonomy":"post_tag","embeddable":true,"href":"https:\/\/www.europesays.com\/fr\/wp-json\/wp\/v2\/tags?post=304193"}],"curies":[{"name":"wp","href":"https:\/\/api.w.org\/{rel}","templated":true}]}}