{"id":304195,"date":"2025-08-08T03:37:15","date_gmt":"2025-08-08T03:37:15","guid":{"rendered":"https:\/\/www.europesays.com\/fr\/304195\/"},"modified":"2025-08-08T03:37:15","modified_gmt":"2025-08-08T03:37:15","slug":"seance-collective-annulee-quelques-joueurs-sortis-alsasports","status":"publish","type":"post","link":"https:\/\/www.europesays.com\/fr\/304195\/","title":{"rendered":"S\u00e9ance collective annul\u00e9e, quelques joueurs sortis \u2014 Alsa&rsquo;Sports"},"content":{"rendered":"<p><strong>L\u2019entra\u00eeneur Liam Rosenior a d\u00e9cid\u00e9 ce jeudi d\u2019annuler la s\u00e9ance collective mais les supporters strasbourgeois pr\u00e9sents ont quand m\u00eame aper\u00e7u plusieurs joueurs sortis sur le terrain. <\/strong><\/p>\n<p>La s\u00e9ance collective a \u00e9t\u00e9 annul\u00e9e sur choix de l\u2019entra\u00eeneur Liam Rosenior, mais certains joueurs sont malgr\u00e9 tout sortis sur le terrain du Racing Soprema Parc. Les gardiens Gabriel Kerckaert et Mike Penders se sont entra\u00een\u00e9s avec l\u2019entra\u00eeneur d\u00e9di\u00e9 S\u00e9bastien Gimenez. Dans le m\u00eame temps, Dilane Bakwa et Emanuel Emegha ont encha\u00een\u00e9 les courses et les exercices \u00e0 deux, avant de rejoindre les portiers pour se tester aux frappes dans la surface. Milos Lukovic, Abdoul Ouattara, Amadou Ciss\u00e9 et Eduard Sobol ont proc\u00e9d\u00e9 \u00e0 des tours de terrain. <\/p>\n","protected":false},"excerpt":{"rendered":"L\u2019entra\u00eeneur Liam Rosenior a d\u00e9cid\u00e9 ce jeudi d\u2019annuler la s\u00e9ance collective mais les supporters strasbourgeois pr\u00e9sents ont quand&hellip;\n","protected":false},"author":2,"featured_media":304196,"comment_status":"","ping_status":"","sticky":false,"template":"","format":"standard","meta":{"footnotes":""},"categories":[2820],"tags":[1111,11,1777,674,63,1011,27,775,12,4448,25,640],"class_list":{"0":"post-304195","1":"post","2":"type-post","3":"status-publish","4":"format-standard","5":"has-post-thumbnail","7":"category-strasbourg","8":"tag-actu","9":"tag-actualites","10":"tag-eu","11":"tag-europe","12":"tag-football","13":"tag-fr","14":"tag-france","15":"tag-grand-est","16":"tag-news","17":"tag-rc-strasbourg","18":"tag-republique-francaise","19":"tag-strasbourg"},"share_on_mastodon":{"url":"https:\/\/pubeurope.com\/@fr\/114991060994022406","error":""},"_links":{"self":[{"href":"https:\/\/www.europesays.com\/fr\/wp-json\/wp\/v2\/posts\/304195","targetHints":{"allow":["GET"]}}],"collection":[{"href":"https:\/\/www.europesays.com\/fr\/wp-json\/wp\/v2\/posts"}],"about":[{"href":"https:\/\/www.europesays.com\/fr\/wp-json\/wp\/v2\/types\/post"}],"author":[{"embeddable":true,"href":"https:\/\/www.europesays.com\/fr\/wp-json\/wp\/v2\/users\/2"}],"replies":[{"embeddable":true,"href":"https:\/\/www.europesays.com\/fr\/wp-json\/wp\/v2\/comments?post=304195"}],"version-history":[{"count":0,"href":"https:\/\/www.europesays.com\/fr\/wp-json\/wp\/v2\/posts\/304195\/revisions"}],"wp:featuredmedia":[{"embeddable":true,"href":"https:\/\/www.europesays.com\/fr\/wp-json\/wp\/v2\/media\/304196"}],"wp:attachment":[{"href":"https:\/\/www.europesays.com\/fr\/wp-json\/wp\/v2\/media?parent=304195"}],"wp:term":[{"taxonomy":"category","embeddable":true,"href":"https:\/\/www.europesays.com\/fr\/wp-json\/wp\/v2\/categories?post=304195"},{"taxonomy":"post_tag","embeddable":true,"href":"https:\/\/www.europesays.com\/fr\/wp-json\/wp\/v2\/tags?post=304195"}],"curies":[{"name":"wp","href":"https:\/\/api.w.org\/{rel}","templated":true}]}}