{"id":3042,"date":"2025-04-04T16:39:09","date_gmt":"2025-04-04T16:39:09","guid":{"rendered":"https:\/\/www.europesays.com\/fr\/3042\/"},"modified":"2025-04-04T16:39:09","modified_gmt":"2025-04-04T16:39:09","slug":"tout-proche-dun-exploit-paris-finit-par-craquer-sur-le-parquet-du-real-madrid","status":"publish","type":"post","link":"https:\/\/www.europesays.com\/fr\/3042\/","title":{"rendered":"tout proche d\u2019un exploit, Paris finit par craquer sur le parquet du Real Madrid"},"content":{"rendered":"<p>Les Parisiens, qui menaient de six points au d\u00e9but du quatri\u00e8me quart-temps, ont rendu les armes d\u2019un cheveu face aux Madril\u00e8nes.<\/p>\n<p class=\"fig-paragraph\"><a href=\"http:\/\/www.lefigaro.fr\/sports\/basket\/basket-monaco-et-paris-rejoignent-tranquillement-cholet-en-tete-20250330\" target=\"_blank\" data-fig-type=\"NewsFlash\" rel=\"noopener\" data-gtm-custom-categorie=\"navigation\" data-gtm-custom-action=\"crossclick\" data-gtm-custom-label=\"Contextuel\" data-gtm-event=\"customEventSPE\" data-fig-domain=\"LEFIGARO\">Le Paris Basketball<\/a>\u00a0y a cru jusqu\u2019au bout. Devant au score \u00e0 l\u2019approche du quatri\u00e8me quart-temps (74-80), ce jeudi pour le compte de la 33e journ\u00e9e d\u2019Euroligue, les Parisiens ont finalement subi la loi du Real Madrid, en Espagne, malgr\u00e9 un grand TJ Shorts (24 pts, 10 passes). D\u00e9faite d\u2019un point au final, 105-104.<\/p>\n<p class=\"fig-paragraph\">Sans complexes sur le parquet du g\u00e9ant espagnol aux 11 couronnes europ\u00e9ennes, avec qui ils partageaient le m\u00eame bilan de 18 victoires pour 14 d\u00e9faites au coup d\u2019envoi, les joueurs de la capitale ont fait mieux que r\u00e9sister. Ils ont s\u00e9rieusement bouscul\u00e9 des Madril\u00e8nes pas habitu\u00e9s \u00e0 devoir batailler pour une place en play-offs \u00e0 deux journ\u00e9es de la fin de la saison r\u00e9guli\u00e8re.<\/p>\n<p class=\"fig-paragraph\">Au classement, tandis que le Real Madrid se place 6e, Paris &#8211; qui a aussi pu compter sur un Nadir Hifi inspir\u00e9 dans le \u00abmoney-time\u00bb (23 pts \u00e0 9\/15 au tir, dont 5\/9 \u00e0 trois pts, 3 passes) &#8211; stagne \u00e0 la 10e place et jouera sa qualification pour les \u00abplay-in\u00bb jeudi prochain face aux Allemands de l\u2019Alba Berlin.<\/p>\n<p class=\"fig-paragraph\"><strong>\u00c0 VOIR AUSSI &#8211; <\/strong>Coupe de France\u00a0: le Stade de Reims bat l\u2019AS Cannes (1-2) et file en finale<\/p>\n<p>\u00a0\u00bb<br \/>\n        data-script=\u00a0\u00bbhttps:\/\/static.lefigaro.fr\/widget-video\/short-ttl\/dugout\/index.js\u00a0\u00bb<br \/>\n    &gt;<\/p>\n","protected":false},"excerpt":{"rendered":"Les Parisiens, qui menaient de six points au d\u00e9but du quatri\u00e8me quart-temps, ont rendu les armes d\u2019un cheveu&hellip;\n","protected":false},"author":2,"featured_media":3043,"comment_status":"","ping_status":"","sticky":false,"template":"","format":"standard","meta":{"footnotes":""},"categories":[1888],"tags":[1111,1928,11,1927,2190,1465,1464,2180,2192,814,64,1777,450,2183,674,1011,27,2191,2193,820,2181,2182,12,1926,626,2179,1925,2189,2186,2184,2185,25,1980,2188,2187],"class_list":{"0":"post-3042","1":"post","2":"type-post","3":"status-publish","4":"format-standard","5":"has-post-thumbnail","7":"category-paris","8":"tag-actu","9":"tag-actu-paris","10":"tag-actualites","11":"tag-actualites-paris","12":"tag-asvel","13":"tag-basket","14":"tag-basketball","15":"tag-championnats-deurope","16":"tag-cholet","17":"tag-direct","18":"tag-equipe-de-france","19":"tag-eu","20":"tag-euro","21":"tag-euroligue","22":"tag-europe","23":"tag-fr","24":"tag-france","25":"tag-le-mans","26":"tag-limoges","27":"tag-live","28":"tag-mondial","29":"tag-nba","30":"tag-news","31":"tag-news-paris","32":"tag-paris","33":"tag-paris-basketball","34":"tag-paris-news","35":"tag-photos","36":"tag-play-offs","37":"tag-pro-a","38":"tag-pro-b","39":"tag-republique-francaise","40":"tag-resultats","41":"tag-statistiques","42":"tag-stats"},"share_on_mastodon":{"url":"https:\/\/pubeurope.com\/@fr\/114280684870927183","error":""},"_links":{"self":[{"href":"https:\/\/www.europesays.com\/fr\/wp-json\/wp\/v2\/posts\/3042","targetHints":{"allow":["GET"]}}],"collection":[{"href":"https:\/\/www.europesays.com\/fr\/wp-json\/wp\/v2\/posts"}],"about":[{"href":"https:\/\/www.europesays.com\/fr\/wp-json\/wp\/v2\/types\/post"}],"author":[{"embeddable":true,"href":"https:\/\/www.europesays.com\/fr\/wp-json\/wp\/v2\/users\/2"}],"replies":[{"embeddable":true,"href":"https:\/\/www.europesays.com\/fr\/wp-json\/wp\/v2\/comments?post=3042"}],"version-history":[{"count":0,"href":"https:\/\/www.europesays.com\/fr\/wp-json\/wp\/v2\/posts\/3042\/revisions"}],"wp:featuredmedia":[{"embeddable":true,"href":"https:\/\/www.europesays.com\/fr\/wp-json\/wp\/v2\/media\/3043"}],"wp:attachment":[{"href":"https:\/\/www.europesays.com\/fr\/wp-json\/wp\/v2\/media?parent=3042"}],"wp:term":[{"taxonomy":"category","embeddable":true,"href":"https:\/\/www.europesays.com\/fr\/wp-json\/wp\/v2\/categories?post=3042"},{"taxonomy":"post_tag","embeddable":true,"href":"https:\/\/www.europesays.com\/fr\/wp-json\/wp\/v2\/tags?post=3042"}],"curies":[{"name":"wp","href":"https:\/\/api.w.org\/{rel}","templated":true}]}}