{"id":304207,"date":"2025-08-08T03:49:24","date_gmt":"2025-08-08T03:49:24","guid":{"rendered":"https:\/\/www.europesays.com\/fr\/304207\/"},"modified":"2025-08-08T03:49:24","modified_gmt":"2025-08-08T03:49:24","slug":"deux-lillois-mis-a-lhonneur-pour-les-trophees-kopa-et-yachine-france-lille","status":"publish","type":"post","link":"https:\/\/www.europesays.com\/fr\/304207\/","title":{"rendered":"Deux Lillois mis \u00e0 l&rsquo;honneur pour les troph\u00e9es Kopa et Yachine &#8211; France &#8211; Lille"},"content":{"rendered":"<p>De quoi revaloriser la Ligue 1 ?<\/p>\n<p>Qui dit jeudi 7 ao\u00fbt, dit nomination du Ballon d\u2019or. En attendant la liste des trente petits chanceux qui pourront esp\u00e9rer soulever le graal \u00e0 Paris le 22 septembre, les pr\u00e9tendants au troph\u00e9e Kopa et Yachine ont \u00e9t\u00e9 d\u00e9voil\u00e9s.<\/p>\n<p>En ce qui concerne le troph\u00e9e Yachine, <a target=\"_blank\" href=\"https:\/\/www.sofoot.com\/articles\/lucas-chevalier-est-il-psg-compatible\" rel=\"nofollow noopener\">c\u2019est Lucas Chevalier<\/a> qui fait une entr\u00e9e remarqu\u00e9e dans la liste des pr\u00e9tendants. Aux c\u00f4t\u00e9s de Matz Sels (oui oui), Emiliano Martinez,<strong> le futur Parisien pourra remporter son premier duel contre Gigi Donnarumma avec qui il pourrait \u00eatre en concurrence la saison prochaine<\/strong>. Mais l\u00e0 encore, \u00e7a semble bien compliqu\u00e9.<\/p>\n<p>Un Dogue peut en cacher un autre<\/p>\n<p>C\u00f4t\u00e9 jeunesse, si Lamine Yamal devrait en toute logique remporter le troph\u00e9e Kopa, un autre nom cher aux Lillois fait son apparition dans la liste des sept joueurs :<strong> Ayyoub Bouaddi<\/strong>. <a target=\"_blank\" href=\"https:\/\/www.sofoot.com\/breves\/ayyoub-bouaddi-losc-je-ne-suis-qua-60-de-mon-potentiel\" rel=\"nofollow noopener\">\u00c0 17 piges, le milieu lillois fait son apparition<\/a> <strong>au milieu des D\u00e9sir\u00e9 Dou\u00e9, Joao Neves, Dean Huijsen ou Rodrigo Mora.<\/strong> On y croit peu quand m\u00eame pour la place sur le podium mais bon, il aura le temps de se rattraper plus tard.<\/p>\n<p>On attend toujours <a target=\"_blank\" href=\"https:\/\/www.sofoot.com\/breves\/mercato-bruno-genesio-inquiete-par-le-depart-de-lucas-chevalier-mais-pas-seulement\" rel=\"nofollow noopener\">la nomination de Pep Genesio<\/a> dans les coachs de l\u2019ann\u00e9e.<\/p>\n<p>\t\t\t\t\t\t\t\t\t\t<a class=\"lien-connexe\" href=\"https:\/\/www.sofoot.com\/breves\/mercato-bruno-genesio-inquiete-par-le-depart-de-lucas-chevalier-mais-pas-seulement\" rel=\"nofollow noopener\" target=\"_blank\">Genesio inqui\u00e9t\u00e9 par le d\u00e9part de Chevalier, mais pas seulement<\/a>\t\t\t\t\t<\/p>\n","protected":false},"excerpt":{"rendered":"De quoi revaloriser la Ligue 1 ? Qui dit jeudi 7 ao\u00fbt, dit nomination du Ballon d\u2019or. En&hellip;\n","protected":false},"author":2,"featured_media":304208,"comment_status":"","ping_status":"","sticky":false,"template":"","format":"standard","meta":{"footnotes":""},"categories":[2815],"tags":[1111,47,11,61,69,65,64,1777,674,63,1011,27,811,68,66,1307,12,62,70,25,67],"class_list":{"0":"post-304207","1":"post","2":"type-post","3":"status-publish","4":"format-standard","5":"has-post-thumbnail","7":"category-lille","8":"tag-actu","9":"tag-actualite","10":"tag-actualites","11":"tag-actus-football","12":"tag-bundesliga","13":"tag-championnats-europeens","14":"tag-equipe-de-france","15":"tag-eu","16":"tag-europe","17":"tag-football","18":"tag-fr","19":"tag-france","20":"tag-hauts-de-france","21":"tag-ligua","22":"tag-ligue-1","23":"tag-lille","24":"tag-news","25":"tag-news-foot","26":"tag-premier-league","27":"tag-republique-francaise","28":"tag-serie-a"},"share_on_mastodon":{"url":"https:\/\/pubeurope.com\/@fr\/114991108148062393","error":""},"_links":{"self":[{"href":"https:\/\/www.europesays.com\/fr\/wp-json\/wp\/v2\/posts\/304207","targetHints":{"allow":["GET"]}}],"collection":[{"href":"https:\/\/www.europesays.com\/fr\/wp-json\/wp\/v2\/posts"}],"about":[{"href":"https:\/\/www.europesays.com\/fr\/wp-json\/wp\/v2\/types\/post"}],"author":[{"embeddable":true,"href":"https:\/\/www.europesays.com\/fr\/wp-json\/wp\/v2\/users\/2"}],"replies":[{"embeddable":true,"href":"https:\/\/www.europesays.com\/fr\/wp-json\/wp\/v2\/comments?post=304207"}],"version-history":[{"count":0,"href":"https:\/\/www.europesays.com\/fr\/wp-json\/wp\/v2\/posts\/304207\/revisions"}],"wp:featuredmedia":[{"embeddable":true,"href":"https:\/\/www.europesays.com\/fr\/wp-json\/wp\/v2\/media\/304208"}],"wp:attachment":[{"href":"https:\/\/www.europesays.com\/fr\/wp-json\/wp\/v2\/media?parent=304207"}],"wp:term":[{"taxonomy":"category","embeddable":true,"href":"https:\/\/www.europesays.com\/fr\/wp-json\/wp\/v2\/categories?post=304207"},{"taxonomy":"post_tag","embeddable":true,"href":"https:\/\/www.europesays.com\/fr\/wp-json\/wp\/v2\/tags?post=304207"}],"curies":[{"name":"wp","href":"https:\/\/api.w.org\/{rel}","templated":true}]}}