{"id":304209,"date":"2025-08-08T03:50:10","date_gmt":"2025-08-08T03:50:10","guid":{"rendered":"https:\/\/www.europesays.com\/fr\/304209\/"},"modified":"2025-08-08T03:50:10","modified_gmt":"2025-08-08T03:50:10","slug":"la-tournee-dete-de-la-marseillaise-sinvite-au-vieux-port","status":"publish","type":"post","link":"https:\/\/www.europesays.com\/fr\/304209\/","title":{"rendered":"La Tourn\u00e9e d\u2019\u00e9t\u00e9 de La Marseillaise s\u2019invite au Vieux-Port"},"content":{"rendered":"\n<p>D\u00e8s 18h30, la soir\u00e9e d\u00e9butera avec un concours de talents oratoires en tous genres, mettant \u00e0 l\u2019honneur des jeunes marseillais de 15 \u00e0 30\u00a0ans. \u00c9loquence, rap, stand-up ou encore chants, autant de mani\u00e8res de prendre le micro et d\u2019ambiancer le public. La dizaine de participants disposera de quelques minutes pour convaincre le jury, charg\u00e9 de d\u00e9signer les demi-finalistes de cette \u00e9dition. \u00ab\u00a0L\u2019id\u00e9e c\u2019est de valoriser la parole des jeunes talents marseillais, de leur permettre de se produire sur sc\u00e8ne face \u00e0 un jury professionnel.\u00a0\u00bb, d\u00e9clare Hedi Ramdane, adjoint au Maire de Marseille en charge de la jeunesse. \u00c0 la cl\u00e9, des r\u00e9compenses pour tous et un accompagnement personnel pour les trois laur\u00e9ats du concours. Une belle occasion de d\u00e9couvrir de nouvelles voix et une \u00e9nergie propre \u00e0 Marseille.<\/p>\n<p>Apr\u00e8s les mots, place \u00e0 la musique. Les lumi\u00e8res changent, on branche les platines et la sc\u00e8ne se transforme. D\u00e8s 20h, deux groupes et un DJ aux styles bien distincts mettront l\u2019ambiance. Le groupe Jukebox revisitera, pour le plus grand plaisir des spectateurs, les classiques rock des ann\u00e9es 60 \u00e0 80. \u00ab\u00a0Ils sont n\u00e9s d\u2019une id\u00e9e g\u00e9niale, celle de faire choisir au public la musique qui sera jou\u00e9e sur sc\u00e8ne, \u00e0 l\u2019image d\u2019un vrai Jukebox\u00a0\u00bb, confie Pierre Guille, le directeur \u00e9v\u00e9nement et partenariats de La\u00a0Marseillaise. Un concert participatif qui satisfera les go\u00fbts de tous.<\/p>\n<p>Dust, lui, est un groupe reconnu pour ses reprises fran\u00e7aises mais aussi internationales. \u00ab\u00a0C\u2019est le groupe qui cartonne le plus. \u00c0 la comm\u00e9moration des 80\u00a0ans de la lib\u00e9ration de Marseille, ils ont tellement mis le feu que monsieur le maire voulait les revoir\u00a0\u00bb, s\u2019exclame Pierre Guille. Ces quatre passionn\u00e9s de musique se sont construits une belle r\u00e9putation aux quatre coins du monde. \u00ab\u00a0Le chanteur a une palette tellement longue qu\u2019ils peuvent interpr\u00e9ter de tout\u00a0\u00bb, affirme-t-il. Leurs performances et l\u2019incroyable voix de leur chanteur, notamment capable d\u2019imiter Freddie Mercury, leader mythique de Queen, pour un retour dans les ann\u00e9es\u00a080 et\u00a090.<\/p>\n<p>Et la f\u00eate continue jusqu\u2019\u00e0 minuit<\/p>\n<p>Pour cl\u00f4turer la soir\u00e9e, DJ\u00a0Herbie Lite prendra le relais avec un set festif, transformant le Vieux-Port en v\u00e9ritable piste de danse \u00e0 ciel ouvert. Ce DJ participe \u00e0 la tourn\u00e9e pour la quatri\u00e8me ann\u00e9e de suite. Il offre, chaque fois, des voyages sonores aux spectateurs, m\u00ealant la soul, le disco, la motown et bien s\u00fbr la house music. Il a d\u00e9j\u00e0 collabor\u00e9 avec plusieurs grosses t\u00eates d\u2019affiche dont Jamie Lewis, Javi Mula ou encore Jeff Cortez Queen Paris. \u00ab\u00a0C\u2019est le boss, il est DJ de pleins d\u2019\u00e9v\u00e9nements comme le grand prix\u00a0F1 de Monaco ou le grand Prix de France\u00a0F1\u00a0\u00bb, affirme Pierre Guille. L\u2019un des DJ les plus connus de la r\u00e9gion vous donnera l\u2019occasion de prolonger la f\u00eate dans l\u2019un des lieux les plus embl\u00e9matiques de Marseille.<\/p>\n<p>La Tourn\u00e9e d\u2019\u00e9t\u00e9 se cl\u00f4turera fin ao\u00fbt. En attendant, trois autres dates sont d\u00e9j\u00e0 annonc\u00e9es, les 16, 21 et 23. \u00c0 l\u2019affiche, de nouveaux talents, de nouveaux lieux, mais toujours cet esprit festif, convivial et populaire. Une belle mani\u00e8re de c\u00e9l\u00e9brer l\u2019\u00e9t\u00e9 dans tout ce qu\u2019il a de plus vivant.<\/p>\n","protected":false},"excerpt":{"rendered":"D\u00e8s 18h30, la soir\u00e9e d\u00e9butera avec un concours de talents oratoires en tous genres, mettant \u00e0 l\u2019honneur des&hellip;\n","protected":false},"author":2,"featured_media":304210,"comment_status":"","ping_status":"","sticky":false,"template":"","format":"standard","meta":{"footnotes":""},"categories":[2814],"tags":[1111,11,1777,674,1011,27,43970,884,12,882,25],"class_list":{"0":"post-304209","1":"post","2":"type-post","3":"status-publish","4":"format-standard","5":"has-post-thumbnail","7":"category-marseille","8":"tag-actu","9":"tag-actualites","10":"tag-eu","11":"tag-europe","12":"tag-fr","13":"tag-france","14":"tag-ines-painvin","15":"tag-marseille","16":"tag-news","17":"tag-provence-alpes-cote-dazur","18":"tag-republique-francaise"},"share_on_mastodon":{"url":"https:\/\/pubeurope.com\/@fr\/114991112132422781","error":""},"_links":{"self":[{"href":"https:\/\/www.europesays.com\/fr\/wp-json\/wp\/v2\/posts\/304209","targetHints":{"allow":["GET"]}}],"collection":[{"href":"https:\/\/www.europesays.com\/fr\/wp-json\/wp\/v2\/posts"}],"about":[{"href":"https:\/\/www.europesays.com\/fr\/wp-json\/wp\/v2\/types\/post"}],"author":[{"embeddable":true,"href":"https:\/\/www.europesays.com\/fr\/wp-json\/wp\/v2\/users\/2"}],"replies":[{"embeddable":true,"href":"https:\/\/www.europesays.com\/fr\/wp-json\/wp\/v2\/comments?post=304209"}],"version-history":[{"count":0,"href":"https:\/\/www.europesays.com\/fr\/wp-json\/wp\/v2\/posts\/304209\/revisions"}],"wp:featuredmedia":[{"embeddable":true,"href":"https:\/\/www.europesays.com\/fr\/wp-json\/wp\/v2\/media\/304210"}],"wp:attachment":[{"href":"https:\/\/www.europesays.com\/fr\/wp-json\/wp\/v2\/media?parent=304209"}],"wp:term":[{"taxonomy":"category","embeddable":true,"href":"https:\/\/www.europesays.com\/fr\/wp-json\/wp\/v2\/categories?post=304209"},{"taxonomy":"post_tag","embeddable":true,"href":"https:\/\/www.europesays.com\/fr\/wp-json\/wp\/v2\/tags?post=304209"}],"curies":[{"name":"wp","href":"https:\/\/api.w.org\/{rel}","templated":true}]}}