{"id":30421,"date":"2025-04-17T01:07:09","date_gmt":"2025-04-17T01:07:09","guid":{"rendered":"https:\/\/www.europesays.com\/fr\/30421\/"},"modified":"2025-04-17T01:07:09","modified_gmt":"2025-04-17T01:07:09","slug":"le-tribunal-de-paris-evacue-apres-une-alerte-a-la-bombe","status":"publish","type":"post","link":"https:\/\/www.europesays.com\/fr\/30421\/","title":{"rendered":"Le tribunal de Paris \u00e9vacu\u00e9 apr\u00e8s une alerte \u00e0 la bombe"},"content":{"rendered":"<p>L\u2019alerte aurait \u00e9t\u00e9 d\u00e9clench\u00e9e apr\u00e8s un appel malveillant qui faisait \u00e9tat d\u2019un engin explosif au rez-de-chauss\u00e9e du b\u00e2timent.<\/p>\n<p class=\"fig-paragraph\">Panique dans le 17e arrondissement de\u00a0<a href=\"http:\/\/www.lefigaro.fr\/politique\/par-arrondissement-quartier-ou-secteur-comment-vote-t-on-a-paris-lyon-et-marseille-depuis-1884-20250416\" data-fig-type=\"Article\" data-gtm-custom-categorie=\"navigation\" data-gtm-custom-action=\"crossclick\" data-gtm-custom-label=\"Contextuel\" data-gtm-event=\"customEventSPE\" data-fig-domain=\"LEFIGARO\" target=\"_blank\" rel=\"noopener\">Paris<\/a>. Le\u00a0<a href=\"http:\/\/www.lefigaro.fr\/flash-eco\/le-tribunal-de-paris-ordonne-un-proces-apres-la-mort-de-148-personnes-dans-le-crash-de-charme-el-cheikh-20250403\" data-fig-type=\"NewsFlash\" data-gtm-custom-categorie=\"navigation\" data-gtm-custom-action=\"crossclick\" data-gtm-custom-label=\"Contextuel\" data-gtm-event=\"customEventSPE\" data-fig-domain=\"LEFIGARO\" target=\"_blank\" rel=\"noopener\">tribunal de Paris<\/a>, situ\u00e9 dans le quartier des Batignolles, a \u00e9t\u00e9 \u00e9vacu\u00e9 ce mercredi soir, aux alentours de 18 heures, apr\u00e8s avoir \u00e9t\u00e9 la cible d\u2019une\u00a0<a href=\"http:\/\/www.lefigaro.fr\/marseille\/alerte-a-la-bombe-et-appel-au-djihad-plusieurs-lycees-menaces-dans-le-sud-de-la-france-via-l-application-pronote-20250324\" data-fig-type=\"NewsFlash\" data-gtm-custom-categorie=\"navigation\" data-gtm-custom-action=\"crossclick\" data-gtm-custom-label=\"Contextuel\" data-gtm-event=\"customEventSPE\" data-fig-domain=\"LEFIGARO\" target=\"_blank\" rel=\"noopener\">alerte \u00e0 la bombe<\/a>, a appris Le Figaro de source polici\u00e8re.<\/p>\n<p class=\"fig-paragraph\"><a href=\"http:\/\/www.lefigaro.fr\/actualite-france\/les-policiers-municipaux-ne-conduiront-pas-des-enquetes-judiciaires-20250410\" data-fig-type=\"Article\" data-gtm-custom-categorie=\"navigation\" data-gtm-custom-action=\"crossclick\" data-gtm-custom-label=\"Contextuel\" data-gtm-event=\"customEventSPE\" data-fig-domain=\"LEFIGARO\" target=\"_blank\" rel=\"noopener\">Magistrats<\/a>, avocats, greffiers et personnels administratifs se sont rassembl\u00e9s sur le parvis apr\u00e8s que l\u2019alarme d\u2019\u00e9vacuation a retenti dans tout le tribunal. L\u2019alerte \u00e0 la bombe aurait \u00e9t\u00e9 d\u00e9clench\u00e9e apr\u00e8s un appel malveillant qui faisait \u00e9tat d\u2019un engin explosif au rez-de-chauss\u00e9e du b\u00e2timent. Les policiers sur place n\u2019ont rien constat\u00e9 d\u2019anormal lors de leurs v\u00e9rifications, et aucune explosion a \u00e9t\u00e9 entendue ou constat\u00e9e.<\/p>\n<p class=\"fig-paragraph\">Le doute a \u00e9t\u00e9 lev\u00e9 aux alentours de 20h30, a appris Le Figaro aupr\u00e8s du parquet de Paris. Une enqu\u00eate du chef de divulgation d\u2019information fausse afin de faire croire \u00e0 une destruction dangereuse a \u00e9t\u00e9 ouverte le 12 avril \u00e0 la suite de \u00abdiverses fausses alertes visant divers sites parisiens depuis cette date\u00bb, pr\u00e9cise le parquet.<\/p>\n<p>Contexte de tensions<\/p>\n<p class=\"fig-paragraph\">Cette alerte prend place dans un contexte extr\u00eamement tendu, alors que le personnel p\u00e9nitentiaire est menac\u00e9 depuis plusieurs jours par un myst\u00e9rieux collectif d\u00e9nomm\u00e9 \u00ab<a href=\"http:\/\/www.lefigaro.fr\/faits-divers\/qui-se-cache-derriere-le-mysterieux-mouvement-ddpf-tague-sur-plusieurs-prisons-de-france-20250416\" data-fig-type=\"NewsFlash\" data-gtm-custom-categorie=\"navigation\" data-gtm-custom-action=\"crossclick\" data-gtm-custom-label=\"Contextuel\" data-gtm-event=\"customEventSPE\" data-fig-domain=\"LEFIGARO\" target=\"_blank\" rel=\"noopener\">DDPF<\/a> \u00bb, pour \u00abD\u00e9fense des droits des prisonniers fran\u00e7ais\u00bb. Une s\u00e9rie d\u2019attaques vise depuis dimanche des prisons fran\u00e7aises, via des incendies de v\u00e9hicules et des tirs \u00e0 l\u2019arme automatique.<\/p>\n<p class=\"fig-paragraph\">Le groupe en aurait notamment apr\u00e8s G\u00e9rald Darmanin, ministre de la Justice. \u00abIl y a manifestement des gens qui essaient de d\u00e9stabiliser l\u2019Etat en intimidant\u00bb, a d\u2019ailleurs d\u00e9nonc\u00e9 le garde des Sceaux sur Cnews. Emmanuel Macron a promis mercredi que les personnes qui \u00abcherchent \u00e0 intimider\u00bb les agents p\u00e9nitentiaires et \u00abs\u2019attaquent avec une violence inadmissible\u00bb aux prisons seraient \u00abretrouv\u00e9s, jug\u00e9s et punis\u00bb.<\/p>\n","protected":false},"excerpt":{"rendered":"L\u2019alerte aurait \u00e9t\u00e9 d\u00e9clench\u00e9e apr\u00e8s un appel malveillant qui faisait \u00e9tat d\u2019un engin explosif au rez-de-chauss\u00e9e du b\u00e2timent.&hellip;\n","protected":false},"author":2,"featured_media":30422,"comment_status":"","ping_status":"","sticky":false,"template":"","format":"standard","meta":{"footnotes":""},"categories":[1888],"tags":[119,1111,1928,11,1927,3694,10489,271,2951,3695,1777,674,3696,118,1011,27,2825,1253,303,12,1926,626,1925,1072,2694,25,3693,2949],"class_list":{"0":"post-30421","1":"post","2":"type-post","3":"status-publish","4":"format-standard","5":"has-post-thumbnail","7":"category-paris","8":"tag-accident","9":"tag-actu","10":"tag-actu-paris","11":"tag-actualites","12":"tag-actualites-paris","13":"tag-affaires","14":"tag-bombe","15":"tag-crime","16":"tag-criminalite","17":"tag-enquetes","18":"tag-eu","19":"tag-europe","20":"tag-evenements","21":"tag-faits-divers","22":"tag-fr","23":"tag-france","24":"tag-insecurite","25":"tag-islamisme","26":"tag-justice","27":"tag-news","28":"tag-news-paris","29":"tag-paris","30":"tag-paris-news","31":"tag-police","32":"tag-proces","33":"tag-republique-francaise","34":"tag-tribunal","35":"tag-violences"},"share_on_mastodon":{"url":"https:\/\/pubeurope.com\/@fr\/114350630221814152","error":""},"_links":{"self":[{"href":"https:\/\/www.europesays.com\/fr\/wp-json\/wp\/v2\/posts\/30421","targetHints":{"allow":["GET"]}}],"collection":[{"href":"https:\/\/www.europesays.com\/fr\/wp-json\/wp\/v2\/posts"}],"about":[{"href":"https:\/\/www.europesays.com\/fr\/wp-json\/wp\/v2\/types\/post"}],"author":[{"embeddable":true,"href":"https:\/\/www.europesays.com\/fr\/wp-json\/wp\/v2\/users\/2"}],"replies":[{"embeddable":true,"href":"https:\/\/www.europesays.com\/fr\/wp-json\/wp\/v2\/comments?post=30421"}],"version-history":[{"count":0,"href":"https:\/\/www.europesays.com\/fr\/wp-json\/wp\/v2\/posts\/30421\/revisions"}],"wp:featuredmedia":[{"embeddable":true,"href":"https:\/\/www.europesays.com\/fr\/wp-json\/wp\/v2\/media\/30422"}],"wp:attachment":[{"href":"https:\/\/www.europesays.com\/fr\/wp-json\/wp\/v2\/media?parent=30421"}],"wp:term":[{"taxonomy":"category","embeddable":true,"href":"https:\/\/www.europesays.com\/fr\/wp-json\/wp\/v2\/categories?post=30421"},{"taxonomy":"post_tag","embeddable":true,"href":"https:\/\/www.europesays.com\/fr\/wp-json\/wp\/v2\/tags?post=30421"}],"curies":[{"name":"wp","href":"https:\/\/api.w.org\/{rel}","templated":true}]}}