{"id":304217,"date":"2025-08-08T03:56:10","date_gmt":"2025-08-08T03:56:10","guid":{"rendered":"https:\/\/www.europesays.com\/fr\/304217\/"},"modified":"2025-08-08T03:56:10","modified_gmt":"2025-08-08T03:56:10","slug":"le-cabinet-de-securite-israelien-approuve-le-plan-de-benyamin-netanyahou-qui-prevoit-la-prise-de-controle-de-la-ville-de-gaza","status":"publish","type":"post","link":"https:\/\/www.europesays.com\/fr\/304217\/","title":{"rendered":"le cabinet de s\u00e9curit\u00e9 isra\u00e9lien approuve le plan de Benyamin N\u00e9tanyahou qui pr\u00e9voit la prise de contr\u00f4le de la ville de Gaza"},"content":{"rendered":"<p>   D\u2019anciens otages appellent \u00e0 la fin de la guerre \u00e0 Gaza, devant le bureau de Benyamin N\u00e9tanyahou             <\/p>\n<p class=\"post__live-container--answer-text post__space-node\">Des centaines de personnes, dont plusieurs otages lib\u00e9r\u00e9s de Gaza, ont manifest\u00e9 \u00e0 J\u00e9rusalem devant le bureau de Benyamin N\u00e9tanyahou, <a href=\"https:\/\/www.lemonde.fr\/international\/live\/2025\/08\/07\/en-direct-gaza-les-dernieres-informations-alors-le-gouvernement-israelien-doit-decider-des-suites-de-la-guerre_6626647_3210.html?#id-2513111\" rel=\"nofollow noopener\" target=\"_blank\">durant une r\u00e9union d\u00e9cisive du cabinet de s\u00e9curit\u00e9<\/a>, pour appeler \u00e0 la fin de la guerre. Brandissant drapeaux isra\u00e9liens et portraits des 49\u00a0otages encore d\u00e9tenus \u00e0 Gaza par le Hamas et son alli\u00e9 du Jihad islamique, les manifestants se sont r\u00e9unis sous le slogan \u00ab\u00a0Nous les ram\u00e8nerons\u00a0\u00bb.<\/p>\n<p class=\"post__live-container--answer-text post__space-node\">Parmi les anciens otages pr\u00e9sents, la femme de David Cunio, un Isra\u00e9lo-Argentin enlev\u00e9 avec sa famille, et Arbel Yehud, petite amie du fr\u00e8re de David Cunio, lui aussi toujours otage \u00e0 Gaza. Les deux femmes tenaient une banderole avec des photos de leurs proches sur laquelle \u00e9tait inscrite\u00a0: \u00ab\u00a0Rendez-nous ceux qu\u2019on aime.\u00a0\u00bb<\/p>\n<p class=\"post__live-container--answer-text post__space-node\">\u00ab\u00a0La seule fa\u00e7on de ramener les otages chez eux est de mettre fin \u00e0 la guerre et de mettre un terme aux souffrances des otages et de toutes les personnes qui vivent et endurent cette guerre terrible, y compris les habitants de Gaza, les soldats, les familles et tout le monde\u00a0\u00bb, a d\u00e9clar\u00e9 Sharon Kangisser-Cohen, une historienne, \u00e0 l\u2019Agence France-Presse (AFP). \u00ab\u00a0S\u2019ils reprennent Gaza ou prennent la d\u00e9cision d\u2019y entrer et de mener une occupation militaire, la vie des otages sera encore plus en danger, et c\u2019est la soci\u00e9t\u00e9 isra\u00e9lienne dans son ensemble qui sera menac\u00e9e\u00a0\u00bb, ajoute-t-elle.<\/p>\n<p class=\"post__live-container--answer-text post__space-node\">P\u00e9p\u00e9 Alalou, un octog\u00e9naire retrait\u00e9 et ancien maire adjoint de J\u00e9rusalem, a dit \u00eatre venu manifester car il \u00ab\u00a0ne pouvait pas ne pas venir\u00a0\u00bb. \u00ab\u00a0Il faut sauver les otages\u00a0\u00bb, dit-il, ajoutant que, selon lui, \u00ab\u00a0Isra\u00ebl a perdu sa boussole morale\u00a0\u00bb.<\/p>\n<p class=\"post__live-container--answer-text post__space-node\">Selon le Forum des familles d\u2019otages, des manifestants se sont encha\u00een\u00e9s sur place, en lan\u00e7ant un appel au cabinet N\u00e9tanyahou\u00a0: \u00ab\u00a0Intensifier les combats est une condamnation \u00e0 mort et une disparition imm\u00e9diate pour nos proches \u2013\u00a0regardez-nous dans les yeux lorsque vous choisissez de les sacrifier. C\u2019est le moment, mettez un accord global sur la table qui les ram\u00e8nera tous ensemble\u00a0\u00bb, ont-ils plaid\u00e9.<\/p>\n","protected":false},"excerpt":{"rendered":"D\u2019anciens otages appellent \u00e0 la fin de la guerre \u00e0 Gaza, devant le bureau de Benyamin N\u00e9tanyahou Des&hellip;\n","protected":false},"author":2,"featured_media":304218,"comment_status":"","ping_status":"","sticky":false,"template":"","format":"standard","meta":{"footnotes":""},"categories":[1888],"tags":[1111,1928,11,1927,1777,674,1011,27,12,1926,626,1925,25],"class_list":{"0":"post-304217","1":"post","2":"type-post","3":"status-publish","4":"format-standard","5":"has-post-thumbnail","7":"category-paris","8":"tag-actu","9":"tag-actu-paris","10":"tag-actualites","11":"tag-actualites-paris","12":"tag-eu","13":"tag-europe","14":"tag-fr","15":"tag-france","16":"tag-news","17":"tag-news-paris","18":"tag-paris","19":"tag-paris-news","20":"tag-republique-francaise"},"share_on_mastodon":{"url":"https:\/\/pubeurope.com\/@fr\/114991135737316665","error":""},"_links":{"self":[{"href":"https:\/\/www.europesays.com\/fr\/wp-json\/wp\/v2\/posts\/304217","targetHints":{"allow":["GET"]}}],"collection":[{"href":"https:\/\/www.europesays.com\/fr\/wp-json\/wp\/v2\/posts"}],"about":[{"href":"https:\/\/www.europesays.com\/fr\/wp-json\/wp\/v2\/types\/post"}],"author":[{"embeddable":true,"href":"https:\/\/www.europesays.com\/fr\/wp-json\/wp\/v2\/users\/2"}],"replies":[{"embeddable":true,"href":"https:\/\/www.europesays.com\/fr\/wp-json\/wp\/v2\/comments?post=304217"}],"version-history":[{"count":0,"href":"https:\/\/www.europesays.com\/fr\/wp-json\/wp\/v2\/posts\/304217\/revisions"}],"wp:featuredmedia":[{"embeddable":true,"href":"https:\/\/www.europesays.com\/fr\/wp-json\/wp\/v2\/media\/304218"}],"wp:attachment":[{"href":"https:\/\/www.europesays.com\/fr\/wp-json\/wp\/v2\/media?parent=304217"}],"wp:term":[{"taxonomy":"category","embeddable":true,"href":"https:\/\/www.europesays.com\/fr\/wp-json\/wp\/v2\/categories?post=304217"},{"taxonomy":"post_tag","embeddable":true,"href":"https:\/\/www.europesays.com\/fr\/wp-json\/wp\/v2\/tags?post=304217"}],"curies":[{"name":"wp","href":"https:\/\/api.w.org\/{rel}","templated":true}]}}