{"id":304219,"date":"2025-08-08T03:57:25","date_gmt":"2025-08-08T03:57:25","guid":{"rendered":"https:\/\/www.europesays.com\/fr\/304219\/"},"modified":"2025-08-08T03:57:25","modified_gmt":"2025-08-08T03:57:25","slug":"genocide-airline-free-palestine-peinture-rouge-et-tags-hostiles-sur-les-locaux-de-la-compagnie-israelienne-el-al-a-paris","status":"publish","type":"post","link":"https:\/\/www.europesays.com\/fr\/304219\/","title":{"rendered":"\u00ab\u00a0Genocide Airline\u00a0\u00bb, \u00ab\u00a0Free Palestine\u00a0\u00bb\u00a0: peinture rouge et tags hostiles sur les locaux de la compagnie isra\u00e9lienne El Al \u00e0 Paris"},"content":{"rendered":"<p>  \tDes tags hostiles \u00e0 Isra\u00ebl et de la peinture rouge ont recouvert l\u2019entr\u00e9e des bureaux de la compagnie a\u00e9rienne El Al \u00e0 Paris dans la nuit de mercredi \u00e0 jeudi.<\/p>\n<p>&#13;<br \/>\n&#13;<\/p>\n<p>L\u2019entr\u00e9e des locaux de la compagnie a\u00e9rienne isra\u00e9lienne El Al \u00e0 Paris a \u00e9t\u00e9 recouverte de peinture rouge et de tags hostiles dans la nuit de mercredi \u00e0 jeudi, Isra\u00ebl condamnant un \u00ab\u00a0acte barbare\u00a0\u00bb.<\/p>\n<p>Des journalistes de l\u2019AFP ont constat\u00e9 jeudi matin des inscriptions \u00ab\u00a0Palestine vivra, Palestine vaincra\u00a0\u00bb, \u00ab\u00a0Fuck zionism\u00a0\u00bb ou encore \u00ab\u00a0El Al Genocide Airline\u00a0\u00bb sur les murs entourant la porte d\u2019entr\u00e9e de l\u2019immeuble abritant les locaux de la compagnie, rue de Turbigo (IIIe arrondissement), dans le centre de la capitale.<\/p>\n<p>&#13;<br \/>\n&#13;<\/p>\n<p>&#13;<br \/>\n&#13;<\/p>\n<p>  <img decoding=\"async\" data-copyright=\"AFP\" class=\"r-img lazy\" data-  src=\"https:\/\/www.europesays.com\/fr\/wp-content\/uploads\/2025\/08\/46552921.jpeg\" typeof=\"foaf:Image\" alt=\"AFP_68Y843F\"\/>AFP<\/p>\n<p>La fa\u00e7ade et le sol avaient \u00e9t\u00e9 asperg\u00e9s de peinture rouge.<\/p>\n<p>Des inscriptions rouges en arabe ont \u00e9galement \u00e9t\u00e9 d\u00e9couvertes sur la fa\u00e7ade de la banque voisine de l\u2019immeuble, selon une source polici\u00e8re.<\/p>\n<p>  <img decoding=\"async\" data-copyright=\"AFP\" class=\"r-img lazy\" data-  src=\"https:\/\/www.europesays.com\/fr\/wp-content\/uploads\/2025\/08\/46552922.jpeg\" typeof=\"foaf:Image\" alt=\"AFP_68Y842P\"\/>AFP<\/p>\n<p>Le parquet de Paris a indiqu\u00e9 \u00e0 l\u2019AFP avoir ouvert une enqu\u00eate pour des faits de d\u00e9gradation ou de d\u00e9t\u00e9rioration du bien d\u2019autrui commis en r\u00e9union en raison de la race, de l\u2019ethnie, de la nation ou de la religion. Elle a \u00e9t\u00e9 confi\u00e9e au commissariat local.<\/p>\n<p>  <img decoding=\"async\" data-copyright=\"AFP\" class=\"r-img lazy\" data-  src=\"https:\/\/www.europesays.com\/fr\/wp-content\/uploads\/2025\/08\/46552926.jpeg\" typeof=\"foaf:Image\" alt=\"AFP_68Y8439\"\/>AFP<\/p>\n<p>La ministre isra\u00e9lienne des Transports, Miri Regev, a condamn\u00e9 sur X un \u00ab\u00a0acte barbare et violent contre El Al\u00a0\u00bb.<\/p>\n<p>  <img decoding=\"async\" data-copyright=\"AFP\" class=\"r-img lazy\" data-  src=\"https:\/\/www.europesays.com\/fr\/wp-content\/uploads\/2025\/08\/46552932.jpeg\" typeof=\"foaf:Image\" alt=\"AFP_68Y843G\"\/>AFP<\/p>\n<p>\u00ab\u00a0J\u2019attends des autorit\u00e9s fran\u00e7aises charg\u00e9es de l\u2019application de la loi qu\u2019elles localisent les criminels et prennent des mesures fortes \u00e0 leur encontre\u00a0\u00bb, a-t-elle ajout\u00e9.<\/p>\n<p>&#13;<br \/>\n&#13;<\/p>\n<p>&#13;<br \/>\n&#13;<\/p>\n<p>  <img decoding=\"async\" data-copyright=\"AFP\" class=\"r-img lazy\" data-  src=\"https:\/\/www.europesays.com\/fr\/wp-content\/uploads\/2025\/08\/46552935.jpeg\" typeof=\"foaf:Image\" alt=\"AFP_68Y843B\"\/>AFP<\/p>\n<p>\u00ab\u00a0Aujourd\u2019hui c\u2019est El Al, demain c\u2019est Air France. Lorsque le pr\u00e9sident fran\u00e7ais Macron annonce des cadeaux au Hamas, voici le r\u00e9sultat\u00a0\u00bb, a aussi \u00e9crit la ministre. Emmanuel Macron a annonc\u00e9 fin juillet que la France reconna\u00eetrait l\u2019Etat de Palestine en septembre \u00e0 l\u2019ONU.<\/p>\n<p>  <img decoding=\"async\" data-copyright=\"AFP\" class=\"r-img lazy\" data-  src=\"https:\/\/www.europesays.com\/fr\/wp-content\/uploads\/2025\/08\/46552937.jpeg\" typeof=\"foaf:Image\" alt=\"AFP_68Y843C\"\/>AFP<\/p>\n<p>L\u2019ambassadeur d\u2019Isra\u00ebl en France, Joshua Zarka, s\u2019est quant \u00e0 lui rendu devant la fa\u00e7ade d\u00e9grad\u00e9e en fin de matin\u00e9e.<\/p>\n<p>\u00ab\u00a0C\u2019est un acte de terrorisme parce que \u00e7a a pour but de terroriser, de terroriser les employ\u00e9s d\u2019El Al, de terroriser les citoyens isra\u00e9liens, de leur faire peur et d\u2019essayer de leur faire sentir qu\u2019ils ne sont pas les bienvenus, que ce soit en France ou en dehors de leur pays\u00a0\u00bb, a d\u00e9clar\u00e9 \u00e0 la presse le diplomate.<\/p>\n<p>Selon la compagnie, cit\u00e9e par la cha\u00eene de t\u00e9l\u00e9vision isra\u00e9lienne N12, \u00ab\u00a0l\u2019incident s\u2019est produit alors que le b\u00e2timent \u00e9tait vide et qu\u2019il n\u2019y avait aucun danger pour les employ\u00e9s de l\u2019entreprise\u00a0\u00bb.<\/p>\n<p>\u00ab\u00a0El Al arbore fi\u00e8rement le drapeau isra\u00e9lien sur la queue de ses avions et condamne toute forme de violence, en particulier celle fond\u00e9e sur l\u2019antis\u00e9mitisme\u00a0\u00bb, a ajout\u00e9 la compagnie nationale.<\/p>\n<p>Le ministre fran\u00e7ais des Transports, Philippe Tabarot, a lui condamn\u00e9 sur X des \u00ab\u00a0actes de vandalisme\u00a0\u00bb, soulignant que \u00ab\u00a0les actes de haine et d\u2019antis\u00e9mitisme n\u2019ont pas leur place dans notre R\u00e9publique\u00a0\u00bb.<\/p>\n<p>D\u00e9but juin, plusieurs lieux juifs \u00e0 Paris avaient \u00e9t\u00e9 asperg\u00e9s de peinture verte, et trois Serbes ont \u00e9t\u00e9 mis en examen et \u00e9crou\u00e9s, suspect\u00e9s par les enqu\u00eateurs d\u2019avoir agi dans le but de servir les int\u00e9r\u00eats d\u2019une puissance \u00e9trang\u00e8re, possiblement la Russie.<\/p>\n<p>Isra\u00ebl est en guerre dans la bande de Gaza contre le Hamas depuis l\u2019attaque sans pr\u00e9c\u00e9dent du mouvement islamiste palestinien sur son sol le 7 octobre 2023.<\/p>\n<p>Cette attaque a entra\u00een\u00e9 du c\u00f4t\u00e9 isra\u00e9lien la mort de 1.219 personnes, en majorit\u00e9 des civils, selon un d\u00e9compte de l\u2019AFP r\u00e9alis\u00e9 \u00e0 partir de donn\u00e9es officielles.<\/p>\n<p>L\u2019offensive isra\u00e9lienne men\u00e9e en repr\u00e9sailles a fait au moins 61.158 morts \u00e0 Gaza, en majorit\u00e9 des civils, selon les donn\u00e9es du minist\u00e8re de la Sant\u00e9 du Hamas, jug\u00e9es fiables par l\u2019ONU.<\/p>\n<p>&#13;<br \/>\n&#13;<\/p>\n<p>&#13;<br \/>\n&#13;<\/p>\n","protected":false},"excerpt":{"rendered":"Des tags hostiles \u00e0 Isra\u00ebl et de la peinture rouge ont recouvert l\u2019entr\u00e9e des bureaux de la compagnie&hellip;\n","protected":false},"author":2,"featured_media":304220,"comment_status":"","ping_status":"","sticky":false,"template":"","format":"standard","meta":{"footnotes":""},"categories":[1888],"tags":[29950,1111,1928,11,1927,1777,674,1011,27,12,1926,626,1925,25],"class_list":{"0":"post-304219","1":"post","2":"type-post","3":"status-publish","4":"format-standard","5":"has-post-thumbnail","7":"category-paris","8":"tag-nodefield_freetags","9":"tag-actu","10":"tag-actu-paris","11":"tag-actualites","12":"tag-actualites-paris","13":"tag-eu","14":"tag-europe","15":"tag-fr","16":"tag-france","17":"tag-news","18":"tag-news-paris","19":"tag-paris","20":"tag-paris-news","21":"tag-republique-francaise"},"share_on_mastodon":{"url":"https:\/\/pubeurope.com\/@fr\/114991139828136616","error":""},"_links":{"self":[{"href":"https:\/\/www.europesays.com\/fr\/wp-json\/wp\/v2\/posts\/304219","targetHints":{"allow":["GET"]}}],"collection":[{"href":"https:\/\/www.europesays.com\/fr\/wp-json\/wp\/v2\/posts"}],"about":[{"href":"https:\/\/www.europesays.com\/fr\/wp-json\/wp\/v2\/types\/post"}],"author":[{"embeddable":true,"href":"https:\/\/www.europesays.com\/fr\/wp-json\/wp\/v2\/users\/2"}],"replies":[{"embeddable":true,"href":"https:\/\/www.europesays.com\/fr\/wp-json\/wp\/v2\/comments?post=304219"}],"version-history":[{"count":0,"href":"https:\/\/www.europesays.com\/fr\/wp-json\/wp\/v2\/posts\/304219\/revisions"}],"wp:featuredmedia":[{"embeddable":true,"href":"https:\/\/www.europesays.com\/fr\/wp-json\/wp\/v2\/media\/304220"}],"wp:attachment":[{"href":"https:\/\/www.europesays.com\/fr\/wp-json\/wp\/v2\/media?parent=304219"}],"wp:term":[{"taxonomy":"category","embeddable":true,"href":"https:\/\/www.europesays.com\/fr\/wp-json\/wp\/v2\/categories?post=304219"},{"taxonomy":"post_tag","embeddable":true,"href":"https:\/\/www.europesays.com\/fr\/wp-json\/wp\/v2\/tags?post=304219"}],"curies":[{"name":"wp","href":"https:\/\/api.w.org\/{rel}","templated":true}]}}