{"id":304223,"date":"2025-08-08T03:59:23","date_gmt":"2025-08-08T03:59:23","guid":{"rendered":"https:\/\/www.europesays.com\/fr\/304223\/"},"modified":"2025-08-08T03:59:23","modified_gmt":"2025-08-08T03:59:23","slug":"le-conseil-constitutionnel-valide-le-nouveau-mode-de-scrutin-a-paris-lyon-et-marseille-6","status":"publish","type":"post","link":"https:\/\/www.europesays.com\/fr\/304223\/","title":{"rendered":"Le Conseil constitutionnel valide le nouveau mode de scrutin \u00e0 Paris, Lyon et Marseille"},"content":{"rendered":"<p>Le <a href=\"https:\/\/www.20minutes.fr\/dossier\/conseil_constitutionnel\" class=\"color-ultramarine c-link\" target=\"_blank\" rel=\"noopener\">Conseil constitutionnel<\/a> a valid\u00e9 jeudi un nouveau mode de <a href=\"https:\/\/www.20minutes.fr\/dossier\/scrutin\" class=\"color-ultramarine c-link\" target=\"_blank\" rel=\"noopener\">scrutin <\/a>pour les \u00e9lections <a href=\"https:\/\/www.20minutes.fr\/municipales\/\" class=\"color-ultramarine c-link\" target=\"_blank\" rel=\"noopener\">municipales<\/a> \u00e0 <a href=\"https:\/\/www.20minutes.fr\/paris\/\" class=\"color-ultramarine c-link\" target=\"_blank\" rel=\"noopener\">Paris<\/a>, Lyon et <a href=\"https:\/\/www.20minutes.fr\/marseille\/\" class=\"color-ultramarine c-link\" target=\"_blank\" rel=\"noopener\">Marseille<\/a>, dont les conseillers des mairies centrales seront d\u00e9sormais \u00e9lus directement, en plus des repr\u00e9sentants d\u2019arrondissements et de secteurs.<\/p>\n<\/p>\n<p>Les \u00ab\u00a0Sages\u00a0\u00bb ont relev\u00e9 que pour ces trois communes, les plus peupl\u00e9es de France, le l\u00e9gislateur \u00e9tait fond\u00e9 \u00e0 vouloir \u00ab\u00a0am\u00e9liorer la repr\u00e9sentation des diverses sensibilit\u00e9s politiques au sein (de leurs) assembl\u00e9es d\u00e9lib\u00e9rantes\u00a0\u00bb, \u00ab\u00a0conform\u00e9ment \u00e0 l\u2019objectif de valeur constitutionnelle de pluralisme des courants de pens\u00e9es et d\u2019opinions\u00a0\u00bb.<\/p>\n","protected":false},"excerpt":{"rendered":"Le Conseil constitutionnel a valid\u00e9 jeudi un nouveau mode de scrutin pour les \u00e9lections municipales \u00e0 Paris, Lyon&hellip;\n","protected":false},"author":2,"featured_media":304224,"comment_status":"","ping_status":"","sticky":false,"template":"","format":"standard","meta":{"footnotes":""},"categories":[1888],"tags":[11,2430,885,39211,2761,1777,674,1011,27,662,2428,884,12,883,626,316,882,25,2429,2431,5995],"class_list":{"0":"post-304223","1":"post","2":"type-post","3":"status-publish","4":"format-standard","5":"has-post-thumbnail","7":"category-paris","8":"tag-actualites","9":"tag-auvergne-rhone-alpes","10":"tag-bouches-du-rhone","11":"tag-conseil-constitutionnel","12":"tag-elections-municipales-2026","13":"tag-eu","14":"tag-europe","15":"tag-fr","16":"tag-france","17":"tag-ile-de-france","18":"tag-lyon","19":"tag-marseille","20":"tag-news","21":"tag-paca","22":"tag-paris","23":"tag-politique","24":"tag-provence-alpes-cote-dazur","25":"tag-republique-francaise","26":"tag-rhone","27":"tag-rhone-alpes","28":"tag-vote"},"share_on_mastodon":{"url":"https:\/\/pubeurope.com\/@fr\/114991147549836394","error":""},"_links":{"self":[{"href":"https:\/\/www.europesays.com\/fr\/wp-json\/wp\/v2\/posts\/304223","targetHints":{"allow":["GET"]}}],"collection":[{"href":"https:\/\/www.europesays.com\/fr\/wp-json\/wp\/v2\/posts"}],"about":[{"href":"https:\/\/www.europesays.com\/fr\/wp-json\/wp\/v2\/types\/post"}],"author":[{"embeddable":true,"href":"https:\/\/www.europesays.com\/fr\/wp-json\/wp\/v2\/users\/2"}],"replies":[{"embeddable":true,"href":"https:\/\/www.europesays.com\/fr\/wp-json\/wp\/v2\/comments?post=304223"}],"version-history":[{"count":0,"href":"https:\/\/www.europesays.com\/fr\/wp-json\/wp\/v2\/posts\/304223\/revisions"}],"wp:featuredmedia":[{"embeddable":true,"href":"https:\/\/www.europesays.com\/fr\/wp-json\/wp\/v2\/media\/304224"}],"wp:attachment":[{"href":"https:\/\/www.europesays.com\/fr\/wp-json\/wp\/v2\/media?parent=304223"}],"wp:term":[{"taxonomy":"category","embeddable":true,"href":"https:\/\/www.europesays.com\/fr\/wp-json\/wp\/v2\/categories?post=304223"},{"taxonomy":"post_tag","embeddable":true,"href":"https:\/\/www.europesays.com\/fr\/wp-json\/wp\/v2\/tags?post=304223"}],"curies":[{"name":"wp","href":"https:\/\/api.w.org\/{rel}","templated":true}]}}