{"id":304227,"date":"2025-08-08T04:01:16","date_gmt":"2025-08-08T04:01:16","guid":{"rendered":"https:\/\/www.europesays.com\/fr\/304227\/"},"modified":"2025-08-08T04:01:16","modified_gmt":"2025-08-08T04:01:16","slug":"le-nombre-de-cas-de-vih-explose-dans-larmee-russe-de-poutine-liberation","status":"publish","type":"post","link":"https:\/\/www.europesays.com\/fr\/304227\/","title":{"rendered":"Le nombre de cas de VIH explose dans l\u2019arm\u00e9e russe de Poutine \u2013 Lib\u00e9ration"},"content":{"rendered":"<p class=\"sc-ksZaOG ehjQrN text-element\">1 % de la population russe vit avec le VIH. Ce chiffre \u2013 qui correspondait \u00e0 environ 1,2 million de personnes en 2023 \u2013 s\u2019est aggrav\u00e9 avec la guerre en Ukraine, selon le rapport d\u00e9voil\u00e9 par <a href=\"https:\/\/carnegieendowment.org\/russia-eurasia\/politika\/2025\/07\/russia-war-hiv-epidemic?lang=en\" target=\"_blank\" rel=\"nofollow noopener\" title=\"https:\/\/carnegieendowment.org\/russia-eurasia\/politika\/2025\/07\/russia-war-hiv-epidemic?lang=en\">Carnegie Politika<\/a>, un institut de recherche sur la Russie et l\u2019Ukraine. Un an apr\u00e8s le d\u00e9but des hostilit\u00e9s, les soldats russes sont davantage expos\u00e9s \u00e0 la maladie et le taux de d\u00e9tection du VIH chez le personnel militaire a \u00e9t\u00e9 multipli\u00e9 par quarante.<\/p>\n<p class=\"sc-ksZaOG ehjQrN text-element\">Depuis 2022 et l\u2019invasion de grande ampleur en Ukraine, la Russie figure parmi les cinq premiers pays comptant le plus de nouveaux cas de VIH, avec 3,9 % des 1,5 million de <a href=\"https:\/\/www.liberation.fr\/international\/afrique\/si-on-supprime-les-traitements-de-millions-de-personnes-atteintes-du-sida-on-va-avoir-non-seulement-des-deces-mais-aussi-une-circulation-accrue-du-virus-20250411_FJ2VDYD5CJFCBFTPBCEIOLURDU\/?redirected=1\" target=\"_blank\" rel=\"nofollow noopener\" title=\"https:\/\/www.liberation.fr\/international\/afrique\/si-on-supprime-les-traitements-de-millions-de-personnes-atteintes-du-sida-on-va-avoir-non-seulement-des-deces-mais-aussi-une-circulation-accrue-du-virus-20250411_FJ2VDYD5CJFCBFTPBCEIOLURDU\/?redirected=1\">nouvelles infections recens\u00e9es dans le monde<\/a>. Certes loin derri\u00e8re l\u2019Afrique du Sud (15 %), mais se rapp<\/p>\n","protected":false},"excerpt":{"rendered":"1 % de la population russe vit avec le VIH. Ce chiffre \u2013 qui correspondait \u00e0 environ 1,2&hellip;\n","protected":false},"author":2,"featured_media":304228,"comment_status":"","ping_status":"","sticky":false,"template":"","format":"standard","meta":{"footnotes":""},"categories":[1590],"tags":[11,1777,674,12,132,220,297,10705],"class_list":{"0":"post-304227","1":"post","2":"type-post","3":"status-publish","4":"format-standard","5":"has-post-thumbnail","7":"category-ukraine","8":"tag-actualites","9":"tag-eu","10":"tag-europe","11":"tag-news","12":"tag-russie","13":"tag-ukraine","14":"tag-ukraine-la-crise","15":"tag-vih"},"share_on_mastodon":{"url":"https:\/\/pubeurope.com\/@fr\/114991155406425356","error":""},"_links":{"self":[{"href":"https:\/\/www.europesays.com\/fr\/wp-json\/wp\/v2\/posts\/304227","targetHints":{"allow":["GET"]}}],"collection":[{"href":"https:\/\/www.europesays.com\/fr\/wp-json\/wp\/v2\/posts"}],"about":[{"href":"https:\/\/www.europesays.com\/fr\/wp-json\/wp\/v2\/types\/post"}],"author":[{"embeddable":true,"href":"https:\/\/www.europesays.com\/fr\/wp-json\/wp\/v2\/users\/2"}],"replies":[{"embeddable":true,"href":"https:\/\/www.europesays.com\/fr\/wp-json\/wp\/v2\/comments?post=304227"}],"version-history":[{"count":0,"href":"https:\/\/www.europesays.com\/fr\/wp-json\/wp\/v2\/posts\/304227\/revisions"}],"wp:featuredmedia":[{"embeddable":true,"href":"https:\/\/www.europesays.com\/fr\/wp-json\/wp\/v2\/media\/304228"}],"wp:attachment":[{"href":"https:\/\/www.europesays.com\/fr\/wp-json\/wp\/v2\/media?parent=304227"}],"wp:term":[{"taxonomy":"category","embeddable":true,"href":"https:\/\/www.europesays.com\/fr\/wp-json\/wp\/v2\/categories?post=304227"},{"taxonomy":"post_tag","embeddable":true,"href":"https:\/\/www.europesays.com\/fr\/wp-json\/wp\/v2\/tags?post=304227"}],"curies":[{"name":"wp","href":"https:\/\/api.w.org\/{rel}","templated":true}]}}