{"id":304245,"date":"2025-08-08T04:11:15","date_gmt":"2025-08-08T04:11:15","guid":{"rendered":"https:\/\/www.europesays.com\/fr\/304245\/"},"modified":"2025-08-08T04:11:15","modified_gmt":"2025-08-08T04:11:15","slug":"les-reunionnaises-en-finale-du-tournoi-de-volley-ball-apres-leur-victoire-face-a-maurice-3-0","status":"publish","type":"post","link":"https:\/\/www.europesays.com\/fr\/304245\/","title":{"rendered":"les R\u00e9unionnaises en finale du tournoi de volley-ball apr\u00e8s leur victoire face \u00e0 Maurice (3-0)"},"content":{"rendered":"<p>Les Jeux des Jeunes de l\u2019oc\u00e9an Indien s\u2019ach\u00e8vent ce samedi aux Seychelles. Les R\u00e9unionnaises en finale du tournoi de volley-ball apr\u00e8s leur victoire face \u00e0 Maurice (3-0). Commentaires Jessy Ramboojun-Oogarah-Fayzal Bundhun.<\/p>\n<p>Les Jeux des Jeunes de l\u2019oc\u00e9an Indien s\u2019ach\u00e8vent ce samedi aux Seychelles. Les R\u00e9unionnaises en finale du tournoi de volley-ball apr\u00e8s leur victoire face \u00e0 Maurice (3-0). Commentaires Jessy Ramboojun-Oogarah-Fayzal Bundhun.\u00a0<\/p>\n<p><strong>Revivre cette rencontre au sommet avec la ligue R\u00e9unionnaise de volley-ball:\u00a0<\/strong><\/p><\/p>\n","protected":false},"excerpt":{"rendered":"Les Jeux des Jeunes de l\u2019oc\u00e9an Indien s\u2019ach\u00e8vent ce samedi aux Seychelles. Les R\u00e9unionnaises en finale du tournoi&hellip;\n","protected":false},"author":2,"featured_media":304246,"comment_status":"","ping_status":"","sticky":false,"template":"","format":"standard","meta":{"footnotes":""},"categories":[1417],"tags":[1011,27,60,1470,1469],"class_list":{"0":"post-304245","1":"post","2":"type-post","3":"status-publish","4":"format-standard","5":"has-post-thumbnail","7":"category-volley","8":"tag-fr","9":"tag-france","10":"tag-sports","11":"tag-volley","12":"tag-volleyball"},"share_on_mastodon":{"url":"https:\/\/pubeurope.com\/@fr\/114991194765077164","error":""},"_links":{"self":[{"href":"https:\/\/www.europesays.com\/fr\/wp-json\/wp\/v2\/posts\/304245","targetHints":{"allow":["GET"]}}],"collection":[{"href":"https:\/\/www.europesays.com\/fr\/wp-json\/wp\/v2\/posts"}],"about":[{"href":"https:\/\/www.europesays.com\/fr\/wp-json\/wp\/v2\/types\/post"}],"author":[{"embeddable":true,"href":"https:\/\/www.europesays.com\/fr\/wp-json\/wp\/v2\/users\/2"}],"replies":[{"embeddable":true,"href":"https:\/\/www.europesays.com\/fr\/wp-json\/wp\/v2\/comments?post=304245"}],"version-history":[{"count":0,"href":"https:\/\/www.europesays.com\/fr\/wp-json\/wp\/v2\/posts\/304245\/revisions"}],"wp:featuredmedia":[{"embeddable":true,"href":"https:\/\/www.europesays.com\/fr\/wp-json\/wp\/v2\/media\/304246"}],"wp:attachment":[{"href":"https:\/\/www.europesays.com\/fr\/wp-json\/wp\/v2\/media?parent=304245"}],"wp:term":[{"taxonomy":"category","embeddable":true,"href":"https:\/\/www.europesays.com\/fr\/wp-json\/wp\/v2\/categories?post=304245"},{"taxonomy":"post_tag","embeddable":true,"href":"https:\/\/www.europesays.com\/fr\/wp-json\/wp\/v2\/tags?post=304245"}],"curies":[{"name":"wp","href":"https:\/\/api.w.org\/{rel}","templated":true}]}}