{"id":304247,"date":"2025-08-08T04:12:14","date_gmt":"2025-08-08T04:12:14","guid":{"rendered":"https:\/\/www.europesays.com\/fr\/304247\/"},"modified":"2025-08-08T04:12:14","modified_gmt":"2025-08-08T04:12:14","slug":"rugby-reprise-a-lubb-premiers-matchs-amicaux-a-venir-en-pro-d2-voici-le-programme","status":"publish","type":"post","link":"https:\/\/www.europesays.com\/fr\/304247\/","title":{"rendered":"Rugby. Reprise \u00e0 l&rsquo;UBB, premiers matchs amicaux \u00e0 venir en Pro D2, voici le programme"},"content":{"rendered":"<p>            Par<br \/>\n        <strong><br \/>\n            <a href=\"https:\/\/actu.fr\/auteur\/remy-messegue\" title=\"Consulter tous les articles de R\u00e9my Mess\u00e9gu\u00e9\" target=\"_blank\" rel=\"noopener\">R\u00e9my Mess\u00e9gu\u00e9<\/a><br \/>\n        <\/strong><\/p>\n<p>        Publi\u00e9 le<\/p>\n<p>            7 ao\u00fbt 2025 \u00e0 10h09        <\/p>\n<p>Et oui, c\u2019est (bient\u00f4t) la reprise. Apr\u00e8s avoir rejoint les terrains un peu plus t\u00f4t dans l\u2019\u00e9t\u00e9, les clubs de Top 14 et Pro D2 commencent \u00e0 renfiler le bleu de chauffe \u00e0 l\u2019approche de cette saison 2025-2026. Et pour cela, intersaison oblige, des matchs amicaux sont au programme d\u00e8s ce week-end.<\/p>\n<p>De belles affiches en perspective<\/p>\n<p class=\" wall-content\">Apr\u00e8s la victoire la semaine pass\u00e9e d\u2019Aurillac face \u00e0 Narbonne (57-12) pour la derni\u00e8re d<a href=\"https:\/\/actu.fr\/ile-de-france\/nanterre_92050\/top-14-5-choses-a-savoir-sur-l-ouvreur-ugo-seunes-qui-succede-a-owen-farrell-au-racing-92_62983982.html\" target=\"_blank\" rel=\"noopener\">\u2018Ugo Seunes<\/a> \u00e0 Jean Alric, l\u2019agenda se densifie cette fois avec 4 rencontres au programme entre \u00e9quipes de Pro D2 et de Nationale.\u00a0<\/p>\n<p class=\" wall-content\">Pour rappel, il faudra \u00eatre pr\u00eat le 22 ao\u00fbt pour la reprise du championnat donc les clubs de Pro D2 se lancent dans les rencontres amicales de pr\u00e9saison.\u00a0<\/p>\n<p class=\" wall-content\">Au programme, trois matches ce <strong>vendredi 8 ao\u00fbt<\/strong>. <strong>Agen affrontera Colomiers \u00e0 Casteljaloux (Lot-et-Garonne)<\/strong>. Une rencontre qui pourrait d\u00e9j\u00e0 donner une id\u00e9e sur le jeu pratiqu\u00e9 par les Colum\u00e9rins apr\u00e8s leur fin de saison \u00e9norme conclue par un barrage \u00e0 domicile sous la houlette d\u2019un nouveau staff et avec quelques recrues comme notamment <a href=\"https:\/\/actu.fr\/sports\/rugby\/pro\/pro-d2-avec-colomiers-le-demi-de-melee-jules-danglot-veut-retrouver-du-plaisir-a-jouer_63005338.html\" target=\"_blank\" rel=\"noopener\">Jules Danglot<\/a>. C\u00f4t\u00e9 agenais, les hommes de Mauricio Reggiardo, nouveau manager, en remplacement de S\u00e9bastien Calvet, voudront prouver que le club peut encore viser le haut du panier cette saison.\u00a0<\/p>\n<p class=\" wall-content\">\u00c0 <strong>Sermoise-sur-Loire (Ni\u00e8vre), Nevers affrontera Aurillac<\/strong>. Les Aurillacois, apr\u00e8s \u00eatre pass\u00e9s pas loin du couperet la saison pass\u00e9e en se sauvant lors du barrage face \u00e0 Chamb\u00e9ry ont entam\u00e9 leur campagne de matchs amicaux avec une grosse victoire face \u00e0 Narbonne, l\u2019occasion d\u2019encha\u00eener. C\u00f4t\u00e9 Nevers, apr\u00e8s une saison termin\u00e9e en de\u00e7\u00e0 des pr\u00e9c\u00e9dentes et avec le d\u00e9part de l\u2019embl\u00e9matique Xavier P\u00e9m\u00e9ja, les joueurs voudront prouver au nouveau manager Coenie Basson, de quoi ils sont capables.\u00a0<\/p>\n<p class=\" wall-content\">Enfin, troisi\u00e8me et derni\u00e8re rencontre de ce week-end avec l\u2019affrontement entre <strong>Soyaux-Angoul\u00eame et Nice \u00e0 Saint-Lary (Hautes-Pyr\u00e9n\u00e9es)<\/strong>. Les Charentais chercheront \u00e0 renouveler l\u2019exp\u00e9rience de la phase finale cette saison dans la continuit\u00e9 de la pr\u00e9c\u00e9dente. Pour cela ils commenceront face \u00e0 Nice, tout fra\u00eechement rel\u00e9gu\u00e9 en Nationale mais qui cherchera \u00e0 remonter rapidement.\u00a0<\/p>\n<p>Une rencontre mardi, l\u2019UBB a repris<\/p>\n<p class=\" wall-content\">Pour terminer, il y aura une rencontre <strong>mardi 12 ao\u00fbt<\/strong> pour un derby entre <strong>B\u00e9ziers et Narbonne \u00e0 B\u00e9ziers<\/strong>. L\u2019occasion pour les Narbonnais de s\u2019\u00e9talonner une nouvelle fois face \u00e0 son voisin apr\u00e8s la premi\u00e8re rencontre \u00e0 Aurillac qui a donn\u00e9 quelques informations. Les Biterrois de leur c\u00f4t\u00e9 voudront, cette fois, atteindre le Top 6 en fin de saison.\u00a0<\/p>\n<p class=\" wall-content\">En Top 14, les premiers matchs amicaux commenceront la semaine prochaine, en attendant, les joueurs de l\u2019UBB sont revenus \u00e0 l\u2019entra\u00eenement cette semaine comme vous pouvez le voir sur cette vid\u00e9o.<\/p>\n<p class=\" wall-content\">\n<p class=\" wall-content\">Suivez toute l\u2019actualit\u00e9 de vos villes et m\u00e9dias favoris en vous inscrivant \u00e0 <a href=\"https:\/\/moncompte.actu.fr\" title=\"D\u00e9couvez Mon Actu\" rel=\"nofollow noopener\" data-trk=\"{&quot;cta&quot;:{&quot;action&quot;:&quot;https:\\\/\\\/moncompte.actu.fr&quot;,&quot;category&quot;:&quot;mon compte&quot;,&quot;from&quot;:&quot;article footer&quot;,&quot;name&quot;:&quot;Mon actu&quot;,&quot;type&quot;:&quot;cta&quot;}}\" target=\"_blank\">Mon Actu<\/a>.<\/p>\n","protected":false},"excerpt":{"rendered":"Par R\u00e9my Mess\u00e9gu\u00e9 Publi\u00e9 le 7 ao\u00fbt 2025 \u00e0 10h09 Et oui, c\u2019est (bient\u00f4t) la reprise. Apr\u00e8s avoir&hellip;\n","protected":false},"author":2,"featured_media":304248,"comment_status":"","ping_status":"","sticky":false,"template":"","format":"standard","meta":{"footnotes":""},"categories":[1416],"tags":[1011,27,4361,3788,2308,479,1468,60],"class_list":{"0":"post-304247","1":"post","2":"type-post","3":"status-publish","4":"format-standard","5":"has-post-thumbnail","7":"category-rugby","8":"tag-fr","9":"tag-france","10":"tag-nationale","11":"tag-pro","12":"tag-pro-d2","13":"tag-rugby","14":"tag-rugby-football","15":"tag-sports"},"share_on_mastodon":{"url":"https:\/\/pubeurope.com\/@fr\/114991198653556744","error":""},"_links":{"self":[{"href":"https:\/\/www.europesays.com\/fr\/wp-json\/wp\/v2\/posts\/304247","targetHints":{"allow":["GET"]}}],"collection":[{"href":"https:\/\/www.europesays.com\/fr\/wp-json\/wp\/v2\/posts"}],"about":[{"href":"https:\/\/www.europesays.com\/fr\/wp-json\/wp\/v2\/types\/post"}],"author":[{"embeddable":true,"href":"https:\/\/www.europesays.com\/fr\/wp-json\/wp\/v2\/users\/2"}],"replies":[{"embeddable":true,"href":"https:\/\/www.europesays.com\/fr\/wp-json\/wp\/v2\/comments?post=304247"}],"version-history":[{"count":0,"href":"https:\/\/www.europesays.com\/fr\/wp-json\/wp\/v2\/posts\/304247\/revisions"}],"wp:featuredmedia":[{"embeddable":true,"href":"https:\/\/www.europesays.com\/fr\/wp-json\/wp\/v2\/media\/304248"}],"wp:attachment":[{"href":"https:\/\/www.europesays.com\/fr\/wp-json\/wp\/v2\/media?parent=304247"}],"wp:term":[{"taxonomy":"category","embeddable":true,"href":"https:\/\/www.europesays.com\/fr\/wp-json\/wp\/v2\/categories?post=304247"},{"taxonomy":"post_tag","embeddable":true,"href":"https:\/\/www.europesays.com\/fr\/wp-json\/wp\/v2\/tags?post=304247"}],"curies":[{"name":"wp","href":"https:\/\/api.w.org\/{rel}","templated":true}]}}