{"id":30425,"date":"2025-04-17T01:09:14","date_gmt":"2025-04-17T01:09:14","guid":{"rendered":"https:\/\/www.europesays.com\/fr\/30425\/"},"modified":"2025-04-17T01:09:14","modified_gmt":"2025-04-17T01:09:14","slug":"a-la-galerie-vallois-a-paris-lartiste-tchadien-doff-presente-une-monographie-au-message-sous-jacent","status":"publish","type":"post","link":"https:\/\/www.europesays.com\/fr\/30425\/","title":{"rendered":"\u00c0 la Galerie Vallois \u00e0 Paris, l&rsquo;artiste tchadien Doff pr\u00e9sente une monographie au message sous-jacent"},"content":{"rendered":"<p class=\"t-content__chapo\">\n                                                L&rsquo;invit\u00e9 culture est l&rsquo;artiste tchadien Doff, qui pr\u00e9sente \u00e0 Paris sa premi\u00e8re exposition monographique \u00e0 la Galerie Vallois. Depuis son atelier \u00e0 Ndjamena, Doff construit une \u0153uvre dont la violence est le sous-texte, \u00e0 l&rsquo;image de son pays qui, depuis son ind\u00e9pendance en 1960, a connu deux coups d&rsquo;\u00c9tat et trois guerres civiles.                    <\/p>\n<p>        <img decoding=\"async\" fetchpriority=\"low\" src=\"https:\/\/www.europesays.com\/fr\/wp-content\/uploads\/2025\/04\/IMG_7898-1.jpg\" alt=\"L'artiste Tchadien DOFF \u00e0 la Galerie Vallois \u00e0 Paris.\"   width=\"980\" height=\"551\" loading=\"eager\" class=\"m-figure__img lazy\"\/><\/p>\n<p>                L&rsquo;artiste Tchadien DOFF \u00e0 la Galerie Vallois \u00e0 Paris.                \u00a9 Isabelle Chenu            <\/p>\n<p class=\"a-read-more\">\u00c0 lire aussi<a href=\"https:\/\/www.rfi.fr\/fr\/podcasts\/invit\u00e9-culture\/20220926-doff-plasticien-tchadien-\u00e0-la-galerie-art-z-\u00e0-paris\" target=\"_self\" class=\"a-read-more__link\" rel=\"noopener\">Doff, plasticien tchadien \u00e0 la galerie Art-Z \u00e0 Paris<\/a><\/p>\n<p class=\"a-read-more\">\u00a0<\/p>\n","protected":false},"excerpt":{"rendered":"L&rsquo;invit\u00e9 culture est l&rsquo;artiste tchadien Doff, qui pr\u00e9sente \u00e0 Paris sa premi\u00e8re exposition monographique \u00e0 la Galerie Vallois.&hellip;\n","protected":false},"author":2,"featured_media":30426,"comment_status":"","ping_status":"","sticky":false,"template":"","format":"standard","meta":{"footnotes":""},"categories":[1888],"tags":[11,1348,251,1777,674,1011,27,10490,12,626,25,10491],"class_list":{"0":"post-30425","1":"post","2":"type-post","3":"status-publish","4":"format-standard","5":"has-post-thumbnail","7":"category-paris","8":"tag-actualites","9":"tag-arts","10":"tag-culture","11":"tag-eu","12":"tag-europe","13":"tag-fr","14":"tag-france","15":"tag-invite-culture","16":"tag-news","17":"tag-paris","18":"tag-republique-francaise","19":"tag-tchad"},"share_on_mastodon":{"url":"https:\/\/pubeurope.com\/@fr\/114350638154520819","error":""},"_links":{"self":[{"href":"https:\/\/www.europesays.com\/fr\/wp-json\/wp\/v2\/posts\/30425","targetHints":{"allow":["GET"]}}],"collection":[{"href":"https:\/\/www.europesays.com\/fr\/wp-json\/wp\/v2\/posts"}],"about":[{"href":"https:\/\/www.europesays.com\/fr\/wp-json\/wp\/v2\/types\/post"}],"author":[{"embeddable":true,"href":"https:\/\/www.europesays.com\/fr\/wp-json\/wp\/v2\/users\/2"}],"replies":[{"embeddable":true,"href":"https:\/\/www.europesays.com\/fr\/wp-json\/wp\/v2\/comments?post=30425"}],"version-history":[{"count":0,"href":"https:\/\/www.europesays.com\/fr\/wp-json\/wp\/v2\/posts\/30425\/revisions"}],"wp:featuredmedia":[{"embeddable":true,"href":"https:\/\/www.europesays.com\/fr\/wp-json\/wp\/v2\/media\/30426"}],"wp:attachment":[{"href":"https:\/\/www.europesays.com\/fr\/wp-json\/wp\/v2\/media?parent=30425"}],"wp:term":[{"taxonomy":"category","embeddable":true,"href":"https:\/\/www.europesays.com\/fr\/wp-json\/wp\/v2\/categories?post=30425"},{"taxonomy":"post_tag","embeddable":true,"href":"https:\/\/www.europesays.com\/fr\/wp-json\/wp\/v2\/tags?post=30425"}],"curies":[{"name":"wp","href":"https:\/\/api.w.org\/{rel}","templated":true}]}}