{"id":304260,"date":"2025-08-08T04:21:14","date_gmt":"2025-08-08T04:21:14","guid":{"rendered":"https:\/\/www.europesays.com\/fr\/304260\/"},"modified":"2025-08-08T04:21:14","modified_gmt":"2025-08-08T04:21:14","slug":"joy-kirtz-se-raconte-dans-un-premier-roman-autoedite","status":"publish","type":"post","link":"https:\/\/www.europesays.com\/fr\/304260\/","title":{"rendered":"Joy Kirtz se raconte dans un premier roman auto\u00e9dit\u00e9"},"content":{"rendered":"<p>Joy Kirtz, Clarensacoise de 39 ans, vient d\u2019auto\u00e9diter son premier livre Le pouvoir de ton histoire. \u00ab\u00a0J\u2019avais besoin d\u2019\u00e9crire sur mon enfance, une grande blessure \u00e0 raconter. Tout part de l\u00e0\u00a0\u00bb, explique-t-elle.<\/p>\n<p>Avec des mots simples, Joy d\u00e9crit ses maux d\u2019enfance : \u00ab\u00a0Une maman malade et alcoolique, mon papa fuit tout, du jour au lendemain avec pour seul bagage, une petite fille de 4 ans. Mais comment se construire apr\u00e8s \u00e7a ? Je vis encore aujourd\u2019hui avec ce sentiment d\u2019abandon.\u00a0\u00bb<\/p>\n<p>Elle devient plus tard convoyeuse de fonds, un m\u00e9tier qu\u2019elle a exerc\u00e9 avec passion pendant quinze ann\u00e9es.<\/p>\n<p>Puis, une trag\u00e9die se produit au sein de l\u2019entreprise. C\u2019est la d\u00e9pression.<\/p>\n<p>Elle d\u00e9cide de tout quitter du jour au lendemain, pensant s\u2019\u00e9panouir \u00e0 nouveau. \u00c9norme \u00e9chec. Il a fallu tout reconstruire.<\/p>\n<p>Alors, elle monte une agence pour \u00ab\u00a0aider les autres \u00e0 se d\u00e9marquer, avec leurs propres histoires \u00e0 raconter\u00a0\u00bb.<\/p>\n<p>Mais \u00e0 mettre en lumi\u00e8re les autres, Joy a eu envie de parler \u00e0 son tour de son parcours.<\/p>\n<p><b>\u00ab\u00a0J\u2019ai plein d\u2019histoires \u00e0 raconter\u00a0\u00bb<\/b><\/p>\n<p>\u00ab\u00a0Cela a \u00e9t\u00e9 mon moteur, une envie de cr\u00e9er, une sorte de th\u00e9rapie et un r\u00e9el apprentissage : assumer son pass\u00e9 pour mieux ma\u00eetriser son pr\u00e9sent et son avenir.\u00a0\u00bb<\/p>\n<p>Elle rencontre celui qui lui donnera deux gar\u00e7ons. <\/p>\n<p>\u00ab\u00a0Pourtant, avec une endom\u00e9triose, avoir un b\u00e9b\u00e9 a \u00e9t\u00e9 un parcours du combattant. Ils sont des b\u00e9b\u00e9s miracles,\u00a0\u00bb d\u00e9clare-t-elle. Tout ce parcours de vie, Joy a voulu le raconter et le partager dans son livre, donnant ainsi les cl\u00e9s de la r\u00e9silience \u00e0 son lectorat. <\/p>\n<p>\u00ab\u00a0J\u2019ai d\u00e9pos\u00e9 des exemplaires au magasin Utile de mon village, et l\u2019ouvrage est trouvable en ligne.\u00a0\u00bb<\/p>\n<p>Mais le pouvoir des mots lui a donn\u00e9 l\u2019envie d\u2019aller plus loin. \u00ab\u00a0Dans ma t\u00eate, j\u2019ai plein d\u2019histoires \u00e0 raconter et de livres \u00e0 \u00e9crire : pourquoi pas sur mon enfance \u00e0 travers les yeux de ma m\u00e8re ?\u00a0\u00bb<\/p>\n<p>Pour ceux qui souhaitent la d\u00e9couvrir et peut-\u00eatre mieux se comprendre \u00e0 travers ses le\u00e7ons de vie, Joy Kirtz est joignable au 07 88 32 79 69.<\/p>\n<p>Correspondant Midi Libre : 06 48 60 39 45<\/p>\n","protected":false},"excerpt":{"rendered":"Joy Kirtz, Clarensacoise de 39 ans, vient d\u2019auto\u00e9diter son premier livre Le pouvoir de ton histoire. \u00ab\u00a0J\u2019avais besoin&hellip;\n","protected":false},"author":2,"featured_media":304261,"comment_status":"","ping_status":"","sticky":false,"template":"","format":"standard","meta":{"footnotes":""},"categories":[1357],"tags":[1379,58,59,1011,27,1380],"class_list":{"0":"post-304260","1":"post","2":"type-post","3":"status-publish","4":"format-standard","5":"has-post-thumbnail","7":"category-livres","8":"tag-books","9":"tag-divertissement","10":"tag-entertainment","11":"tag-fr","12":"tag-france","13":"tag-livres"},"share_on_mastodon":{"url":"https:\/\/pubeurope.com\/@fr\/114991234039535686","error":""},"_links":{"self":[{"href":"https:\/\/www.europesays.com\/fr\/wp-json\/wp\/v2\/posts\/304260","targetHints":{"allow":["GET"]}}],"collection":[{"href":"https:\/\/www.europesays.com\/fr\/wp-json\/wp\/v2\/posts"}],"about":[{"href":"https:\/\/www.europesays.com\/fr\/wp-json\/wp\/v2\/types\/post"}],"author":[{"embeddable":true,"href":"https:\/\/www.europesays.com\/fr\/wp-json\/wp\/v2\/users\/2"}],"replies":[{"embeddable":true,"href":"https:\/\/www.europesays.com\/fr\/wp-json\/wp\/v2\/comments?post=304260"}],"version-history":[{"count":0,"href":"https:\/\/www.europesays.com\/fr\/wp-json\/wp\/v2\/posts\/304260\/revisions"}],"wp:featuredmedia":[{"embeddable":true,"href":"https:\/\/www.europesays.com\/fr\/wp-json\/wp\/v2\/media\/304261"}],"wp:attachment":[{"href":"https:\/\/www.europesays.com\/fr\/wp-json\/wp\/v2\/media?parent=304260"}],"wp:term":[{"taxonomy":"category","embeddable":true,"href":"https:\/\/www.europesays.com\/fr\/wp-json\/wp\/v2\/categories?post=304260"},{"taxonomy":"post_tag","embeddable":true,"href":"https:\/\/www.europesays.com\/fr\/wp-json\/wp\/v2\/tags?post=304260"}],"curies":[{"name":"wp","href":"https:\/\/api.w.org\/{rel}","templated":true}]}}