{"id":304264,"date":"2025-08-08T04:23:15","date_gmt":"2025-08-08T04:23:15","guid":{"rendered":"https:\/\/www.europesays.com\/fr\/304264\/"},"modified":"2025-08-08T04:23:15","modified_gmt":"2025-08-08T04:23:15","slug":"ozzy-osbourne-la-cause-de-sa-mort-revelee","status":"publish","type":"post","link":"https:\/\/www.europesays.com\/fr\/304264\/","title":{"rendered":"Ozzy Osbourne : la cause de sa mort r\u00e9v\u00e9l\u00e9e"},"content":{"rendered":"<p>Le guitariste de Phish a rejoint Dead and Company pour la derni\u00e8re soir\u00e9e de la c\u00e9l\u00e9bration des 60 ans de Grateful Dead.<\/p>\n<p>Dimanche, Dead and Company a cl\u00f4tur\u00e9 au Golden Gate Park de San Francisco <a href=\"https:\/\/www.rollingstone.fr\/dead-and-company-fete-les-60-ans-de-grateful-dead\/\" rel=\"nofollow noopener\" target=\"_blank\">les trois jours de c\u00e9l\u00e9bration<\/a> du 60e anniversaire de Grateful Dead avec un set \u00e9pique comprenant \u00ab Shakedown Street \u00bb, \u00ab Sugar Magnolia \u00bb, \u00ab Cumberland Blues \u00bb et \u00ab Standing on the Moon \u00bb.<\/p>\n<p>Le Trey Anastasio Band a assur\u00e9 la premi\u00e8re partie, et le leader de Phish est venu rejoindre Dead and Company au d\u00e9but de leur concert pour interpr\u00e9ter \u00ab Scarlet Begonias \u00bb et \u00ab Fire on the Mountain \u00bb. Ce fut un moment de pur bonheur pour les amateurs de jam band, les deux morceaux s\u2019\u00e9tirant sur environ 15 minutes chacun.<\/p>\n<\/p>\n<p>Anastasio est un fan inconditionnel de Grateful Dead depuis toujours. \u00ab De temps en temps, un musicien am\u00e9ricain titanesque surgit de nulle part, expliquait-il \u00e0 <a href=\"https:\/\/www.rollingstone.com\/music\/music-features\/trey-anastasio-phish-jerry-garcia-new-album-drugs-1235053957\/\" rel=\"nofollow noopener\" target=\"_blank\">Rolling Stone<\/a> en juillet 2024. Que ce soit Louis Armstrong ou James Brown. Je veux dire, James Brown avait aussi un excellent groupe. Et Jerry avait un excellent groupe. Nous avons eu la chance de pouvoir d\u00e9couvrir ce g\u00e9nie de la musique am\u00e9ricaine qu\u2019\u00e9tait Jerry. Nous pouvons d\u00e9sormais chanter ses chansons. Tout le monde peut chanter ses chansons. \u00bb<\/p>\n<p>Lorsque les Dead se sont reform\u00e9s en 2015 pour c\u00e9l\u00e9brer leur 50e anniversaire lors d\u2019une s\u00e9rie de concerts, ils ont recrut\u00e9 Anastasio comme chanteur. \u00ab \u00c0 mon avis, Jerry \u00e9tait l\u2019un des plus grands chanteurs am\u00e9ricains, assurait-il \u00e0 David Fricke de<a href=\"https:\/\/www.rollingstone.com\/music\/music-features\/trey-anastasio-phish-jerry-garcia-new-album-drugs-1235053957\/\" rel=\"nofollow noopener\" target=\"_blank\"> Rolling Stone<\/a> cette ann\u00e9e-l\u00e0. Ces configurations post-Jerry [des Dead]\u2026 \u00e7a a toujours \u00e9t\u00e9 le probl\u00e8me. Je ne pense pas que quiconque puisse remplacer la voix de Jerry. Ce que je pense, c\u2019est que j\u2019adore la voix de Jerry et j\u2019adore ces chansons. Je suis heureux de chanter avec joie tout ce qui se pr\u00e9sente \u00e0 moi. Mais de mon point de vue, <\/p>\n<p>tout le monde chante, y compris le public. Ils chanteront. Nous chanterons. Tout le monde conna\u00eet les paroles. Les gens ont une relation de longue date avec ces chansons. Quand je dis que je rends service, c\u2019est aux chansons, aux souvenirs, \u00e0 la communaut\u00e9. \u00bb<\/p>\n<\/p>\n<p>Quelques mois seulement apr\u00e8s les concerts du 50e anniversaire, Bob Weir, Micky Hart et Bill Kreutzmann ont form\u00e9 Dead and Company avec John Mayer. Ils ont organis\u00e9 une tourn\u00e9e d\u2019adieu \u00e0 l\u2019\u00e9t\u00e9 2023, mais se sont retrouv\u00e9s l\u2019ann\u00e9e derni\u00e8re pour une r\u00e9sidence \u00e0 la Sph\u00e8re, puis pour une deuxi\u00e8me en d\u00e9but d\u2019ann\u00e9e.<\/p>\n<p>Pour les 60 ans de Grateful Dead, des discussions avaient \u00e9t\u00e9 entam\u00e9es avec Phil Lesh, mais le bassiste est mort en octobre 2024. Les concerts ont finalement eu lieu avec la formation actuelle de Dead and Company, bien que le fils de Lesh, Grahame Lesh, se soit joint \u00e0 eux \u00e0 plusieurs reprises au cours des trois soir\u00e9es pour repr\u00e9senter son p\u00e8re. Bill Kreutzmann, qui a connu des probl\u00e8mes de sant\u00e9 ces derni\u00e8res ann\u00e9es et a quitt\u00e9 Dead and Company en 2023, n\u2019\u00e9tait pas pr\u00e9sent.<\/p>\n<\/p>\n<p>\u00a0<\/p>\n<p>Dead and Company n\u2019a plus de concerts de pr\u00e9vus, mais Bob Weir est convaincu que la musique de Grateful Dead continuera m\u00eame apr\u00e8s son d\u00e9part. \u00ab Je n\u2019ai aucun doute \u00e0 ce sujet, a-t-il assur\u00e9 \u00e0 Rolling Stone en mars. Ce que j\u2019essaie de faire, c\u2019est de mener mon projet de concerto \u00e0 un stade o\u00f9 il sera autonome, puis je voudrais probablement que d\u2019autres personnes prennent le relais quand je ne serai plus l\u00e0, et Wolf Bros. est un cas \u00e0 part. Tout est con\u00e7u pour que n\u2019importe qui puisse prendre le relais. \u00bb<\/p>\n<p>\u00a0<\/p>\n<p>Andy Greene<\/p>\n<p>Traduit par la r\u00e9daction<\/p>\n","protected":false},"excerpt":{"rendered":"Le guitariste de Phish a rejoint Dead and Company pour la derni\u00e8re soir\u00e9e de la c\u00e9l\u00e9bration des 60&hellip;\n","protected":false},"author":2,"featured_media":304265,"comment_status":"","ping_status":"","sticky":false,"template":"","format":"standard","meta":{"footnotes":""},"categories":[1355],"tags":[58,59,1011,27,1361,873],"class_list":{"0":"post-304264","1":"post","2":"type-post","3":"status-publish","4":"format-standard","5":"has-post-thumbnail","7":"category-musique","8":"tag-divertissement","9":"tag-entertainment","10":"tag-fr","11":"tag-france","12":"tag-music","13":"tag-musique"},"share_on_mastodon":{"url":"https:\/\/pubeurope.com\/@fr\/114991241874449133","error":""},"_links":{"self":[{"href":"https:\/\/www.europesays.com\/fr\/wp-json\/wp\/v2\/posts\/304264","targetHints":{"allow":["GET"]}}],"collection":[{"href":"https:\/\/www.europesays.com\/fr\/wp-json\/wp\/v2\/posts"}],"about":[{"href":"https:\/\/www.europesays.com\/fr\/wp-json\/wp\/v2\/types\/post"}],"author":[{"embeddable":true,"href":"https:\/\/www.europesays.com\/fr\/wp-json\/wp\/v2\/users\/2"}],"replies":[{"embeddable":true,"href":"https:\/\/www.europesays.com\/fr\/wp-json\/wp\/v2\/comments?post=304264"}],"version-history":[{"count":0,"href":"https:\/\/www.europesays.com\/fr\/wp-json\/wp\/v2\/posts\/304264\/revisions"}],"wp:featuredmedia":[{"embeddable":true,"href":"https:\/\/www.europesays.com\/fr\/wp-json\/wp\/v2\/media\/304265"}],"wp:attachment":[{"href":"https:\/\/www.europesays.com\/fr\/wp-json\/wp\/v2\/media?parent=304264"}],"wp:term":[{"taxonomy":"category","embeddable":true,"href":"https:\/\/www.europesays.com\/fr\/wp-json\/wp\/v2\/categories?post=304264"},{"taxonomy":"post_tag","embeddable":true,"href":"https:\/\/www.europesays.com\/fr\/wp-json\/wp\/v2\/tags?post=304264"}],"curies":[{"name":"wp","href":"https:\/\/api.w.org\/{rel}","templated":true}]}}