{"id":304266,"date":"2025-08-08T04:24:29","date_gmt":"2025-08-08T04:24:29","guid":{"rendered":"https:\/\/www.europesays.com\/fr\/304266\/"},"modified":"2025-08-08T04:24:29","modified_gmt":"2025-08-08T04:24:29","slug":"across-the-spider-verse-en-preparation","status":"publish","type":"post","link":"https:\/\/www.europesays.com\/fr\/304266\/","title":{"rendered":"Across the Spider-Verse\u00a0\u00bb en pr\u00e9paration"},"content":{"rendered":"<p>Ce long-m\u00e9trage anim\u00e9 sera centr\u00e9 sur le personnage de Spider-Punk, alter \u00e9go punk-rock de Spider-Man, introduit au cin\u00e9ma dans Spider-Man: Across the Spider-Verse, en 2023.<\/p>\n<p>Le Spider Verse s&rsquo;agrandit. D&rsquo;apr\u00e8s le m\u00e9dia am\u00e9ricain <a href=\"https:\/\/variety.com\/2025\/film\/news\/spider-verse-spinoff-spider-punk-daniel-kaluuya-1236478758\/\" target=\"_blank\" class=\"external_link\" rel=\"nofollow noopener\">Variety<\/a>, Sony a annonc\u00e9 qu&rsquo;un film d&rsquo;animation d\u00e9riv\u00e9 de Spider-Man: Across the Spider-Verse, sorti en 2023, \u00e9tait en d\u00e9veloppement.<\/p>\n<p>Si son intrigue n&rsquo;a pas encore \u00e9t\u00e9 d\u00e9voil\u00e9e, ce long-m\u00e9trage, baptis\u00e9 Spider-Punk, sera centr\u00e9 sur l&rsquo;histoire de ce personnage \u00e9ponyme connu aussi sous le nom de Hobie Brown et version punk-rock de Spider-Man.<\/p>\n<p>Ce projet est port\u00e9 par l&rsquo;acteur <a href=\"https:\/\/www.bfmtv.com\/people\/cinema\/oscars-2021-daniel-kaluuya-meilleur-acteur-dans-un-second-role-pour-judas-and-the-black-messiah_AD-202104260004.html\" title=\"Oscars 2021: Daniel Kaluuya, meilleur acteur dans un second r\u00f4le pour &quot;Judas and the Black Messiah&quot;\" class=\"internal_link\" rel=\"nofollow noopener\" target=\"_blank\">Daniel Kaluuya<\/a> &#8211; qui pr\u00eatait sa voix \u00e0 Spider-Punk dans Spider-Man: Across the Spider-Verse &#8211; ainsi que par Ajon Singh, tous deux en charge d&rsquo;\u00e9crire le sc\u00e9nario de ce film.<\/p>\n<p>Introduit dans l&rsquo;univers Spider-Man en 2015<\/p>\n<p>Cr\u00e9\u00e9 par l&rsquo;\u00e9crivain Dan Slott et l&rsquo;artiste Olivier Coipel, le personnage de Spider-Punk a \u00e9t\u00e9 introduit pour la premi\u00e8re fois dans l&rsquo;univers Spider-Man dans le comics The Amazing Spider-Man #10, sorti en janvier 2015.<\/p>\n<p>Au cin\u00e9ma, Spider-Punk est apparu dans le second volet des films d&rsquo;animation Spider-Man &#8211; <a href=\"https:\/\/www.bfmtv.com\/people\/cinema\/spider-man-across-the-spider-verse-des-spectateurs-decouvrent-qu-il-existe-plusieurs-versions-du-film_AN-202306230564.html\" title=\"&quot;Spider-Man: Across The Spider-Verse&quot;: des spectateurs d\u00e9couvrent qu&#039;il existe plusieurs versions du film\" class=\"internal_link\" rel=\"nofollow noopener\" target=\"_blank\">Spider-Man: Across the Spider-Verse<\/a> &#8211; lorsque le personnage principal, Miles Morales, se retrouve \u00e0 voyager entre les dimensions et \u00e0 cotoyer diff\u00e9rentes versions de lui-m\u00eame.<\/p>\n<p>Spider-Punk devrait \u00e9galement faire son retour dans le troisi\u00e8me volet de la franchise, Spider-Man: Beyond the Spider-Verse, attendue en salles en 2027.<\/p>\n","protected":false},"excerpt":{"rendered":"Ce long-m\u00e9trage anim\u00e9 sera centr\u00e9 sur le personnage de Spider-Punk, alter \u00e9go punk-rock de Spider-Man, introduit au cin\u00e9ma&hellip;\n","protected":false},"author":2,"featured_media":304267,"comment_status":"","ping_status":"","sticky":false,"template":"","format":"standard","meta":{"footnotes":""},"categories":[1354],"tags":[58,59,1346,1011,27,1360],"class_list":{"0":"post-304266","1":"post","2":"type-post","3":"status-publish","4":"format-standard","5":"has-post-thumbnail","7":"category-films","8":"tag-divertissement","9":"tag-entertainment","10":"tag-films","11":"tag-fr","12":"tag-france","13":"tag-movies"},"share_on_mastodon":{"url":"https:\/\/pubeurope.com\/@fr\/114991245790176833","error":""},"_links":{"self":[{"href":"https:\/\/www.europesays.com\/fr\/wp-json\/wp\/v2\/posts\/304266","targetHints":{"allow":["GET"]}}],"collection":[{"href":"https:\/\/www.europesays.com\/fr\/wp-json\/wp\/v2\/posts"}],"about":[{"href":"https:\/\/www.europesays.com\/fr\/wp-json\/wp\/v2\/types\/post"}],"author":[{"embeddable":true,"href":"https:\/\/www.europesays.com\/fr\/wp-json\/wp\/v2\/users\/2"}],"replies":[{"embeddable":true,"href":"https:\/\/www.europesays.com\/fr\/wp-json\/wp\/v2\/comments?post=304266"}],"version-history":[{"count":0,"href":"https:\/\/www.europesays.com\/fr\/wp-json\/wp\/v2\/posts\/304266\/revisions"}],"wp:featuredmedia":[{"embeddable":true,"href":"https:\/\/www.europesays.com\/fr\/wp-json\/wp\/v2\/media\/304267"}],"wp:attachment":[{"href":"https:\/\/www.europesays.com\/fr\/wp-json\/wp\/v2\/media?parent=304266"}],"wp:term":[{"taxonomy":"category","embeddable":true,"href":"https:\/\/www.europesays.com\/fr\/wp-json\/wp\/v2\/categories?post=304266"},{"taxonomy":"post_tag","embeddable":true,"href":"https:\/\/www.europesays.com\/fr\/wp-json\/wp\/v2\/tags?post=304266"}],"curies":[{"name":"wp","href":"https:\/\/api.w.org\/{rel}","templated":true}]}}