{"id":304268,"date":"2025-08-08T04:25:18","date_gmt":"2025-08-08T04:25:18","guid":{"rendered":"https:\/\/www.europesays.com\/fr\/304268\/"},"modified":"2025-08-08T04:25:18","modified_gmt":"2025-08-08T04:25:18","slug":"un-premier-cas-de-dengue-autochtone-detecte-dans-ce-secteur-du-lot-des-investigations-sont-en-cours","status":"publish","type":"post","link":"https:\/\/www.europesays.com\/fr\/304268\/","title":{"rendered":"Un premier cas de dengue autochtone d\u00e9tect\u00e9 dans ce secteur du Lot, des investigations sont en cours"},"content":{"rendered":"<p>            Par<br \/>\n        <strong><br \/>\n            <a href=\"https:\/\/actu.fr\/auteur\/redaction-viequercynoise\" title=\"Consulter tous les articles de R\u00e9daction Cahors\" rel=\"nofollow noopener\" target=\"_blank\">R\u00e9daction Cahors<\/a><br \/>\n        <\/strong><\/p>\n<p>        Publi\u00e9 le<\/p>\n<p>            7 ao\u00fbt 2025 \u00e0 9h57        <\/p>\n<p>Un cas de transmission du <b>virus de la dengue<\/b> chez une personne n\u2019ayant pas voyag\u00e9 r\u00e9cemment en\u00a0zone tropicale a \u00e9t\u00e9 signal\u00e9 dans le <a href=\"https:\/\/actu.fr\/lot\/\" rel=\"nofollow noopener\" target=\"_blank\"><b>Lot<\/b><\/a>. Il s\u2019agit du <b>premier cas autochtone de dengue<\/b> d\u00e9tect\u00e9 dans le d\u00e9partement. L\u2019\u00e9tat de sant\u00e9 de la personne malade n\u2019inspire pas d\u2019inqui\u00e9tude.<\/p>\n<p class=\" wall-content\">Pour \u00e9viter la propagation du virus localement, des actions pr\u00e9ventives sont d\u00e9ploy\u00e9es sur les lieux fr\u00e9quent\u00e9s par la personne malade sur la commune de <b>Lalbenque<\/b>, explique l\u2019<b>ARS Occitanie<\/b> (Agence R\u00e9gionale de Sant\u00e9), qui rappelle les bons gestes pour \u00e9liminer les larves de <a href=\"https:\/\/actu.fr\/societe\/moustique-tigre-le-lot-en-etat-d-alerte_59376906.html#:~:text=Mardi%2025%20avril%202023%2C%20l,&#039;Occitanie%2C%20dont%20le%20Lot.\" rel=\"nofollow noopener\" target=\"_blank\"><b>moustique-tigre<\/b><\/a>.<\/p>\n<p>Premier cas de dengue autochtone d\u00e9tect\u00e9 dans le Lot<\/p>\n<p class=\" wall-content\">La dengue, aussi appel\u00e9e <b>\u00ab grippe tropicale \u00bb<\/b>, est une maladie infectieuse caus\u00e9e par un virus transmis \u00e0\u00a0l\u2019humain par la piq\u00fbre d\u2019un moustique tigre (Aedes albopictus) infect\u00e9. Les sympt\u00f4mes sont le plus\u00a0souvent de type grippal (fi\u00e8vre, maux de t\u00eate, courbatures).<\/p>\n<p class=\" wall-content\">On parle de cas autochtone lorsqu\u2019une personne contracte la maladie sans avoir s\u00e9journ\u00e9 dans une zone\u00a0o\u00f9 circule activement le virus dans les deux semaines pr\u00e9c\u00e9dant le d\u00e9but des sympt\u00f4mes.<\/p>\n<p class=\" wall-content\">Selon <b>Sant\u00e9 Publique France<\/b>, depuis le 1er\u00a0mai 2025, ont \u00e9t\u00e9 d\u00e9tect\u00e9s en Occitanie : 73 cas de dengue import\u00e9s, 90 cas de chikungunya import\u00e9s, 1 cas de\u00a0zika import\u00e9 et 17 cas autochtones de chikungunya ont \u00e9t\u00e9 confirm\u00e9s.<\/p>\n<p>Vid\u00e9os : en ce moment sur ActuDes investigations en cours \u00e0 Lalbenque<\/p>\n<p class=\" wall-content\">Afin d\u2019\u00e9viter une propagation du virus au niveau local, des mesures pr\u00e9ventives imm\u00e9diates ont \u00e9t\u00e9 d\u00e9ploy\u00e9es autour des zones potentielles de transmission sur la commune de Lalbenque (<b>secteur de Marcenac<\/b>). Les investigations se poursuivent actuellement pour s\u2019assurer de l\u2019absence d\u2019autres cas. D\u2019autres lieux de transmission potentiels\u00a0pourraient faire l\u2019objet d\u2019actions de pr\u00e9vention en\u00a0fonction de l\u2019\u00e9volution de l\u2019enqu\u00eate en cours.<\/p>\n<p class=\" wall-content\">Ces actions sont coordonn\u00e9es par les services de l\u2019\u00c9tat, l\u2019ARS Occitanie, Sant\u00e9 publique France et Altopictus, l\u2019op\u00e9rateur de d\u00e9moustication de l\u2019ARS, en lien avec\u00a0les professionnels de sant\u00e9 du territoire.<\/p>\n<p class=\" wall-content\">Elles comprennent notamment :<\/p>\n<p class=\" wall-content\">\u2013 <b>Des enqu\u00eates entomologiques <\/b>pour v\u00e9rifier la pr\u00e9sence de moustiques tigre autour des lieux de passage<\/p>\n<p class=\" wall-content\">de la personne malade.<\/p>\n<p class=\" wall-content\">\u2013 <b>Des op\u00e9rations de d\u00e9moustication cibl\u00e9es<\/b>, visant \u00e0 \u00e9liminer les g\u00eetes larvaires et les moustiques adultes<\/p>\n<p class=\" wall-content\">dans les secteurs concern\u00e9s. Les riverains sont inform\u00e9s en amont de ces interventions. Une sensibilisation renforc\u00e9e de la population autour des zones concern\u00e9es, men\u00e9e conjointement\u00a0par Sant\u00e9 publique France et l\u2019ARS Occitanie,<\/p>\n<p class=\" wall-content\">\u2013 Une sensibilisation des professionnels de sant\u00e9 locaux pour renforcer le signalement de tout nouveau<\/p>\n<p class=\" wall-content\">cas suspect.<\/p>\n<p>Les bons r\u00e9flexes pour \u00e9liminer les larves de moustique-tigre<\/p>\n<p class=\" wall-content\">L\u2019ARS Occitanie rappelle les bons gestes \u00e0 avoir pour lutter contre le moustique-tigre, vecteur potentiel de maladies. Et appelle \u00e0 la mobilisation de tous et l\u2019adoption des bons r\u00e9flexes pour \u00e9liminer les larves de moustiques :<\/p>\n<p class=\" wall-content\">\u2013 <b>\u00c9liminer les endroits o\u00f9 l\u2019eau peut stagner<\/b><\/p>\n<p class=\" wall-content\">\u2013 Changer l\u2019eau des plantes et des fleurs au moins une fois par semaine ou, si possible, supprimer ou remplir de sable les soucoupes des pots de fleurs<\/p>\n<p class=\" wall-content\">\u2013 V\u00e9rifier le bon \u00e9coulement des eaux et nettoyer r\u00e9guli\u00e8rement : goutti\u00e8res, regards, caniveaux<\/p>\n<p class=\" wall-content\">\u2013 <b>Couvrir les r\u00e9servoirs d\u2019eau (bidons d\u2019eau, citernes, bassins)<\/b> avec un voile moustiquaire ou un simple tissu, couvrir les petites piscines hors d\u2019usage<\/p>\n<p class=\" wall-content\">\u2013<b> \u00c9liminer les lieux de repos des moustiques adultes<\/b> : d\u00e9broussailler et tailler les herbes hautes et les haies, ramasser les fruits tomb\u00e9s et les d\u00e9bris v\u00e9g\u00e9taux, r\u00e9duire les sources d\u2019humidit\u00e9\u2026<\/p>\n<p class=\" wall-content\">Suivez toute l\u2019actualit\u00e9 de vos villes et m\u00e9dias favoris en vous inscrivant \u00e0 <a href=\"https:\/\/moncompte.actu.fr\" title=\"D\u00e9couvez Mon Actu\" rel=\"nofollow noopener\" data-trk=\"{&quot;cta&quot;:{&quot;action&quot;:&quot;https:\\\/\\\/moncompte.actu.fr&quot;,&quot;category&quot;:&quot;mon compte&quot;,&quot;from&quot;:&quot;article footer&quot;,&quot;name&quot;:&quot;Mon actu&quot;,&quot;type&quot;:&quot;cta&quot;}}\" target=\"_blank\">Mon Actu<\/a>.<\/p>\n","protected":false},"excerpt":{"rendered":"Par R\u00e9daction Cahors Publi\u00e9 le 7 ao\u00fbt 2025 \u00e0 9h57 Un cas de transmission du virus de la&hellip;\n","protected":false},"author":2,"featured_media":304269,"comment_status":"","ping_status":"","sticky":false,"template":"","format":"standard","meta":{"footnotes":""},"categories":[10],"tags":[1011,27,72,71,104],"class_list":{"0":"post-304268","1":"post","2":"type-post","3":"status-publish","4":"format-standard","5":"has-post-thumbnail","7":"category-sante","8":"tag-fr","9":"tag-france","10":"tag-health","11":"tag-sante","12":"tag-societe"},"share_on_mastodon":{"url":"https:\/\/pubeurope.com\/@fr\/114991249705681938","error":""},"_links":{"self":[{"href":"https:\/\/www.europesays.com\/fr\/wp-json\/wp\/v2\/posts\/304268","targetHints":{"allow":["GET"]}}],"collection":[{"href":"https:\/\/www.europesays.com\/fr\/wp-json\/wp\/v2\/posts"}],"about":[{"href":"https:\/\/www.europesays.com\/fr\/wp-json\/wp\/v2\/types\/post"}],"author":[{"embeddable":true,"href":"https:\/\/www.europesays.com\/fr\/wp-json\/wp\/v2\/users\/2"}],"replies":[{"embeddable":true,"href":"https:\/\/www.europesays.com\/fr\/wp-json\/wp\/v2\/comments?post=304268"}],"version-history":[{"count":0,"href":"https:\/\/www.europesays.com\/fr\/wp-json\/wp\/v2\/posts\/304268\/revisions"}],"wp:featuredmedia":[{"embeddable":true,"href":"https:\/\/www.europesays.com\/fr\/wp-json\/wp\/v2\/media\/304269"}],"wp:attachment":[{"href":"https:\/\/www.europesays.com\/fr\/wp-json\/wp\/v2\/media?parent=304268"}],"wp:term":[{"taxonomy":"category","embeddable":true,"href":"https:\/\/www.europesays.com\/fr\/wp-json\/wp\/v2\/categories?post=304268"},{"taxonomy":"post_tag","embeddable":true,"href":"https:\/\/www.europesays.com\/fr\/wp-json\/wp\/v2\/tags?post=304268"}],"curies":[{"name":"wp","href":"https:\/\/api.w.org\/{rel}","templated":true}]}}