{"id":304272,"date":"2025-08-08T04:27:26","date_gmt":"2025-08-08T04:27:26","guid":{"rendered":"https:\/\/www.europesays.com\/fr\/304272\/"},"modified":"2025-08-08T04:27:26","modified_gmt":"2025-08-08T04:27:26","slug":"il-va-y-avoir-un-avant-et-un-apres-benjamin-baroche-teyssier-reagit-a-la-fin-de-lintrigue-de-la-coupe-de-france-de-cuisine","status":"publish","type":"post","link":"https:\/\/www.europesays.com\/fr\/304272\/","title":{"rendered":"\u00ab\u00a0Il va y avoir un avant et un apr\u00e8s&#8230;\u00a0\u00bb Benjamin Baroche (Teyssier) r\u00e9agit \u00e0 la fin de l&rsquo;intrigue de la coupe de France de cuisine"},"content":{"rendered":"<p>Benjamin Baroche, l&rsquo;interpr\u00e8te d&rsquo;Emmanuel Teyssier, le cynique et exigeant directeur de l&rsquo;Institut Auguste Armand, r\u00e9agit \u00e0 la fin de l\u2019intrigue d\u00e9localis\u00e9e dans les pays de Savoie d\u2019Ici tout commence&#8230; Et ce dernier assure que rien ne sera plus jamais comme avant !<\/p>\n<p>Suite et fin de<a href=\"https:\/\/www.programme-tv.net\/news\/series-tv\/383728-ici-tout-commence-ou-a-ete-tourne-le-concours-de-la-meilleure-ecole-de-france-la-reponse\/\" data-api-deeplink=\"teleloisirs:\/\/news\/383728\" target=\"_blank\" rel=\"noopener\"> l&rsquo;intrigue d\u00e9localis\u00e9e en Savoie<\/a>. Pr\u00e8s de deux semaines apr\u00e8s le coup d\u2019envoi de l\u2019intrigue consacr\u00e9e \u00e0 la Coupe de France de cuisine, l\u2019heure du d\u00e9nouement approche \u00e0 grands pas ! Cette nouvelle arche narrative a r\u00e9serv\u00e9 son lot de surprises, notamment pour L\u00e9onard (Thomas Vilan) qui a \u00e9t\u00e9 pi\u00e9g\u00e9, qui est tomb\u00e9 sous<a href=\"https:\/\/www.programme-tv.net\/news\/series-tv\/382672-ici-tout-commence-il-a-envie-de-leonard-et-ismael-bientot-en-couple-thomas-vilan-repond\/\" data-api-deeplink=\"teleloisirs:\/\/news\/382672\" target=\"_blank\" rel=\"noopener\"> le charme d\u2019Isma\u00ebl<\/a> (Morgan Jallu) et qui a aussi d\u00e9couvert qu\u2019\u00c9tienne (<a href=\"https:\/\/www.programme-tv.net\/biographie\/114-sitruk-olivier\/\" data-link-people=\"1fe2f612-5e71-4ec2-afc4-36b5fdadedf2\" target=\"_blank\" rel=\"noopener\">Olivier Sitruk<\/a>) et Ferdinand<a href=\"https:\/\/www.programme-tv.net\/news\/series-tv\/384758-ici-tout-commence-simon-dartois-ferdinand-castelmont-quitte-la-serie-ce-soir-le-reverra-t-on-l-acteur-se-confie\/\" data-api-deeplink=\"teleloisirs:\/\/news\/384758\" target=\"_blank\" rel=\"noopener\"> (Simon Dartois qui a envie de revenir dans Ici tout commence\u2026)<\/a> \u00e9taient en r\u00e9alit\u00e9 des membres de sa famille biologique. Et depuis quelques jours, c&rsquo;est Teyssier (Benjamin Baroche), l&#8217;embl\u00e9matique directeur de l&rsquo;Institut Auguste Armand qui est mis sous pression par rapport \u00e0 la grande finale du concours&#8230; Mais comment cette histoire va-t-elle finir ? La r\u00e9ponse !<\/p>\n<p>                        Ici tout commence : L&rsquo;Institut Auguste Armand va-t-il perdre la coupe de France de Cuisine ? La r\u00e9ponse !<\/p>\n<p>Dans le 1236\u1d49 \u00e9pisode de la s\u00e9rie <b>Ici tout commence<\/b>, diffus\u00e9 ce jeudi 7 ao\u00fbt 2025 (disponible sur TF1+), l&rsquo;Institut Auguste Armand affronte en finale de la coupe de France de cuisine l&rsquo;\u00e9cole Castelmont.  Le chef Delobel (Joseph Malerba) explique le d\u00e9roul\u00e9 de l&rsquo;ultime \u00e9preuve aux deux \u00e9quipes finalistes : \u00ab\u00a0Vous vous affronterez sur une recette bien connue d&rsquo;Auguste Armand (<a href=\"https:\/\/www.programme-tv.net\/biographie\/2167-huster-francis\/\" data-link-people=\"9ba7394f-4216-4cf8-b5ea-bc60a3f47120\" target=\"_blank\" rel=\"noopener\">Francis Huster<\/a>) : la parillada, bisque de homard et vinaigrette de fenouil.\u00a0\u00bb Emmanuel Teyssier (Benjamin Baroche) est tr\u00e8s stress\u00e9 !  Pourtant, l&rsquo;\u00e9quipe de Clotilde (<a href=\"https:\/\/www.programme-tv.net\/biographie\/11585-lunghini-elsa\/\" data-link-people=\"e83ee0e7-5ded-4830-9d2a-c2ccbcc88128\" target=\"_blank\" rel=\"noopener\">Elsa Lunghini<\/a>) se d\u00e9brouille et parvient \u00e0 rendre une belle assiette. Malheureusement, un drame survient : le dressage de l&rsquo;institut s&rsquo;\u00e9croule sans la moindre explication.  Une terrible erreur pour la brigade compos\u00e9e par Carla (Aaricia Lemaire), L\u00e9onard (Thomas Vilan) et Solal (Benjamin Douba Paris) qui perd d\u00e9finitivement titre de Meilleure \u00e9cole de cuisine de France&#8230; D\u00e9vast\u00e9, le directeur de la prestigieuse \u00e9cole de cuisine, s&rsquo;isole et s&rsquo;effondre aupr\u00e8s de son \u00e9pouse : \u00ab\u00a0Je ne sais pas si je peux rester directeur dans ces conditions&#8230;\u00a0\u00bb <\/p>\n<p>            Ici tout commence : \u00ab\u00a0Cette arche va faire bouger les personnages&#8230;\u00a0\u00bb Benjamin Baroche (Teyssier) d\u00e9voile ce qu&rsquo;il pense de cette intrigue !<\/p>\n<p>Interrog\u00e9 par <b>T\u00e9l\u00e9 Loisirs<\/b> \u00e0 l\u2019occasion de cette grande intrigue d\u00e9localis\u00e9e en Savoie, Benjamin Baroche, que l\u2019on retrouvera dans <a href=\"https:\/\/www.programme-tv.net\/news\/series-tv\/384472-rien-ne-t-efface-on-sait-quand-sort-la-serie-avec-gwendoline-hamon-sur-tf1\/\" data-api-deeplink=\"teleloisirs:\/\/news\/384472\" target=\"_blank\" rel=\"noopener\">Rien ne t\u2019efface<\/a> et <a href=\"https:\/\/www.programme-tv.net\/news\/series-tv\/369357-exclu-apres-benjamin-baroche-claire-romain-et-mikael-mittelstadt-une-autre-actrice-d-ici-tout-commence-rejoint-le-casting-de-montmartre-la-nouvelle-serie-evenement-de-tf1\/\" data-api-deeplink=\"teleloisirs:\/\/news\/369357\" target=\"_blank\" rel=\"noopener\">Montmartre<\/a>, s\u2019est exprim\u00e9 sur la fin de la coupe de France de cuisine : \u00ab\u00a0Je suis content. Je pense qu&rsquo;il va y avoir un avant et un apr\u00e8s&#8230; Cette arche est vraiment chouette. Elle va faire beaucoup bouger les personnages d&rsquo;Ici tout commence !\u00a0\u00bb De quoi mettre l\u2019eau \u00e0 la bouche des t\u00e9l\u00e9spectateurs du programme phare de la premi\u00e8re cha\u00eene&#8230;<\/p>\n","protected":false},"excerpt":{"rendered":"Benjamin Baroche, l&rsquo;interpr\u00e8te d&rsquo;Emmanuel Teyssier, le cynique et exigeant directeur de l&rsquo;Institut Auguste Armand, r\u00e9agit \u00e0 la fin&hellip;\n","protected":false},"author":2,"featured_media":304273,"comment_status":"","ping_status":"","sticky":false,"template":"","format":"standard","meta":{"footnotes":""},"categories":[8],"tags":[1727,244,58,59,1011,27,620,2173,199],"class_list":{"0":"post-304272","1":"post","2":"type-post","3":"status-publish","4":"format-standard","5":"has-post-thumbnail","7":"category-divertissement","8":"tag-benjamin-baroche","9":"tag-commentaire","10":"tag-divertissement","11":"tag-entertainment","12":"tag-fr","13":"tag-france","14":"tag-ici-tout-commence","15":"tag-interview","16":"tag-tf1"},"share_on_mastodon":{"url":"https:\/\/pubeurope.com\/@fr\/114991257675462751","error":""},"_links":{"self":[{"href":"https:\/\/www.europesays.com\/fr\/wp-json\/wp\/v2\/posts\/304272","targetHints":{"allow":["GET"]}}],"collection":[{"href":"https:\/\/www.europesays.com\/fr\/wp-json\/wp\/v2\/posts"}],"about":[{"href":"https:\/\/www.europesays.com\/fr\/wp-json\/wp\/v2\/types\/post"}],"author":[{"embeddable":true,"href":"https:\/\/www.europesays.com\/fr\/wp-json\/wp\/v2\/users\/2"}],"replies":[{"embeddable":true,"href":"https:\/\/www.europesays.com\/fr\/wp-json\/wp\/v2\/comments?post=304272"}],"version-history":[{"count":0,"href":"https:\/\/www.europesays.com\/fr\/wp-json\/wp\/v2\/posts\/304272\/revisions"}],"wp:featuredmedia":[{"embeddable":true,"href":"https:\/\/www.europesays.com\/fr\/wp-json\/wp\/v2\/media\/304273"}],"wp:attachment":[{"href":"https:\/\/www.europesays.com\/fr\/wp-json\/wp\/v2\/media?parent=304272"}],"wp:term":[{"taxonomy":"category","embeddable":true,"href":"https:\/\/www.europesays.com\/fr\/wp-json\/wp\/v2\/categories?post=304272"},{"taxonomy":"post_tag","embeddable":true,"href":"https:\/\/www.europesays.com\/fr\/wp-json\/wp\/v2\/tags?post=304272"}],"curies":[{"name":"wp","href":"https:\/\/api.w.org\/{rel}","templated":true}]}}